{"id":969,"date":"2025-03-24T18:20:34","date_gmt":"2025-03-24T15:20:34","guid":{"rendered":"https:\/\/derstakip.app\/blog\/2025-yks-calisma-programi-dunya-gucu-osmanli-devleti-1453-1600-ile-basariya-ulasin\/"},"modified":"2025-03-24T18:20:34","modified_gmt":"2025-03-24T15:20:34","slug":"2025-yks-calisma-programi-dunya-gucu-osmanli-devleti-1453-1600-ile-basariya-ulasin","status":"publish","type":"post","link":"https:\/\/derstakip.app\/blog\/2025-yks-calisma-programi-dunya-gucu-osmanli-devleti-1453-1600-ile-basariya-ulasin\/","title":{"rendered":"2025 YKS \u00c7al\u0131\u015fma Program\u0131: D\u00fcnya G\u00fcc\u00fc Osmanl\u0131 Devleti (1453-1600) ile Ba\u015far\u0131ya Ula\u015f\u0131n"},"content":{"rendered":"<p>2025 YKS \u00c7al\u0131\u015fma Program\u0131\u2019na g\u00f6re, Tarih-2 dersinin en \u00f6nemli konular\u0131ndan biri olan D\u00fcnya G\u00fcc\u00fc: Osmanl\u0131 Devleti (1453-1600) hakk\u0131nda \u00e7al\u0131\u015fmak, AYT s\u0131nav\u0131nda ba\u015far\u0131l\u0131 olman\u0131n anahtarlar\u0131ndan biridir. 2025 AYT \u00c7al\u0131\u015fma Program\u0131 ile bu konuyu daha etkili bir \u015fekilde nas\u0131l \u00f6\u011frenebilece\u011finizi ke\u015ffedece\u011fiz.<\/p>\n<h2>Osmanl\u0131 Devleti&#8217;nin Tarihsel S\u00fcreci<\/h2>\n<p>Osmanl\u0131 Devleti, 1453&#8217;te \u0130stanbul&#8217;un fethi ile d\u00fcnya siyasi haritas\u0131nda \u00f6nemli bir g\u00fc\u00e7 haline geldi. Bu d\u00f6nem, farkl\u0131 k\u00fclt\u00fcrlerin bir arada ya\u015fad\u0131\u011f\u0131, bilim ve sanat\u0131n y\u00fckseldi\u011fi bir \u00e7a\u011fd\u0131r. \u2728 Geni\u015fleyen topraklar\u0131yla, Osmanl\u0131 \u0130mparatorlu\u011fu, bat\u0131da Viyana kap\u0131lar\u0131na kadar ula\u015f\u0131rken, do\u011fuda ise Persler ve Araplarla \u00e7e\u015fitli m\u00fccadeleler i\u00e7erisine girmi\u015ftir.<\/p>\n<h3>\u00c7al\u0131\u015fma Stratejileri<\/h3>\n<p>Bu konuyu etkili bir \u015fekilde \u00f6\u011frenmek i\u00e7in birka\u00e7 strateji uygulamak sana b\u00fcy\u00fck avantaj sa\u011flayacakt\u0131r. \u00d6ncelikle, Osmanl\u0131&#8217;n\u0131n y\u00fckseli\u015f d\u00f6nemini ve \u00f6nemli padi\u015fahlar\u0131n\u0131 \u00f6\u011frenmekle ba\u015flayabilirsin. <strong>Fatih Sultan Mehmet<\/strong> ve <strong>Kanuni Sultan S\u00fcleyman<\/strong> gibi fig\u00fcrlerin hayat hikayeleriyle, onlar\u0131n yapt\u0131klar\u0131 reformlar\u0131 ve sava\u015flar\u0131 incelemek \u00f6nemlidir. \ud83d\udd0d<\/p>\n<h4>G\u00f6rsel ve \u0130\u015fitsel Materyaller Kullan<\/h4>\n<p>Osmanl\u0131 tarihi ile ilgili belgeseller ve animasyonlar izlemen, bilgileri daha g\u00f6rsel bir \u015fekilde anlamana yard\u0131mc\u0131 olacakt\u0131r. Hayal g\u00fcc\u00fcn\u00fc harekete ge\u00e7iren bu i\u00e7erikler, daha iyi odaklanman\u0131 sa\u011flayabilir. Zihin haritalar\u0131 ve infografikler ile bilginin g\u00f6rsel hale getirilmesi de ak\u0131lda kal\u0131c\u0131 olacakt\u0131r. \ud83d\udcda<\/p>\n<h3>Not Alma ve Tekrar Y\u00f6ntemleri<\/h3>\n<p>\u00c7al\u0131\u015fma seanslar\u0131nda \u00f6nemli noktalar\u0131 not almay\u0131 unutma. Notlar\u0131na, Osmanl\u0131 Devleti&#8217;nin siyasi, ekonomik ve sosyal yap\u0131s\u0131n\u0131 da dahil etmelisin. Daha sonra bu notlar\u0131 d\u00fczenli bir \u015fekilde g\u00f6zden ge\u00e7irerek bilgini peki\u015ftirebilirsin. D\u00fczenli tekrar yapman\u0131n, \u00f6\u011frenmeyi kal\u0131c\u0131 hale getirece\u011fini unutma. \u00d6nemli tarihleri ve olaylar\u0131 belirtti\u011fin renkli notlar haz\u0131rlamak da faydal\u0131! \ud83c\udfa8<\/p>\n<h4>Deneme S\u0131navlar\u0131 ve Testler<\/h4>\n<p>Kendini test etmek i\u00e7in konu ile ilgili deneme s\u0131navlar\u0131 \u00e7\u00f6zmek, 2025 AYT \u00c7al\u0131\u015fma Program\u0131 dahilinde b\u00fcy\u00fck bir yer tutuyor. Ge\u00e7mi\u015f y\u0131llar\u0131n sorular\u0131n\u0131 incelemek ve analiz etmek, s\u0131navdaki yakla\u015f\u0131m\u0131n\u0131 geli\u015ftirebillir. Sorular\u0131 neden yanl\u0131\u015f yapt\u0131\u011f\u0131n\u0131 analiz etmek ise \u00e7ok \u00f6nemli. Bu \u015fekilde eksik oldu\u011fun konular\u0131 belirleyebilirsin. \ud83d\udcdd<\/p>\n<h3>Grupla \u00c7al\u0131\u015fma<\/h3>\n<p>Arkada\u015flar\u0131nla birlikte d\u00fczenli \u00e7al\u0131\u015fma seanslar\u0131 planlamak, konular\u0131 daha e\u011flenceli hale getirecektir. Farkl\u0131 bak\u0131\u015f a\u00e7\u0131lar\u0131 ile \u00f6\u011frenim s\u00fcrecini zenginle\u015ftirebilir, tart\u0131\u015fmalar yaparak bilgileri peki\u015ftirebilirisiniz. Bazen en iyi kavramalar, bir ba\u015fkas\u0131 ile yap\u0131lan diyaloglardan \u00e7\u0131kar. \ud83d\ude0a<\/p>\n<h2>Osmanl\u0131 Devleti\u2019nin Miras\u0131<\/h2>\n<p>Son olarak, Osmanl\u0131 Devleti&#8217;nin k\u00fclt\u00fcrel miras\u0131n\u0131 incelemek, konunun daha derin bir anlay\u0131\u015fla kavranmas\u0131na yard\u0131mc\u0131 olur. Mimarl\u0131k, edebiyat ve sanat alanlar\u0131ndaki eserler, bu d\u00f6nemin zenginli\u011fini g\u00f6zler \u00f6n\u00fcne serer. Bu ba\u011flamda, \u0130stanbul\u2019daki camiler ve saraylar ile ilgili bilgileri inceleyebilirsin. Bu bilgiler, senin genel k\u00fclt\u00fcr\u00fcn\u00fc de art\u0131racak. \ud83d\udd4c<\/p>\n<p>Sonu\u00e7 olarak, 2025 YKS \u00c7al\u0131\u015fma Program\u0131 \u00e7er\u00e7evesinde, D\u00fcnya G\u00fcc\u00fc: Osmanl\u0131 Devleti (1453-1600) konusunu etkili bir \u015fekilde \u00e7al\u0131\u015fmak i\u00e7in bu stratejileri uygulamak seni ba\u015far\u0131ya yakla\u015ft\u0131racakt\u0131r. Kendine uygun bir \u00e7al\u0131\u015fma program\u0131 geli\u015ftirerek, s\u0131navda en iyi sonucu almak i\u00e7in haz\u0131rl\u0131klar\u0131n\u0131 yapmay\u0131 sak\u0131n unutma! Ba\u015far\u0131lar\u0131n\u0131n devam\u0131n\u0131 dileriz! \ud83d\ude80<\/p>\n","protected":false},"excerpt":{"rendered":"<p>2025 YKS \u00c7al\u0131\u015fma Program\u0131\u2019na g\u00f6re, Tarih-2 dersinin en \u00f6nemli konular\u0131ndan biri olan D\u00fcnya G\u00fcc\u00fc: Osmanl\u0131 Devleti (1453-1600) hakk\u0131nda \u00e7al\u0131\u015fmak, AYT s\u0131nav\u0131nda ba\u015far\u0131l\u0131 olman\u0131n anahtarlar\u0131ndan biridir. 2025 AYT \u00c7al\u0131\u015fma Program\u0131 ile bu konuyu daha etkili bir \u015fekilde nas\u0131l \u00f6\u011frenebilece\u011finizi ke\u015ffedece\u011fiz. Osmanl\u0131 Devleti&#8217;nin Tarihsel S\u00fcreci Osmanl\u0131 Devleti, 1453&#8217;te \u0130stanbul&#8217;un fethi ile d\u00fcnya siyasi haritas\u0131nda \u00f6nemli bir g\u00fc\u00e7&#8230;<\/p>\n","protected":false},"author":1,"featured_media":968,"comment_status":"open","ping_status":"open","sticky":false,"template":"","format":"standard","meta":{"footnotes":""},"categories":[58,55],"tags":[],"class_list":["post-969","post","type-post","status-publish","format-standard","has-post-thumbnail","hentry","category-tyt-fizik-calisma-programi","category-tyt-calisma-programi"],"_links":{"self":[{"href":"https:\/\/derstakip.app\/blog\/wp-json\/wp\/v2\/posts\/969","targetHints":{"allow":["GET"]}}],"collection":[{"href":"https:\/\/derstakip.app\/blog\/wp-json\/wp\/v2\/posts"}],"about":[{"href":"https:\/\/derstakip.app\/blog\/wp-json\/wp\/v2\/types\/post"}],"author":[{"embeddable":true,"href":"https:\/\/derstakip.app\/blog\/wp-json\/wp\/v2\/users\/1"}],"replies":[{"embeddable":true,"href":"https:\/\/derstakip.app\/blog\/wp-json\/wp\/v2\/comments?post=969"}],"version-history":[{"count":0,"href":"https:\/\/derstakip.app\/blog\/wp-json\/wp\/v2\/posts\/969\/revisions"}],"wp:featuredmedia":[{"embeddable":true,"href":"https:\/\/derstakip.app\/blog\/wp-json\/wp\/v2\/media\/968"}],"wp:attachment":[{"href":"https:\/\/derstakip.app\/blog\/wp-json\/wp\/v2\/media?parent=969"}],"wp:term":[{"taxonomy":"category","embeddable":true,"href":"https:\/\/derstakip.app\/blog\/wp-json\/wp\/v2\/categories?post=969"},{"taxonomy":"post_tag","embeddable":true,"href":"https:\/\/derstakip.app\/blog\/wp-json\/wp\/v2\/tags?post=969"}],"curies":[{"name":"wp","href":"https:\/\/api.w.org\/{rel}","templated":true}]}}