{"id":959,"date":"2025-03-23T14:49:53","date_gmt":"2025-03-23T11:49:53","guid":{"rendered":"https:\/\/derstakip.app\/blog\/tus-cevap-anahtari-23-mart-2025-tus-soru-kitapcigi-ve-cevaplari-nerede\/"},"modified":"2025-03-23T14:49:53","modified_gmt":"2025-03-23T11:49:53","slug":"tus-cevap-anahtari-23-mart-2025-tus-soru-kitapcigi-ve-cevaplari-nerede","status":"publish","type":"post","link":"https:\/\/derstakip.app\/blog\/tus-cevap-anahtari-23-mart-2025-tus-soru-kitapcigi-ve-cevaplari-nerede\/","title":{"rendered":"TUS Cevap Anahtar\u0131 23 Mart 2025: TUS Soru Kitap\u00e7\u0131\u011f\u0131 ve Cevaplar\u0131 Nerede?"},"content":{"rendered":"<p>2025 y\u0131l\u0131 i\u00e7in TUS cevap anahtar\u0131 bilgileri, s\u0131nava kat\u0131lan adaylar i\u00e7in b\u00fcy\u00fck \u00f6nem ta\u015f\u0131yor. 23 Mart 2025 tarihinde d\u00fczenlenecek olan T\u0131pta Uzmanl\u0131k S\u0131nav\u0131 (TUS) sonras\u0131, s\u0131nav say\u0131s\u0131na ve i\u00e7erdi\u011fi sorulara dair bir\u00e7ok aday\u0131n merakla bekledi\u011fi sonu\u00e7lar a\u00e7\u0131klanacak. E\u011fitim hayat\u0131n\u0131n zirve noktalar\u0131ndan biri olan bu s\u0131navda, her bir do\u011fru cevab\u0131n \u00f6nemi olduk\u00e7a b\u00fcy\u00fckt\u00fcr. Peki, TUS 2025 sonu\u00e7lar\u0131 ne zaman a\u00e7\u0131klanacak ve cevap anahtar\u0131na nas\u0131l ula\u015faca\u011f\u0131z? \u0130\u015fte detaylar!<\/p>\n<h2>TUS S\u0131nav\u0131 Hakk\u0131nda<\/h2>\n<p>TUS, t\u0131p \u00f6\u011frencileri i\u00e7in olduk\u00e7a kritik bir s\u0131navd\u0131r. Her y\u0131l binlerce \u00f6\u011frenci, uzmanl\u0131k alanlar\u0131nda e\u011fitim almak i\u00e7in bu s\u0131nava girer. S\u0131nav sonras\u0131nda ise adaylar cevap anahtar\u0131n\u0131 ve s\u0131nav sonu\u00e7lar\u0131n\u0131 heyecanla bekler. 2025 TUS s\u0131nav\u0131 i\u00e7in haz\u0131rl\u0131klar devam ederken, bir\u00e7ok \u00f6\u011frenci gelecekteki hedefleri i\u00e7in yo\u011fun bir \u00e7al\u0131\u015fma s\u00fcrecine girmi\u015f durumda. \u00d6zellikle bu y\u0131l, cevap anahtar\u0131 ve sonu\u00e7 tarihleriyle ilgili \u00e7e\u015fitli spek\u00fclasyonlar g\u00fcndeme geliyor.<\/p>\n<h3>TUS Cevap Anahtar\u0131 Ne Zaman Yay\u0131nlanacak?<\/h3>\n<p>2025 TUS s\u0131nav\u0131, 23 Mart tarihinde yap\u0131lacak. Normalde s\u0131nav sonras\u0131 cevap anahtar\u0131n\u0131n yay\u0131nlanmas\u0131 i\u00e7in birka\u00e7 g\u00fcn beklenir. Ancak, bu y\u0131l beklentiler biraz daha y\u00fcksek, \u00e7\u00fcnk\u00fc adaylar sonu\u00e7lar\u0131n h\u0131zl\u0131 bir \u015fekilde a\u00e7\u0131klanmas\u0131n\u0131 umuyor. Cevap anahtar\u0131, genellikle s\u0131navdan birka\u00e7 g\u00fcn sonra \u00d6SYM taraf\u0131ndan resmi olarak duyurulur. 2025 i\u00e7in kesin tarih bilinmemekle birlikte, \u00e7o\u011fu aday i\u00e7in merak konusu olmu\u015ftur. Hangi tarih aral\u0131\u011f\u0131nda a\u00e7\u0131klanaca\u011f\u0131n\u0131 \u00f6l\u00e7en kaynaklardan al\u0131nan bilgilere g\u00f6re, tarih belirlemede \u00d6SYM&#8217;nin daha \u00f6nceki uygulamalar\u0131 etkili olacakt\u0131r.<\/p>\n<h2>S\u0131nav Sonu\u00e7lar\u0131n\u0131n A\u00e7\u0131klanma Tarihi<\/h2>\n<p>Adaylar\u0131n en \u00e7ok merak etti\u011fi bir di\u011fer konu ise TUS sonu\u00e7lar\u0131n\u0131n ne zaman a\u00e7\u0131klanaca\u011f\u0131d\u0131r. \u00d6SYM&#8217;nin s\u0131nav takvimine g\u00f6re, TUS sonu\u00e7lar\u0131n\u0131n 2025 y\u0131l\u0131 i\u00e7in 6 Nisan\u2019da eri\u015fime a\u00e7\u0131lmas\u0131 bekleniyor. Bu tarihten sonra, adaylar sonu\u00e7lar\u0131n\u0131 <a href=\"https:\/\/sonuc.osym.gov.tr\" target=\"_blank\" rel=\"noopener\">\u00d6SYM\u2019nin resmi internet adresinden<\/a> \u00f6\u011frenebilecekler. \u0130lgili tarihte, sonu\u00e7larla birlikte TUS cevap anahtar\u0131 da yay\u0131nlanacak, b\u00f6ylece \u00f6\u011frenciler hangi sorularda do\u011fru, hangi sorularda yanl\u0131\u015f yapt\u0131klar\u0131n\u0131 g\u00f6rebilecekler.<\/p>\n<h3>Cevap Anahtar\u0131na Ula\u015fman\u0131n Yollar\u0131<\/h3>\n<p>Cevap anahtar\u0131, s\u0131nav sonras\u0131 detayl\u0131 analiz yapabilmek i\u00e7in olduk\u00e7a \u00f6nemlidir. Adaylar, <a href=\"https:\/\/sonuc.osym.gov.tr\" target=\"_blank\" rel=\"noopener\">\u00d6SYM\u2019nin resmi websitesine<\/a> girerek cevap anahtar\u0131n\u0131 ve s\u0131nav sonu\u00e7lar\u0131n\u0131 kontrol edebilirler. Ayr\u0131ca, \u00d6SYM mobil uygulamalar\u0131n\u0131 kullanarak da sonu\u00e7lara ula\u015fmak m\u00fcmk\u00fcn. Ge\u00e7mi\u015fte ya\u015fanan sorunlar\u0131n \u00f6n\u00fcne ge\u00e7mek i\u00e7in, bu hizmetlerin kullan\u0131m\u0131 \u00f6nerilmektedir.<\/p>\n<h4>\u0130leriye D\u00f6n\u00fck Hedefler<\/h4>\n<p>S\u0131nav sonu\u00e7lar\u0131 a\u00e7\u0131kland\u0131\u011f\u0131nda, do\u011fru ve yanl\u0131\u015f cevaplar\u0131n detaylar\u0131 \u0131\u015f\u0131\u011f\u0131nda, hangi alanlarda daha fazla \u00e7al\u0131\u015f\u0131lmas\u0131 gerekti\u011fi ortaya \u00e7\u0131kacak. Adaylar, 2025 TUS cevap anahtar\u0131 ile birlikte bu s\u00fcre\u00e7te kendi eksiklerini belirleme \u015fans\u0131 yakalayacak. Her ne kadar s\u0131nav zorlay\u0131c\u0131 olsa da, do\u011fru \u00e7al\u0131\u015fma ve strateji ile ba\u015far\u0131l\u0131 sonu\u00e7lar elde edilebilir. Hedeflerinize ula\u015fmak i\u00e7in kesinlikle motivasyonunuzu kaybetmemeniz gerekiyor. Bu nedenle, s\u0131nav s\u00fcrecine haz\u0131rl\u0131k d\u00f6neminde dikkatli ve \u00f6zverili bir \u00e7al\u0131\u015fma yapmak \u015fartt\u0131r.<\/p>\n<h2>S\u0131k\u00e7a Sorulan Sorular<\/h2>\n<h3>TUS cevap anahtar\u0131 2025 ne zaman a\u00e7\u0131klan\u0131r?<\/h3>\n<p>TUS cevap anahtar\u0131n\u0131n s\u0131navdan birka\u00e7 g\u00fcn sonra a\u00e7\u0131klanmas\u0131 beklenmektedir. Kesin tarihler i\u00e7in \u00d6SYM&#8217;nin resmi a\u00e7\u0131klamalar\u0131n\u0131 takip etmek \u00f6nemlidir.<\/p>\n<h3>S\u0131nav sonu\u00e7lar\u0131 nas\u0131l \u00f6\u011frenilir?<\/h3>\n<p>S\u0131nav sonu\u00e7lar\u0131, \u00d6SYM\u2019nin resmi web sitesi \u00fczerinden veya mobil uygulamalar arac\u0131l\u0131\u011f\u0131yla \u00f6\u011frenilebilir.<\/p>\n<h3>Yanl\u0131\u015f cevaplar\u0131n etkisi nedir?<\/h3>\n<p>Her yanl\u0131\u015f cevap, do\u011fru cevap say\u0131s\u0131ndan bir k\u0131sm\u0131n \u00e7\u0131kar\u0131lmas\u0131 ile hesaplanan ham puan\u0131 olumsuz etkiler. Bu kapsamda dikkatli cevap vermek gerekir.<\/p>\n<h3>Cevap anahtar\u0131na ne zaman ula\u015fabilirim?<\/h3>\n<p>Cevap anahtar\u0131na, s\u0131navdan birka\u00e7 g\u00fcn sonra \u00d6SYM&#8217;nin resmi internet sitesinden ula\u015fabilirsiniz.<\/p>\n","protected":false},"excerpt":{"rendered":"<p>2025 y\u0131l\u0131 i\u00e7in TUS cevap anahtar\u0131 bilgileri, s\u0131nava kat\u0131lan adaylar i\u00e7in b\u00fcy\u00fck \u00f6nem ta\u015f\u0131yor. 23 Mart 2025 tarihinde d\u00fczenlenecek olan T\u0131pta Uzmanl\u0131k S\u0131nav\u0131 (TUS) sonras\u0131, s\u0131nav say\u0131s\u0131na ve i\u00e7erdi\u011fi sorulara dair bir\u00e7ok aday\u0131n merakla bekledi\u011fi sonu\u00e7lar a\u00e7\u0131klanacak. E\u011fitim hayat\u0131n\u0131n zirve noktalar\u0131ndan biri olan bu s\u0131navda, her bir do\u011fru cevab\u0131n \u00f6nemi olduk\u00e7a b\u00fcy\u00fckt\u00fcr. Peki, TUS 2025&#8230;<\/p>\n","protected":false},"author":1,"featured_media":958,"comment_status":"open","ping_status":"open","sticky":false,"template":"","format":"standard","meta":{"footnotes":""},"categories":[84],"tags":[],"class_list":["post-959","post","type-post","status-publish","format-standard","has-post-thumbnail","hentry","category-haber"],"_links":{"self":[{"href":"https:\/\/derstakip.app\/blog\/wp-json\/wp\/v2\/posts\/959","targetHints":{"allow":["GET"]}}],"collection":[{"href":"https:\/\/derstakip.app\/blog\/wp-json\/wp\/v2\/posts"}],"about":[{"href":"https:\/\/derstakip.app\/blog\/wp-json\/wp\/v2\/types\/post"}],"author":[{"embeddable":true,"href":"https:\/\/derstakip.app\/blog\/wp-json\/wp\/v2\/users\/1"}],"replies":[{"embeddable":true,"href":"https:\/\/derstakip.app\/blog\/wp-json\/wp\/v2\/comments?post=959"}],"version-history":[{"count":0,"href":"https:\/\/derstakip.app\/blog\/wp-json\/wp\/v2\/posts\/959\/revisions"}],"wp:featuredmedia":[{"embeddable":true,"href":"https:\/\/derstakip.app\/blog\/wp-json\/wp\/v2\/media\/958"}],"wp:attachment":[{"href":"https:\/\/derstakip.app\/blog\/wp-json\/wp\/v2\/media?parent=959"}],"wp:term":[{"taxonomy":"category","embeddable":true,"href":"https:\/\/derstakip.app\/blog\/wp-json\/wp\/v2\/categories?post=959"},{"taxonomy":"post_tag","embeddable":true,"href":"https:\/\/derstakip.app\/blog\/wp-json\/wp\/v2\/tags?post=959"}],"curies":[{"name":"wp","href":"https:\/\/api.w.org\/{rel}","templated":true}]}}