{"id":921,"date":"2025-03-19T16:50:44","date_gmt":"2025-03-19T13:50:44","guid":{"rendered":"https:\/\/derstakip.app\/blog\/2025-tus-sinavi-ne-zaman-sinav-yerleri-erisime-acildi-ve-detaylar-burada\/"},"modified":"2025-03-19T16:50:44","modified_gmt":"2025-03-19T13:50:44","slug":"2025-tus-sinavi-ne-zaman-sinav-yerleri-erisime-acildi-ve-detaylar-burada","status":"publish","type":"post","link":"https:\/\/derstakip.app\/blog\/2025-tus-sinavi-ne-zaman-sinav-yerleri-erisime-acildi-ve-detaylar-burada\/","title":{"rendered":"2025 TUS S\u0131nav\u0131 Ne Zaman? S\u0131nav Yerleri Eri\u015fime A\u00e7\u0131ld\u0131 ve Detaylar Burada!"},"content":{"rendered":"<p>2025 TUS s\u0131nav tarihi, bir\u00e7ok \u00f6\u011frenci ve \u00f6\u011fretmen i\u00e7in b\u00fcy\u00fck bir merak konusu haline gelmi\u015f durumda. S\u0131nav yerleri eri\u015fime a\u00e7\u0131ld\u0131 ve detaylar g\u00fcn y\u00fcz\u00fcne \u00e7\u0131kt\u0131! \ud83c\udf89 Herkesin, 2025 TUS s\u0131nav\u0131n\u0131n ne zaman yap\u0131laca\u011f\u0131n\u0131 \u00f6\u011frenmeye ihtiyac\u0131 var. Bu yaz\u0131da, tarih ve s\u00fcrece dair bilgilere yer verece\u011fiz.<\/p>\n<h2>2025 TUS S\u0131nav Tarihi Ne Zaman?<\/h2>\n<p>2025 TUS s\u0131nav tarihi, 18 Mart 2025 olarak belirlenmi\u015ftir. \ud83d\uddd3\ufe0f S\u0131nav, t\u00fcm T\u00fcrkiye genelinde bir\u00e7ok farkl\u0131 merkezde ger\u00e7ekle\u015ftirilecek. Adaylar, ya\u015fad\u0131klar\u0131 \u015fehre en yak\u0131n s\u0131nav merkezi i\u00e7in ba\u015fvurular\u0131n\u0131 yapabilirler. B\u00fct\u00fcn detaylar \u00d6SYM&#8217;nin resmi internet sitesinde eri\u015fime a\u00e7\u0131lacakt\u0131r. T\u00fcm duyurular i\u00e7in s\u0131k s\u0131k kontrollerinizi yapmay\u0131 unutmay\u0131n!<\/p>\n<h3>S\u0131nav Yerleri ve Ba\u015fvuru S\u00fcreci<\/h3>\n<p>S\u0131nav yerleri ve ba\u015fvuru s\u00fcresi, 2025 TUS s\u00fcrecinin en heyecan verici k\u0131s\u0131mlar\u0131ndan biri. Adaylar, \u00d6SYM&#8217;nin internet sitesi \u00fczerinden s\u0131nav yerlerini \u00f6\u011frenebilirler. \ud83c\udf0d S\u0131nav yerleri, yerle\u015ftirme sonu\u00e7lar\u0131yla birlikte a\u00e7\u0131klanacakt\u0131r. Erken ba\u015fvuranlar, en iyi yerleri se\u00e7ebilme avantaj\u0131na sahip olacakt\u0131r. Unutmay\u0131n, t\u00fcm m\u00fcracaatlar online olarak yap\u0131lacakt\u0131r.<\/p>\n<h3>MS\u00dc S\u0131nav Sonucu ne zaman a\u00e7\u0131klanacak?<\/h3>\n<p>\u00d6SYM, MS\u00dc s\u0131nav sonu\u00e7lar\u0131n\u0131n 18 Mart 2025&#8217;te eri\u015fime a\u00e7\u0131laca\u011f\u0131n\u0131 duyurdu. \ud83e\udd14 Bu tarihe kadar heyecan dolu g\u00fcnler ge\u00e7ireceksiniz. Adaylar, s\u0131nav sonu\u00e7lar\u0131n\u0131 T\u00fcrkiye Cumhuriyeti Kimlik Numaras\u0131 ve \u015fifreleri ile \u00d6SYM\u2019nin <a href=\"https:\/\/sonuc.osym.gov.tr\" target=\"_blank\" rel=\"noopener\">sonu\u00e7 sayfas\u0131<\/a> \u00fczerinden \u00f6\u011frenebileceklerdir. Resmi olarak sonu\u00e7 bildirimi yap\u0131lmayacak, t\u00fcm bilgilerin internetten tebli\u011f edilece\u011fi unutulmamal\u0131.<\/p>\n<h4>MS\u00dc S\u0131nav\u0131n\u0131n De\u011ferlendirilmesi<\/h4>\n<p>MS\u00dc s\u0131nav\u0131, optik okuyucu ile de\u011ferlendirilecektir. Adaylar, sorular\u0131n cevaplar\u0131n\u0131 optik okumaya elveri\u015fli cevap k\u00e2\u011f\u0131tlar\u0131na i\u015faretleyecekler. \ud83d\udcca Cevaplar\u0131n de\u011ferlendirilmesi, her alt test i\u00e7in ayr\u0131 ayr\u0131 yap\u0131lacak ve ham puanlar, do\u011fru cevap say\u0131s\u0131ndan yanl\u0131\u015f cevap say\u0131s\u0131n\u0131n d\u00f6rtte biri \u00e7\u0131kar\u0131larak hesaplanacakt\u0131r. Bu de\u011ferlendirme sistemiyle, adil bir s\u0131nav sonucuna ula\u015f\u0131lmas\u0131 hedeflenmektedir.<\/p>\n<h2>Sonu\u00e7land\u0131rma S\u00fcreci<\/h2>\n<p>2025 TUS s\u0131nav sonu\u00e7lar\u0131, se\u00e7ilen alt testler ile birlikte adaylar\u0131n performanslar\u0131n\u0131 belirleyecek. S\u0131navdan elde edilen a\u011f\u0131rl\u0131kl\u0131 puanlar, puanlar\u0131n hesaplanmas\u0131nda belirleyici olacak. \ud83c\udfc6 Adaylar\u0131n en az bir testten 0.5 veya daha fazla puan alm\u0131\u015f olmas\u0131 banka, a\u011f\u0131rl\u0131kl\u0131 puanlar\u0131n\u0131n hesaplanabilmesi i\u00e7in gereklidir. De\u011ferlendirmelerin \u00e7\u00f6z\u00fcm\u00fc, ilerleyen g\u00fcnlerde dikkatle izlenmelidir.<\/p>\n<h3>MS\u00dc S\u0131nav\u0131 \u0130le \u0130lgili Sorular<\/h3>\n<p>MS\u00dc s\u0131nav\u0131 ile ilgili s\u0131kl\u0131kla merak edilen baz\u0131 sorular\u0131 yan\u0131tlayal\u0131m:<\/p>\n<h4>2025 TUS s\u0131nav tarihine nas\u0131l haz\u0131rlanmal\u0131y\u0131m?<\/h4>\n<p>2025 TUS s\u0131nav tarihini dikkate alarak, bireysel planlar\u0131n\u0131z\u0131 olu\u015fturun. \ud83d\udcda \u00c7al\u0131\u015fma s\u00fcrelerinizi belirleyin ve DersTakip gibi uygulamalardan faydalanarak ilerlemenizi g\u00f6zlemleyin.<\/p>\n<h4>S\u0131nav sonu\u00e7lar\u0131 erken a\u00e7\u0131klan\u0131r m\u0131?<\/h4>\n<p>\u00d6SYM, hen\u00fcz erken sonu\u00e7 a\u00e7\u0131klanaca\u011f\u0131na dair bir a\u00e7\u0131klama yapmad\u0131. Resmi sonu\u00e7 tarihi, 18 Mart 2025&#8217;tir. Dolay\u0131s\u0131yla her an yeni geli\u015fmeleri takip etmekte fayda var. \ud83d\udd0d<\/p>\n<h2>SSS &#8211; S\u0131k\u00e7a Sorulan Sorular<\/h2>\n<ul>\n<li><strong>2025 TUS s\u0131nav tarihi nedir?<\/strong> <br \/>18 Mart 2025 olarak belirlenmi\u015ftir.<\/li>\n<li><strong>S\u0131nav yerleri ne zaman a\u00e7\u0131klanacak?<\/strong> <br \/>S\u0131nav yerleri, \u00d6SYM taraf\u0131ndan yap\u0131lacak duyurularla birlikte \u00f6\u011frenilecektir.<\/li>\n<li><strong>S\u0131nav sonu\u00e7lar\u0131 hangi tarihte a\u00e7\u0131klanacak?<\/strong> <br \/>MS\u00dc s\u0131nav sonu\u00e7lar\u0131 18 Mart 2025&#8217;te eri\u015fime a\u00e7\u0131lacakt\u0131r.<\/li>\n<li><strong>Sonu\u00e7 belgesi g\u00f6nderilecek mi?<\/strong> <br \/>Hay\u0131r, sonu\u00e7lar internet \u00fczerinden tebli\u011f edilmekte ve belge g\u00f6nderimi yap\u0131lmamaktad\u0131r.<\/li>\n<\/ul>\n","protected":false},"excerpt":{"rendered":"<p>2025 TUS s\u0131nav tarihi, bir\u00e7ok \u00f6\u011frenci ve \u00f6\u011fretmen i\u00e7in b\u00fcy\u00fck bir merak konusu haline gelmi\u015f durumda. S\u0131nav yerleri eri\u015fime a\u00e7\u0131ld\u0131 ve detaylar g\u00fcn y\u00fcz\u00fcne \u00e7\u0131kt\u0131! \ud83c\udf89 Herkesin, 2025 TUS s\u0131nav\u0131n\u0131n ne zaman yap\u0131laca\u011f\u0131n\u0131 \u00f6\u011frenmeye ihtiyac\u0131 var. Bu yaz\u0131da, tarih ve s\u00fcrece dair bilgilere yer verece\u011fiz. 2025 TUS S\u0131nav Tarihi Ne Zaman? 2025 TUS s\u0131nav tarihi,&#8230;<\/p>\n","protected":false},"author":1,"featured_media":920,"comment_status":"open","ping_status":"open","sticky":false,"template":"","format":"standard","meta":{"footnotes":""},"categories":[84],"tags":[],"class_list":["post-921","post","type-post","status-publish","format-standard","has-post-thumbnail","hentry","category-haber"],"_links":{"self":[{"href":"https:\/\/derstakip.app\/blog\/wp-json\/wp\/v2\/posts\/921","targetHints":{"allow":["GET"]}}],"collection":[{"href":"https:\/\/derstakip.app\/blog\/wp-json\/wp\/v2\/posts"}],"about":[{"href":"https:\/\/derstakip.app\/blog\/wp-json\/wp\/v2\/types\/post"}],"author":[{"embeddable":true,"href":"https:\/\/derstakip.app\/blog\/wp-json\/wp\/v2\/users\/1"}],"replies":[{"embeddable":true,"href":"https:\/\/derstakip.app\/blog\/wp-json\/wp\/v2\/comments?post=921"}],"version-history":[{"count":0,"href":"https:\/\/derstakip.app\/blog\/wp-json\/wp\/v2\/posts\/921\/revisions"}],"wp:featuredmedia":[{"embeddable":true,"href":"https:\/\/derstakip.app\/blog\/wp-json\/wp\/v2\/media\/920"}],"wp:attachment":[{"href":"https:\/\/derstakip.app\/blog\/wp-json\/wp\/v2\/media?parent=921"}],"wp:term":[{"taxonomy":"category","embeddable":true,"href":"https:\/\/derstakip.app\/blog\/wp-json\/wp\/v2\/categories?post=921"},{"taxonomy":"post_tag","embeddable":true,"href":"https:\/\/derstakip.app\/blog\/wp-json\/wp\/v2\/tags?post=921"}],"curies":[{"name":"wp","href":"https:\/\/api.w.org\/{rel}","templated":true}]}}