{"id":913,"date":"2025-03-18T18:50:02","date_gmt":"2025-03-18T15:50:02","guid":{"rendered":"https:\/\/derstakip.app\/blog\/kaymakamlik-sinav-sonuclari-ne-zaman-aciklanacak-osym-tarihini-duyurdu\/"},"modified":"2025-03-18T18:50:02","modified_gmt":"2025-03-18T15:50:02","slug":"kaymakamlik-sinav-sonuclari-ne-zaman-aciklanacak-osym-tarihini-duyurdu","status":"publish","type":"post","link":"https:\/\/derstakip.app\/blog\/kaymakamlik-sinav-sonuclari-ne-zaman-aciklanacak-osym-tarihini-duyurdu\/","title":{"rendered":"Kaymakaml\u0131k S\u0131nav Sonu\u00e7lar\u0131 Ne Zaman A\u00e7\u0131klanacak? \u00d6SYM Tarihini Duyurdu!"},"content":{"rendered":"<p>Sonunda b\u00fcy\u00fck g\u00fcn geldi \u00e7att\u0131! S\u0131nav takvimiyle ilgili en \u00e7ok merak edilenlerden biri olan kaymakaml\u0131k s\u0131nav sonu\u00e7lar\u0131 2025 tarihi \u00d6SYM taraf\u0131ndan a\u00e7\u0131kland\u0131. Bu s\u00fcre\u00e7, pek \u00e7ok aday i\u00e7in heyecan verici bir d\u00f6nemin ba\u015flang\u0131c\u0131n\u0131 temsil ediyor ve herkes \u015fimdi sonu\u00e7lar\u0131n ne zaman a\u00e7\u0131klanaca\u011f\u0131n\u0131 d\u00f6rt g\u00f6zle bekliyor. \u0130\u015fte, detaylar!<\/p>\n<h2>MS\u00dc S\u0131nav Sonu\u00e7lar\u0131 Ne Zaman A\u00e7\u0131klanacak?<\/h2>\n<p>2025 y\u0131l\u0131 boyunca, Milli Savunma \u00dcniversitesi Askeri \u00d6\u011frenci Aday Belirleme S\u0131nav\u0131 (MS\u00dc) s\u00fcreci devam edecek. 23 \u015eubat 2025 tarihinde tamamlanan s\u0131nav\u0131n sonu\u00e7lar\u0131 i\u00e7in g\u00f6zler \u00d6SYM&#8217;nin duyurusuna \u00e7evrildi. S\u0131nav sonu\u00e7lar\u0131 18 Mart 2025 tarihinde a\u00e7\u0131klanacak. Bu tarih, <a href=\"https:\/\/sonuc.osym.gov.tr\" target=\"_blank\" rel=\"noopener\">\u00d6SYM resmi web sitesinde<\/a> de duyurulmu\u015f durumda. Adaylar, s\u0131nav sonu\u00e7lar\u0131n\u0131 T.C. Kimlik Numaras\u0131 ve \u015fifreleri ile \u00f6\u011frenebilecekler.<\/p>\n<h3>S\u0131nav Sonu\u00e7lar\u0131n\u0131n De\u011ferlendirme S\u00fcreci<\/h3>\n<p>S\u0131nav sonu\u00e7lar\u0131, yap\u0131lan de\u011ferlendirmenin ard\u0131ndan adaylar\u0131n do\u011fru ve yanl\u0131\u015f cevaplar\u0131n\u0131n say\u0131s\u0131na g\u00f6re belirlenecek. Do\u011fru cevap say\u0131s\u0131ndan yanl\u0131\u015f cevap say\u0131s\u0131n\u0131n d\u00f6rtte biri \u00e7\u0131kar\u0131larak aday\u0131n ham puan\u0131 hesaplanacak. \u0130\u015fte s\u0131nav de\u011ferlendirme s\u00fcrecinde bilinmesi gereken \u00f6nemli detaylar:<\/p>\n<ul>\n<li>Her alt test i\u00e7in standart puan hesaplanacak ve bu puanlar adaylar\u0131n a\u011f\u0131rl\u0131kl\u0131 puan\u0131n\u0131n belirlenmesinde kullan\u0131lacak.<\/li>\n<li>Adaylar\u0131n en az bir Temel Matematik ya da T\u00fcrk\u00e7e testinden 0,5 veya daha fazla ham puan alm\u0131\u015f olmalar\u0131 gerekecek.<\/li>\n<li>Adaylar\u0131n MS\u00dc-SAYISAL (SA), MS\u00dc-E\u015e\u0130T A\u011eIRLIK (EA), MS\u00dc-S\u00d6ZEL (S\u00d6) gibi puanlar\u0131 olu\u015fturulacak.<\/li>\n<\/ul>\n<h3>MS\u00dc Sonu\u00e7lar\u0131 ile \u0130lgili Dikkat Edilmesi Gerekenler<\/h3>\n<p>S\u0131nav sonu\u00e7lar\u0131 a\u00e7\u0131kland\u0131ktan sonra, adaylar\u0131n sonu\u00e7 belgelerini kontrol etmek i\u00e7in <a href=\"https:\/\/sonuc.osym.gov.tr\" target=\"_blank\" rel=\"noopener\">\u00d6SYM\u2019nin resmi web sayfas\u0131n\u0131<\/a> kullanmalar\u0131 gerekiyor. Ayr\u0131ca, adaylara herhangi bir sonu\u00e7 belgesi g\u00f6nderilmeyecek; dolay\u0131s\u0131yla her \u015fey internet \u00fczerinden takip edilecek. Sonu\u00e7 belgesi kontrol kodu ile sonu\u00e7 belgeleri do\u011frulanabilmektedir.<\/p>\n<h2>Erken A\u00e7\u0131klama Beklentisi<\/h2>\n<p>MS\u00dc sonu\u00e7lar\u0131n\u0131n erken a\u00e7\u0131klanaca\u011f\u0131na dair baz\u0131 duyumlar olsa da, bu noktada \u00d6SYM&#8217;den resmi bir a\u00e7\u0131klama yap\u0131lm\u0131\u015f de\u011fil. I\u0131hhh, kaymakaml\u0131k s\u0131nav sonu\u00e7lar\u0131 2025 i\u00e7in tarihin kesin olarak belirlendi\u011fi duyurusunun ard\u0131ndan, erken sonu\u00e7 beklemek i\u00e7in acele etmemek en iyisi.<\/p>\n<h3>Adaylar\u0131n Beklentileri ve Heyecan\u0131<\/h3>\n<p>S\u0131nav d\u00f6neminde ya\u015fanan stres, sonu\u00e7lar\u0131n a\u00e7\u0131klanma s\u00fcreciyle birlikte daha da art\u0131yor. Adaylar ve aileleri, s\u0131nav sonras\u0131 beklemenin ne kadar zor oldu\u011funu biliyor. Herkes i\u00e7in heyecan dolu bir s\u00fcre\u00e7! \ud83d\ude0a Sosyal medya \u00fczerinden yap\u0131lan payla\u015f\u0131mlar ve arkada\u015flarla yap\u0131lan sohbetlerle, s\u0131nav sonu\u00e7lar\u0131n\u0131 konu\u015fmak bu s\u00fcre zarf\u0131nda yayg\u0131n bir aktivite haline geldi.<\/p>\n<h2>Sonu\u00e7ta Neler Olacak?<\/h2>\n<p>Sonu\u00e7lar\u0131n a\u00e7\u0131klanmas\u0131n\u0131n ard\u0131ndan, bir\u00e7ok aday\u0131n gelece\u011fi belirlenecek. Askeri okullardaki e\u011fitim s\u00fcre\u00e7leri, bu s\u0131nav\u0131n de\u011ferlendirilmesi ile \u015fekillenecek. Kaymakaml\u0131k s\u0131nav sonu\u00e7lar\u0131 2025 ile ilgili \u00f6zellikle adaylar ve aileleri aras\u0131nda \u00e7ok say\u0131da soru var. S\u0131nav\u0131 kazanman\u0131n verdi\u011fi mutluluk, pek \u00e7ok gen\u00e7 i\u00e7in kariyer yolculuklar\u0131n\u0131n ba\u015flang\u0131c\u0131 anlam\u0131na geliyor.<\/p>\n<h3>SSS (S\u0131k\u00e7a Sorulan Sorular)<\/h3>\n<ul>\n<li><strong>Kaymakaml\u0131k s\u0131nav sonu\u00e7lar\u0131 2025 ne zaman a\u00e7\u0131klanacak?<\/strong><br \/>S\u0131nav sonu\u00e7lar\u0131 18 Mart 2025 tarihinde a\u00e7\u0131klanacak.<\/li>\n<li><strong>S\u0131nav sonu\u00e7lar\u0131n\u0131 nas\u0131l \u00f6\u011frenebilirim?<\/strong><br \/>T.C. Kimlik Numaras\u0131 ve \u015fifre ile <a href=\"https:\/\/sonuc.osym.gov.tr\" target=\"_blank\" rel=\"noopener\">\u00d6SYM resmi web sitesinden<\/a> \u00f6\u011frenebilirsiniz.<\/li>\n<li><strong>Sonu\u00e7 belgesi g\u00f6nderilecek mi?<\/strong><br \/>Hay\u0131r, sonu\u00e7 belgeleri yaln\u0131zca internetten teyit edilecek.<\/li>\n<li><strong>Sonu\u00e7lar\u0131n erken a\u00e7\u0131klanma ihtimali var m\u0131?<\/strong><br \/>Hen\u00fcz bununla ilgili resmi bir a\u00e7\u0131klama yok.<\/li>\n<\/ul>\n<p>Unutmay\u0131n, kaymakaml\u0131k s\u0131nav sonu\u00e7lar\u0131 2025 ile ilgili t\u00fcm geli\u015fmeleri takip etmeye devam edin. Bol \u015fans dileriz! \ud83c\udf40<\/p>\n","protected":false},"excerpt":{"rendered":"<p>Sonunda b\u00fcy\u00fck g\u00fcn geldi \u00e7att\u0131! S\u0131nav takvimiyle ilgili en \u00e7ok merak edilenlerden biri olan kaymakaml\u0131k s\u0131nav sonu\u00e7lar\u0131 2025 tarihi \u00d6SYM taraf\u0131ndan a\u00e7\u0131kland\u0131. Bu s\u00fcre\u00e7, pek \u00e7ok aday i\u00e7in heyecan verici bir d\u00f6nemin ba\u015flang\u0131c\u0131n\u0131 temsil ediyor ve herkes \u015fimdi sonu\u00e7lar\u0131n ne zaman a\u00e7\u0131klanaca\u011f\u0131n\u0131 d\u00f6rt g\u00f6zle bekliyor. \u0130\u015fte, detaylar! MS\u00dc S\u0131nav Sonu\u00e7lar\u0131 Ne Zaman A\u00e7\u0131klanacak? 2025 y\u0131l\u0131&#8230;<\/p>\n","protected":false},"author":1,"featured_media":912,"comment_status":"open","ping_status":"open","sticky":false,"template":"","format":"standard","meta":{"footnotes":""},"categories":[84],"tags":[],"class_list":["post-913","post","type-post","status-publish","format-standard","has-post-thumbnail","hentry","category-haber"],"_links":{"self":[{"href":"https:\/\/derstakip.app\/blog\/wp-json\/wp\/v2\/posts\/913","targetHints":{"allow":["GET"]}}],"collection":[{"href":"https:\/\/derstakip.app\/blog\/wp-json\/wp\/v2\/posts"}],"about":[{"href":"https:\/\/derstakip.app\/blog\/wp-json\/wp\/v2\/types\/post"}],"author":[{"embeddable":true,"href":"https:\/\/derstakip.app\/blog\/wp-json\/wp\/v2\/users\/1"}],"replies":[{"embeddable":true,"href":"https:\/\/derstakip.app\/blog\/wp-json\/wp\/v2\/comments?post=913"}],"version-history":[{"count":0,"href":"https:\/\/derstakip.app\/blog\/wp-json\/wp\/v2\/posts\/913\/revisions"}],"wp:featuredmedia":[{"embeddable":true,"href":"https:\/\/derstakip.app\/blog\/wp-json\/wp\/v2\/media\/912"}],"wp:attachment":[{"href":"https:\/\/derstakip.app\/blog\/wp-json\/wp\/v2\/media?parent=913"}],"wp:term":[{"taxonomy":"category","embeddable":true,"href":"https:\/\/derstakip.app\/blog\/wp-json\/wp\/v2\/categories?post=913"},{"taxonomy":"post_tag","embeddable":true,"href":"https:\/\/derstakip.app\/blog\/wp-json\/wp\/v2\/tags?post=913"}],"curies":[{"name":"wp","href":"https:\/\/api.w.org\/{rel}","templated":true}]}}