{"id":875,"date":"2025-03-16T17:50:45","date_gmt":"2025-03-16T14:50:45","guid":{"rendered":"https:\/\/derstakip.app\/blog\/tus-sinav-yerleri-ne-zaman-aciklanacak-tus-1-donem-sinav-giris-belgesi-yayinlandi\/"},"modified":"2025-03-16T17:50:45","modified_gmt":"2025-03-16T14:50:45","slug":"tus-sinav-yerleri-ne-zaman-aciklanacak-tus-1-donem-sinav-giris-belgesi-yayinlandi","status":"publish","type":"post","link":"https:\/\/derstakip.app\/blog\/tus-sinav-yerleri-ne-zaman-aciklanacak-tus-1-donem-sinav-giris-belgesi-yayinlandi\/","title":{"rendered":"TUS S\u0131nav Yerleri Ne Zaman A\u00e7\u0131klanacak? TUS 1. D\u00f6nem S\u0131nav Giri\u015f Belgesi Yay\u0131nland\u0131!"},"content":{"rendered":"<p>TUS s\u0131nav yerleri 2023 i\u00e7in geri say\u0131m ba\u015flad\u0131! Adaylar, s\u0131nav g\u00fcnlerinin gelmesiyle heyecanla s\u0131nav yerlerinin a\u00e7\u0131klanmas\u0131n\u0131 bekliyor. \u00d6SYM taraf\u0131ndan yap\u0131lacak olan TUS 1. D\u00f6nem S\u0131nav Giri\u015f Belgeleri de payla\u015f\u0131ld\u0131. Bu belgeler, s\u0131nav yerlerinin \u00f6\u011frenilmesinin \u00f6n\u00fcn\u00fc a\u00e7arken, adaylar\u0131n haz\u0131rl\u0131k s\u00fcrecini daha verimli hale getirmek ad\u0131na olduk\u00e7a \u00f6nemlidir.<\/p>\n<h2>TUS S\u0131nav Giri\u015f Belgesi Ne Zaman Yay\u0131nlan\u0131yor?<\/h2>\n<p>S\u0131nav tarihleri yakla\u015f\u0131rken, TUS adaylar\u0131 s\u0131nav giri\u015f belgelerinin ne zaman yay\u0131nlanaca\u011f\u0131n\u0131 merak ediyor. 2023 TUS s\u0131nav tarihi, 23 Nisan 2023 olarak belirlenmi\u015f durumda. Bu ba\u011flamda, <strong><a href=\"https:\/\/www.osym.gov.tr\" target=\"_blank\" rel=\"noopener\">\u00d6SYM<\/a><\/strong> taraf\u0131ndan adaylar\u0131n s\u0131nav yerleriyle birlikte giri\u015f belgelerinin 3 hafta \u00f6ncesinden, yani 2 Nisan 2023 tarihinde a\u00e7\u0131klad\u0131\u011f\u0131 bekleniyor.<\/p>\n<h3>TUS S\u0131nav Yerleri Hakk\u0131nda Bilgi<\/h3>\n<p>TUS s\u0131nav yerleri 2023 ile ilgili detaylar, \u00d6SYM taraf\u0131ndan yap\u0131lan resmi duyurularla internet \u00fczerinden payla\u015f\u0131lacakt\u0131r. S\u0131nav yerlerinin a\u00e7\u0131klanmas\u0131, adaylar\u0131n s\u0131nav haz\u0131rl\u0131klar\u0131n\u0131 destelemek \u00fczere kritik bir ad\u0131m. Her aday, kendi s\u0131nav yerini T.C. Kimlik numaras\u0131 ve \u015fifre ile \u00d6SYM\u2019nin resmi web sitesinden \u00f6\u011frenebilecek. S\u0131nav merkezleri, her y\u0131l farkl\u0131 b\u00f6lgelerde belirleniyor ve bu y\u0131l da 2023 y\u0131l\u0131 i\u00e7in farkl\u0131 illerde ger\u00e7ekle\u015ftirilecektir.<\/p>\n<h3>TUS s\u0131nav yerleri ne zaman a\u00e7\u0131klan\u0131r?<\/h3>\n<p>TUS s\u0131nav yerleri ve giri\u015f belgelerinin \u00d6SYM taraf\u0131ndan a\u00e7\u0131klanma tarihi hakk\u0131nda hen\u00fcz resmi bir bilgilendirme yap\u0131lmad\u0131. Ancak ge\u00e7mi\u015f y\u0131llardaki gelene\u011fe bak\u0131ld\u0131\u011f\u0131nda, genellikle s\u0131nav tarihine 2-3 hafta kala, bu bilgiler payla\u015f\u0131lmaktad\u0131r. 2023 y\u0131l\u0131 i\u00e7in beklenilen tarih de bu y\u00f6nde olacak. K\u0131sa s\u00fcre i\u00e7inde TUS s\u0131navlar\u0131na girecek olan t\u00fcm adaylar\u0131n bu belgeleri almas\u0131 gerekecek. Yaz\u0131l\u0131 ve uygulamal\u0131 b\u00f6l\u00fcmlerin yer alaca\u011f\u0131 s\u0131navda, herkesin s\u0131nav merkezi konusunda bilgi sahibi olabilmesi b\u00fcy\u00fck \u00f6nem ta\u015f\u0131yor.<\/p>\n<h4>S\u0131nav Yerleri A\u00e7\u0131klan\u0131r A\u00e7\u0131klanmaz Ne Yapmal\u0131y\u0131m?<\/h4>\n<ul>\n<li>S\u0131nav yerinizi \u00f6\u011frendikten sonra gerekli t\u00fcm haz\u0131rl\u0131klar\u0131 yapmaya ba\u015flay\u0131n!<\/li>\n<li>S\u0131nav g\u00fcn\u00fcn\u00fc not edin ve \u00f6ncesinde s\u0131nav yerini ziyaret ederek yolunuzu \u00f6\u011frenin.<\/li>\n<li>Giri\u015f belgenizi mutlaka kontrol edin. Herhangi bir hata varsa \u00d6SYM\u2019ye ba\u015fvurun.<\/li>\n<li>Kalem, silgi gibi ihtiya\u00e7lar\u0131n\u0131z\u0131 unutmay\u0131n!<\/li>\n<\/ul>\n<h3>S\u0131nav Haz\u0131rl\u0131klar\u0131 \u0130\u00e7in Tavsiyeler<\/h3>\n<p>TUS haz\u0131rl\u0131k s\u00fcrecinizde verimli bir \u00e7al\u0131\u015fma i\u00e7in birka\u00e7 ipucu verelim: \u00c7al\u0131\u015fma plan\u0131n\u0131z\u0131 olu\u015ftururken g\u00fcn i\u00e7erisinde nas\u0131l bir tempo izleyeceksiniz? T\u00fcm derslere e\u015fit \u00f6ncelik vermek yerine hangi derslerinizi daha \u00e7ok geli\u015ftirece\u011finiz \u00fczerine odaklanmal\u0131s\u0131n\u0131z. Tekrar ve peki\u015ftirme, ba\u015far\u0131 belirleyici unsurlar aras\u0131nda yer al\u0131yor. Bunu g\u00f6z \u00f6n\u00fcnde bulundurarak, \u00f6nceki s\u0131navlarda \u00e7\u0131kar\u0131lan sorular\u0131 \u00e7\u00f6zmek faydal\u0131 olabilir. Ayr\u0131ca, g\u00fcncel geli\u015fmelerden haberdar olmal\u0131 ve g\u00fcncel kaynaklar\u0131 takip etmelisiniz!<\/p>\n<h2>B\u00fct\u00fcn Adaylar \u0130\u00e7in Temel Kurallar<\/h2>\n<p>Her aday\u0131n bilmesi gereken baz\u0131 temel kurallar bulunuyor. \u0130lk olarak, s\u0131nav g\u00fcn\u00fc yan\u0131n\u0131za mutlaka kimli\u011finizi almal\u0131s\u0131n\u0131z. Giri\u015f belgesi ve kimlik olmadan s\u0131nav salonuna al\u0131nmayacaks\u0131n\u0131z. Ayr\u0131ca, s\u0131nav esnas\u0131nda kurallara uymak, s\u0131navda kayg\u0131 ya\u015famaman\u0131z ad\u0131na olduk\u00e7a \u00f6nemlidir. S\u0131nav esnas\u0131nda \u00f6nemli olan di\u011fer bir nokta da, zaman y\u00f6netiminizdir. Sorular\u0131 \u00e7\u00f6zmek i\u00e7in belirli bir zaman aral\u0131\u011f\u0131 belirlemeli ve gereksiz zaman kayb\u0131ndan ka\u00e7\u0131nmal\u0131s\u0131n\u0131z.<\/p>\n<h3>\u00dczerimde Hangi E\u015fya Olmal\u0131?<\/h3>\n<p>S\u0131nav esnas\u0131nda yan\u0131n\u0131zda bulundurman\u0131z gereken e\u015fyalar \u015funlard\u0131r:<\/p>\n<ul>\n<li>T.C. kimlik kart\u0131 veya ehliyet.<\/li>\n<li>S\u0131nav giri\u015f belgesi.<\/li>\n<li>S\u0131f\u0131r ya da \u00e7ok az kullan\u0131lm\u0131\u015f kalemler (mavi veya siyah).<\/li>\n<li>Silgi ve varsa cetvel.<\/li>\n<\/ul>\n<h2>SSS (S\u0131k\u00e7a Sorulan Sorular)<\/h2>\n<p><strong>TUS s\u0131nav yerleri ne zaman a\u00e7\u0131klanacak?<\/strong><br \/>TUS s\u0131nav yerleri 2023 i\u00e7in, genellikle s\u0131nav tarihine 2-3 hafta kala \u00d6SYM taraf\u0131ndan a\u00e7\u0131klan\u0131r.<\/p>\n<p><strong>TUS s\u0131nav belgeleri nereden al\u0131n\u0131r?<\/strong><br \/>S\u0131nav belgelerinizi, <a href=\"https:\/\/www.osym.gov.tr\" target=\"_blank\" rel=\"noopener\">\u00d6SYM resmi web sitesinden<\/a> \u00f6\u011frenebilirsiniz.<\/p>\n<p><strong>S\u0131nav g\u00fcn\u00fc yan\u0131mda ne bulundurmal\u0131y\u0131m?<\/strong><br \/>Kimli\u011finizi, s\u0131nav giri\u015f belgenizi ve kalem gibi gerekli malzemeleri yan\u0131n\u0131zda bulundurmal\u0131s\u0131n\u0131z.<\/p>\n<p><strong>TUS s\u0131nav yerleri 2023 hakk\u0131nda g\u00fcncel bilgi nereden al\u0131n\u0131r?<\/strong><br \/>En g\u00fcncel bilgiler i\u00e7in \u00d6SYM\u2019nin resmi web sitesini takip edebilirsiniz.<\/p>\n","protected":false},"excerpt":{"rendered":"<p>TUS s\u0131nav yerleri 2023 i\u00e7in geri say\u0131m ba\u015flad\u0131! Adaylar, s\u0131nav g\u00fcnlerinin gelmesiyle heyecanla s\u0131nav yerlerinin a\u00e7\u0131klanmas\u0131n\u0131 bekliyor. \u00d6SYM taraf\u0131ndan yap\u0131lacak olan TUS 1. D\u00f6nem S\u0131nav Giri\u015f Belgeleri de payla\u015f\u0131ld\u0131. Bu belgeler, s\u0131nav yerlerinin \u00f6\u011frenilmesinin \u00f6n\u00fcn\u00fc a\u00e7arken, adaylar\u0131n haz\u0131rl\u0131k s\u00fcrecini daha verimli hale getirmek ad\u0131na olduk\u00e7a \u00f6nemlidir. TUS S\u0131nav Giri\u015f Belgesi Ne Zaman Yay\u0131nlan\u0131yor? S\u0131nav tarihleri&#8230;<\/p>\n","protected":false},"author":1,"featured_media":874,"comment_status":"open","ping_status":"open","sticky":false,"template":"","format":"standard","meta":{"footnotes":""},"categories":[84],"tags":[],"class_list":["post-875","post","type-post","status-publish","format-standard","has-post-thumbnail","hentry","category-haber"],"_links":{"self":[{"href":"https:\/\/derstakip.app\/blog\/wp-json\/wp\/v2\/posts\/875","targetHints":{"allow":["GET"]}}],"collection":[{"href":"https:\/\/derstakip.app\/blog\/wp-json\/wp\/v2\/posts"}],"about":[{"href":"https:\/\/derstakip.app\/blog\/wp-json\/wp\/v2\/types\/post"}],"author":[{"embeddable":true,"href":"https:\/\/derstakip.app\/blog\/wp-json\/wp\/v2\/users\/1"}],"replies":[{"embeddable":true,"href":"https:\/\/derstakip.app\/blog\/wp-json\/wp\/v2\/comments?post=875"}],"version-history":[{"count":0,"href":"https:\/\/derstakip.app\/blog\/wp-json\/wp\/v2\/posts\/875\/revisions"}],"wp:featuredmedia":[{"embeddable":true,"href":"https:\/\/derstakip.app\/blog\/wp-json\/wp\/v2\/media\/874"}],"wp:attachment":[{"href":"https:\/\/derstakip.app\/blog\/wp-json\/wp\/v2\/media?parent=875"}],"wp:term":[{"taxonomy":"category","embeddable":true,"href":"https:\/\/derstakip.app\/blog\/wp-json\/wp\/v2\/categories?post=875"},{"taxonomy":"post_tag","embeddable":true,"href":"https:\/\/derstakip.app\/blog\/wp-json\/wp\/v2\/tags?post=875"}],"curies":[{"name":"wp","href":"https:\/\/api.w.org\/{rel}","templated":true}]}}