{"id":847,"date":"2025-03-13T17:20:58","date_gmt":"2025-03-13T14:20:58","guid":{"rendered":"https:\/\/derstakip.app\/blog\/meb-ekys-sonuclari-ne-zaman-aciklanacak-osym-tarihini-duyurdu-nasil-ogrenilir\/"},"modified":"2025-03-13T17:20:58","modified_gmt":"2025-03-13T14:20:58","slug":"meb-ekys-sonuclari-ne-zaman-aciklanacak-osym-tarihini-duyurdu-nasil-ogrenilir","status":"publish","type":"post","link":"https:\/\/derstakip.app\/blog\/meb-ekys-sonuclari-ne-zaman-aciklanacak-osym-tarihini-duyurdu-nasil-ogrenilir\/","title":{"rendered":"MEB-EKYS sonu\u00e7lar\u0131 ne zaman a\u00e7\u0131klanacak? \u00d6SYM tarihini duyurdu, nas\u0131l \u00f6\u011frenilir?"},"content":{"rendered":"<p>MEB EKYS sonu\u00e7lar\u0131 ne zaman a\u00e7\u0131klanacak? Bu soru, Milli E\u011fitim Bakanl\u0131\u011f\u0131&#8217;n\u0131n d\u00fczenledi\u011fi EKYS s\u0131nav\u0131na kat\u0131lan bir\u00e7ok aday\u0131n merak konusu. Milyonlarca \u00f6\u011frencinin heyecanla bekledi\u011fi bu sonu\u00e7lar\u0131n a\u00e7\u0131klanaca\u011f\u0131 tarih, son geli\u015fmelerle birlikte \u00d6SYM taraf\u0131ndan a\u00e7\u0131kland\u0131. Gelin detaylara birlikte g\u00f6z atal\u0131m! \ud83d\ude80<\/p>\n<h2>\u00d6SYM&#8217;nin A\u00e7\u0131klamas\u0131<\/h2>\n<p>\u00d6SYM, MEB EKYS sonu\u00e7lar\u0131n\u0131n ne zaman a\u00e7\u0131klanaca\u011f\u0131n\u0131 duyurdu ve s\u0131nav sonu\u00e7lar\u0131n\u0131n 18 Mart 2025 tarihinde eri\u015fime sunulaca\u011f\u0131n\u0131 belirtti. \ud83d\ude4c S\u0131nava kat\u0131lan adaylar, bu tarihte sonu\u00e7lar\u0131n\u0131 <a href=\"https:\/\/sonuc.osym.gov.tr\" target=\"_blank\" rel=\"noopener\">\u00d6SYM&#8217;nin resmi web sitesinden<\/a> \u00f6\u011frenebilecekler. Ayr\u0131ca \u00d6SYM mobil uygulamalar\u0131 \u00fczerinden de sonu\u00e7 sorgulama i\u015flemlerini rahatl\u0131kla yapabilecekler.<\/p>\n<h3>S\u0131nav Sonu\u00e7lar\u0131 Nas\u0131l \u00d6\u011frenilir?<\/h3>\n<p>Adaylar, MEB EKYS sonu\u00e7lar\u0131n\u0131 \u00f6\u011frenmek i\u00e7in T.C. Kimlik Numaras\u0131 ve \u015fifrelerini kullanarak \u00d6SYM&#8217;nin resmi internet sitesine giri\u015f yapacaklar. \ud83d\udcf1 Ancak dikkat! Adaylara sonu\u00e7 belgesi g\u00f6nderilmeyecek. \u0130nternette ilan edilen sonu\u00e7 bilgileri, adaylar\u0131n tebli\u011f h\u00fckm\u00fcndedir.<\/p>\n<h4>S\u0131nav De\u011ferlendirmesi Nas\u0131ld\u0131r?<\/h4>\n<p>MEB EKYS s\u0131nav\u0131n\u0131n de\u011ferlendirme s\u00fcreci hakk\u0131nda bilgi vermek gerekirse, adaylar\u0131n do\u011fru cevap say\u0131s\u0131 hesaplanarak de\u011ferlendirme yap\u0131lacak. Yanl\u0131\u015f cevap say\u0131s\u0131n\u0131n d\u00f6rtte biri, do\u011fru say\u0131s\u0131ndan \u00e7\u0131kar\u0131larak ham puan elde edilecek. Bu puanlar daha sonra standart puanlara d\u00f6n\u00fc\u015ft\u00fcr\u00fclecek. \ud83d\udca1<\/p>\n<h3>Sonu\u00e7lar\u0131n Erken A\u00e7\u0131klanmas\u0131 M\u00fcmk\u00fcn M\u00fc?<\/h3>\n<p>Adaylar s\u0131k\u00e7a, &#8220;MEB EKYS sonu\u00e7lar\u0131 ne zaman a\u00e7\u0131klanacak?&#8221; sorusunun yan\u0131 s\u0131ra, &#8220;Sonu\u00e7lar erken a\u00e7\u0131klanacak m\u0131?&#8221; diye de merak ediyor. Ancak, \u00d6SYM&#8217;den bu konuda hen\u00fcz bir resmi a\u00e7\u0131klama gelmedi. Sonu\u00e7lar\u0131n a\u00e7\u0131klanaca\u011f\u0131 tarih kesin olarak belirtildi\u011fi i\u00e7in, bu tarihin \u00f6ncesinde bir duyuru yap\u0131lmas\u0131 d\u00fc\u015f\u00fck ihtimal. \ud83e\udd14<\/p>\n<h2>\u00d6SYM&#8217;nin S\u0131nav Takvimi<\/h2>\n<ul>\n<li><strong>S\u0131nav Tarihi:<\/strong> 2025- \u015eubat 23<\/li>\n<li><strong>Sonu\u00e7 A\u00e7\u0131klama Tarihi:<\/strong> 18 Mart 2025<\/li>\n<\/ul>\n<h3>MEB EKYS S\u0131s\u0131nav\u0131n\u0131n \u00d6nemi<\/h3>\n<p>Bu s\u0131nav, Milli E\u011fitim Bakanl\u0131\u011f\u0131&#8217;na ba\u011fl\u0131 okullarda \u00f6\u011fretmen olarak \u00e7al\u0131\u015fmak isteyen adaylar i\u00e7in b\u00fcy\u00fck \u00f6nem ta\u015f\u0131maktad\u0131r. Bu nedenle s\u0131nav\u0131 ba\u015far\u0131yla ge\u00e7mek, bir\u00e7ok ki\u015finin hayalini ger\u00e7ekle\u015ftirmesi a\u00e7\u0131s\u0131ndan kritik bir ad\u0131m. \ud83c\udf1f<\/p>\n<h2>SSS<\/h2>\n<h3>MEB EKYS sonu\u00e7lar\u0131 ne zaman a\u00e7\u0131klanacak?<\/h3>\n<p>MEB EKYS sonu\u00e7lar\u0131 18 Mart 2025 tarihinde a\u00e7\u0131klanacakt\u0131r.<\/p>\n<h3>Sonu\u00e7lar nas\u0131l \u00f6\u011frenilir?<\/h3>\n<p>Sonu\u00e7lar, \u00d6SYM&#8217;nin resmi web sitesinde T.C. Kimlik Numaras\u0131 ve \u015fifre kullan\u0131larak \u00f6\u011frenilebilir.<\/p>\n<h3>Sonu\u00e7lar\u0131n a\u00e7\u0131klanaca\u011f\u0131 tarihten \u00f6nce bir duyuru yap\u0131lacak m\u0131?<\/h3>\n<p>Hen\u00fcz b\u00f6yle bir bilgi verilmedi. \u00d6SYM, sonu\u00e7 a\u00e7\u0131klama tarihini kesin olarak belirtmi\u015ftir.<\/p>\n","protected":false},"excerpt":{"rendered":"<p>MEB EKYS sonu\u00e7lar\u0131 ne zaman a\u00e7\u0131klanacak? Bu soru, Milli E\u011fitim Bakanl\u0131\u011f\u0131&#8217;n\u0131n d\u00fczenledi\u011fi EKYS s\u0131nav\u0131na kat\u0131lan bir\u00e7ok aday\u0131n merak konusu. Milyonlarca \u00f6\u011frencinin heyecanla bekledi\u011fi bu sonu\u00e7lar\u0131n a\u00e7\u0131klanaca\u011f\u0131 tarih, son geli\u015fmelerle birlikte \u00d6SYM taraf\u0131ndan a\u00e7\u0131kland\u0131. Gelin detaylara birlikte g\u00f6z atal\u0131m! \ud83d\ude80 \u00d6SYM&#8217;nin A\u00e7\u0131klamas\u0131 \u00d6SYM, MEB EKYS sonu\u00e7lar\u0131n\u0131n ne zaman a\u00e7\u0131klanaca\u011f\u0131n\u0131 duyurdu ve s\u0131nav sonu\u00e7lar\u0131n\u0131n 18 Mart 2025&#8230;<\/p>\n","protected":false},"author":1,"featured_media":846,"comment_status":"open","ping_status":"open","sticky":false,"template":"","format":"standard","meta":{"footnotes":""},"categories":[84],"tags":[],"class_list":["post-847","post","type-post","status-publish","format-standard","has-post-thumbnail","hentry","category-haber"],"_links":{"self":[{"href":"https:\/\/derstakip.app\/blog\/wp-json\/wp\/v2\/posts\/847","targetHints":{"allow":["GET"]}}],"collection":[{"href":"https:\/\/derstakip.app\/blog\/wp-json\/wp\/v2\/posts"}],"about":[{"href":"https:\/\/derstakip.app\/blog\/wp-json\/wp\/v2\/types\/post"}],"author":[{"embeddable":true,"href":"https:\/\/derstakip.app\/blog\/wp-json\/wp\/v2\/users\/1"}],"replies":[{"embeddable":true,"href":"https:\/\/derstakip.app\/blog\/wp-json\/wp\/v2\/comments?post=847"}],"version-history":[{"count":0,"href":"https:\/\/derstakip.app\/blog\/wp-json\/wp\/v2\/posts\/847\/revisions"}],"wp:featuredmedia":[{"embeddable":true,"href":"https:\/\/derstakip.app\/blog\/wp-json\/wp\/v2\/media\/846"}],"wp:attachment":[{"href":"https:\/\/derstakip.app\/blog\/wp-json\/wp\/v2\/media?parent=847"}],"wp:term":[{"taxonomy":"category","embeddable":true,"href":"https:\/\/derstakip.app\/blog\/wp-json\/wp\/v2\/categories?post=847"},{"taxonomy":"post_tag","embeddable":true,"href":"https:\/\/derstakip.app\/blog\/wp-json\/wp\/v2\/tags?post=847"}],"curies":[{"name":"wp","href":"https:\/\/api.w.org\/{rel}","templated":true}]}}