{"id":836,"date":"2025-03-12T18:21:01","date_gmt":"2025-03-12T15:21:01","guid":{"rendered":"https:\/\/derstakip.app\/blog\/yds-sonuclari-ne-zaman-aciklanacak-osym-tarih-bilgisiyle-meraklari-giderecek\/"},"modified":"2025-03-12T18:21:01","modified_gmt":"2025-03-12T15:21:01","slug":"yds-sonuclari-ne-zaman-aciklanacak-osym-tarih-bilgisiyle-meraklari-giderecek","status":"publish","type":"post","link":"https:\/\/derstakip.app\/blog\/yds-sonuclari-ne-zaman-aciklanacak-osym-tarih-bilgisiyle-meraklari-giderecek\/","title":{"rendered":"YDS sonu\u00e7lar\u0131 ne zaman a\u00e7\u0131klanacak? \u00d6SYM tarih bilgisiyle meraklar\u0131 giderecek!"},"content":{"rendered":"<p>YDS sonu\u00e7lar\u0131 ne zaman a\u00e7\u0131klanacak? Bu soru, s\u0131navda ter d\u00f6kenlerin akl\u0131ndaki en \u00f6nemli konulardan biri. \u00d6SYM, YDS s\u0131nav\u0131n\u0131n sonu\u00e7 a\u00e7\u0131klama tarihi hakk\u0131nda bilgi verdi. Adaylar, heyecanla sonu\u00e7lar\u0131n\u0131 bekliyorlar! \ud83c\udf89<\/p>\n<h2>YDS Sonu\u00e7lar\u0131 \u0130\u00e7in Geri Say\u0131m Ba\u015flad\u0131<\/h2>\n<p>YDS s\u0131nav\u0131, \u00fcniversite mezunlar\u0131n\u0131n ve \u00f6zellikle de \u00f6\u011fretmen adaylar\u0131n\u0131n dil bilgilerini \u00f6l\u00e7mek ad\u0131na ger\u00e7ekle\u015ftirilen \u00f6nemli bir s\u0131navd\u0131r. S\u0131nav sonu\u00e7lar\u0131, kat\u0131l\u0131mc\u0131lar\u0131n gelecekteki ad\u0131mlar\u0131n\u0131 belirlemede \u00f6nemli bir rol oynar. \u00d6SYM, sonu\u00e7lar\u0131n duyurulaca\u011f\u0131 tarihi belirledi ve adaylar i\u00e7in b\u00fcy\u00fck bir rahatlama sa\u011flad\u0131. <\/p>\n<h3>YDS Sonu\u00e7 A\u00e7\u0131klama Tarihi<\/h3>\n<p>2025 y\u0131l\u0131 i\u00e7in YDS sonu\u00e7lar\u0131n\u0131n 18 Mart 2025 tarihinde a\u00e7\u0131klanaca\u011f\u0131 duyuruldu. \u00d6nceki y\u0131llara bak\u0131ld\u0131\u011f\u0131nda, sonu\u00e7lar\u0131n genellikle bu tarihlerde duyurulmas\u0131 adaylar i\u00e7in s\u00fcrpriz de\u011fil. Peki, YDS sonu\u00e7lar\u0131n\u0131 nereden \u00f6\u011freneceksiniz? Bunun i\u00e7in \u00d6SYM&#8217;nin <a href=\"https:\/\/sonuc.osym.gov.tr\" target=\"_blank\" rel=\"noopener\">resmi web sitesi<\/a> \u00fczerinden T.C. Kimlik numaran\u0131z ve \u015fifrenizle giri\u015f yapmal\u0131s\u0131n\u0131z. \ud83d\udcc5<\/p>\n<h3>Sonu\u00e7lar\u0131n Erken A\u00e7\u0131klanma \u0130htimali<\/h3>\n<p>Her y\u0131l oldu\u011fu gibi, 2025 y\u0131l\u0131nda da YDS sonu\u00e7lar\u0131n\u0131n erken a\u00e7\u0131klanabilir mi sorusu g\u00fcndeme geldi. Ancak, \u00d6SYM&#8217;den hen\u00fcz bu konu hakk\u0131nda resmi bir duyuru yap\u0131lmad\u0131. Genellikle programlar\u0131na sad\u0131k kalmay\u0131 tercih eden \u00d6SYM\u2019nin, sonu\u00e7lar\u0131 belirtilen tarihte a\u00e7\u0131klamas\u0131 bekleniyor.<\/p>\n<h4>YDS De\u011ferlendirme S\u00fcreci<\/h4>\n<p>Adaylar s\u0131navda do\u011fru ve yanl\u0131\u015f yan\u0131tlar\u0131n\u0131 not ederken, sonu\u00e7 de\u011ferlendirme s\u00fcreci de merak konusu. \u00d6SYM, do\u011fru cevap say\u0131s\u0131ndan, yanl\u0131\u015f cevap say\u0131s\u0131n\u0131n d\u00f6rtte birini \u00e7\u0131kartarak adaylar\u0131n elde etti\u011fi puan\u0131 belirlemektedir. Bu s\u00fcre\u00e7, olabildi\u011fince adil ve \u015feffaf bir \u015fekilde ilerlemektedir. \ud83d\udcca<\/p>\n<h3>Sonu\u00e7lar\u0131n Duyurulmas\u0131n\u0131n \u00d6nemi<\/h3>\n<p>Adaylar i\u00e7in s\u0131nav sonu\u00e7lar\u0131n\u0131n a\u00e7\u0131klanmas\u0131 sadece puan \u00f6\u011frenme de\u011fil, ayn\u0131 zamanda gelecekle ilgili \u00f6nemli kararlar verme anlam\u0131na geliyor. YDS sonu\u00e7lar\u0131na g\u00f6re, yurt d\u0131\u015f\u0131ndaki okullara ba\u015fvuru, y\u00fcksek lisans tercihleri ve kariyer f\u0131rsatlar\u0131 de\u011ferlendirilmeye ba\u015flan\u0131yor. Ba\u015far\u0131l\u0131 bir sonu\u00e7 almak, pek \u00e7ok kap\u0131y\u0131 aral\u0131yor. \ud83c\udfc6<\/p>\n<h4>Sonu\u00e7 Belgesi ve Kontrol \u0130\u015flemleri<\/h4>\n<p>YDS sonu\u00e7lar\u0131n\u0131za ula\u015ft\u0131\u011f\u0131n\u0131zda, kesinlikle bir sonu\u00e7 belgesi almayacaks\u0131n\u0131z. Bunun yerine, sonu\u00e7lar ve belgelere \u00d6SYM&#8217;nin <a href=\"https:\/\/sonuc.osym.gov.tr\" target=\"_blank\" rel=\"noopener\">sonu\u00e7 sayfas\u0131ndan<\/a> ula\u015fabileceksiniz. Ek olarak, sonu\u00e7 belgeleri i\u00e7in do\u011frulama sistemi de sunulmaktad\u0131r. Bu sistemle, s\u0131nav belgelerinizi do\u011frulayarak g\u00fcvenli bir \u015fekilde ilerleyebilirsiniz.<\/p>\n<h2>YDS Sonu\u00e7lar\u0131 \u0130le \u0130lgili S\u0131k\u00e7a Sorulan Sorular<\/h2>\n<h3>YDS sonu\u00e7lar\u0131 ne zaman a\u00e7\u0131klanacak?<\/h3>\n<p>2025 y\u0131l\u0131 i\u00e7in YDS sonu\u00e7lar\u0131 18 Mart 2025 tarihinde a\u00e7\u0131klanacak.<\/p>\n<h3>Sonu\u00e7lar nereden \u00f6\u011frenilecek?<\/h3>\n<p>Sonu\u00e7lar, \u00d6SYM\u2019nin resmi web sitesi \u00fczerinden \u00f6\u011frenilebilecektir.<\/p>\n<h3>YDS sonu\u00e7lar\u0131 erken a\u00e7\u0131klanacak m\u0131?<\/h3>\n<p>Hen\u00fcz resmi bir a\u00e7\u0131klama yap\u0131lmad\u0131\u011f\u0131 i\u00e7in sonu\u00e7lar\u0131n erken a\u00e7\u0131klan\u0131p a\u00e7\u0131klanmayaca\u011f\u0131 belli de\u011fil.<\/p>\n<h3>Sonu\u00e7larda nas\u0131l bir de\u011ferlendirme yap\u0131lacak?<\/h3>\n<p>Do\u011fru cevap say\u0131s\u0131ndan, yanl\u0131\u015f cevaplar\u0131n d\u00f6rtte biri \u00e7\u0131kart\u0131larak ham puan hesaplanacakt\u0131r.<\/p>\n<p>Sonu\u00e7 olarak, YDS sonu\u00e7lar\u0131 ne zaman a\u00e7\u0131klanacak sorusu yan\u0131t bulmu\u015f oldu. 18 Mart tarihi, t\u00fcm adaylar i\u00e7in bir d\u00f6n\u00fcm noktas\u0131 olacak. \u0130yi \u015fanslar! \ud83c\udf40<\/p>\n","protected":false},"excerpt":{"rendered":"<p>YDS sonu\u00e7lar\u0131 ne zaman a\u00e7\u0131klanacak? Bu soru, s\u0131navda ter d\u00f6kenlerin akl\u0131ndaki en \u00f6nemli konulardan biri. \u00d6SYM, YDS s\u0131nav\u0131n\u0131n sonu\u00e7 a\u00e7\u0131klama tarihi hakk\u0131nda bilgi verdi. Adaylar, heyecanla sonu\u00e7lar\u0131n\u0131 bekliyorlar! \ud83c\udf89 YDS Sonu\u00e7lar\u0131 \u0130\u00e7in Geri Say\u0131m Ba\u015flad\u0131 YDS s\u0131nav\u0131, \u00fcniversite mezunlar\u0131n\u0131n ve \u00f6zellikle de \u00f6\u011fretmen adaylar\u0131n\u0131n dil bilgilerini \u00f6l\u00e7mek ad\u0131na ger\u00e7ekle\u015ftirilen \u00f6nemli bir s\u0131navd\u0131r. S\u0131nav sonu\u00e7lar\u0131, kat\u0131l\u0131mc\u0131lar\u0131n&#8230;<\/p>\n","protected":false},"author":1,"featured_media":834,"comment_status":"open","ping_status":"open","sticky":false,"template":"","format":"standard","meta":{"footnotes":""},"categories":[84],"tags":[],"class_list":["post-836","post","type-post","status-publish","format-standard","has-post-thumbnail","hentry","category-haber"],"_links":{"self":[{"href":"https:\/\/derstakip.app\/blog\/wp-json\/wp\/v2\/posts\/836","targetHints":{"allow":["GET"]}}],"collection":[{"href":"https:\/\/derstakip.app\/blog\/wp-json\/wp\/v2\/posts"}],"about":[{"href":"https:\/\/derstakip.app\/blog\/wp-json\/wp\/v2\/types\/post"}],"author":[{"embeddable":true,"href":"https:\/\/derstakip.app\/blog\/wp-json\/wp\/v2\/users\/1"}],"replies":[{"embeddable":true,"href":"https:\/\/derstakip.app\/blog\/wp-json\/wp\/v2\/comments?post=836"}],"version-history":[{"count":0,"href":"https:\/\/derstakip.app\/blog\/wp-json\/wp\/v2\/posts\/836\/revisions"}],"wp:featuredmedia":[{"embeddable":true,"href":"https:\/\/derstakip.app\/blog\/wp-json\/wp\/v2\/media\/834"}],"wp:attachment":[{"href":"https:\/\/derstakip.app\/blog\/wp-json\/wp\/v2\/media?parent=836"}],"wp:term":[{"taxonomy":"category","embeddable":true,"href":"https:\/\/derstakip.app\/blog\/wp-json\/wp\/v2\/categories?post=836"},{"taxonomy":"post_tag","embeddable":true,"href":"https:\/\/derstakip.app\/blog\/wp-json\/wp\/v2\/tags?post=836"}],"curies":[{"name":"wp","href":"https:\/\/api.w.org\/{rel}","templated":true}]}}