{"id":609,"date":"2025-02-11T12:12:39","date_gmt":"2025-02-11T09:12:39","guid":{"rendered":"https:\/\/derstakip.app\/blog\/?p=609"},"modified":"2025-02-11T12:12:43","modified_gmt":"2025-02-11T09:12:43","slug":"kar-yagarken-okullar-tatil-mi-diye-sorma-bu-hava-sinavlara-calismak-icin-bicilmis-kaftan","status":"publish","type":"post","link":"https:\/\/derstakip.app\/blog\/kar-yagarken-okullar-tatil-mi-diye-sorma-bu-hava-sinavlara-calismak-icin-bicilmis-kaftan\/","title":{"rendered":"Kar Ya\u011farken &#8216;Okullar Tatil Mi?&#8217; Diye Sorma, Bu Hava S\u0131navlara \u00c7al\u0131\u015fmak \u0130\u00e7in Bi\u00e7ilmi\u015f Kaftan!"},"content":{"rendered":"\n<p>K\u0131\u015f aylar\u0131 geldi\u011finde herkesin akl\u0131nda ayn\u0131 soru belirir: <strong>&#8220;Okullar tatil mi?&#8221;<\/strong> Kar ya\u011f\u0131\u015f\u0131 ba\u015flad\u0131\u011f\u0131 anda \u00f6\u011frenciler internetin arama \u00e7ubu\u011funa bu c\u00fcmleyi yazarak sab\u0131rs\u0131zca cevap arar. Ancak kar tatili olmasa bile, bu beyaz \u00f6rt\u00fcn\u00fcn getirdi\u011fi huzur dolu atmosfer, <strong>s\u0131navlara \u00e7al\u0131\u015fmak i\u00e7in bi\u00e7ilmi\u015f kaftan<\/strong> olabilir. D\u0131\u015far\u0131n\u0131n sessizli\u011fi ve evin s\u0131cak ortam\u0131, ders \u00e7al\u0131\u015fmay\u0131 daha verimli hale getirmenin en g\u00fczel yollar\u0131ndan biridir.<\/p>\n\n\n\n<p>Bu yaz\u0131m\u0131zda, kar ya\u011farken motivasyonunuzu kaybetmeden nas\u0131l etkili ders \u00e7al\u0131\u015fabilece\u011finizi ve bu s\u00fcreci nas\u0131l avantaja \u00e7evirebilece\u011finizi anlataca\u011f\u0131z. Hem s\u0131navlar\u0131n\u0131zda ba\u015far\u0131y\u0131 yakalayacak hem de ders \u00e7al\u0131\u015fmay\u0131 daha keyifli bir hale getireceksiniz!<\/p>\n\n\n\n<h3 class=\"wp-block-heading\">1. Kar Ya\u011f\u0131\u015f\u0131n\u0131n Sessizli\u011fini Avantaja \u00c7evirin<\/h3>\n\n\n\n<p>Kar ya\u011f\u0131\u015f\u0131, \u015fehirdeki t\u00fcm sesleri yumu\u015fatarak <strong>do\u011fal bir sessizlik ortam\u0131<\/strong> yarat\u0131r. D\u0131\u015far\u0131da oynayan \u00e7ocuklar\u0131n sesleri bile bu sessizlikte kaybolur. Bu sessizlik, ders \u00e7al\u0131\u015fmak i\u00e7in ideal bir atmosfer olu\u015fturur. G\u00fcr\u00fclt\u00fcs\u00fcz bir ortamda \u00e7al\u0131\u015fmak, dikkatinizin da\u011f\u0131lmas\u0131n\u0131 engeller ve odaklanma s\u00fcrenizi uzat\u0131r. \u00d6zellikle s\u0131nav haz\u0131rl\u0131\u011f\u0131nda konsantrasyonunuzu art\u0131rmak i\u00e7in bu do\u011fal sessizlikten faydalanabilirsiniz.<\/p>\n\n\n\n<h3 class=\"wp-block-heading\">2. S\u0131cak Bir \u0130\u00e7ecek ile Motive Olun<\/h3>\n\n\n\n<p>So\u011fuk havalarda s\u0131cak bir i\u00e7ece\u011fin verdi\u011fi huzur tart\u0131\u015f\u0131lmaz. Ders \u00e7al\u0131\u015f\u0131rken bir <strong>s\u0131cak \u00e7ikolata, kahve veya bitki \u00e7ay\u0131<\/strong> haz\u0131rlayarak \u00e7al\u0131\u015fmaya ba\u015flamadan \u00f6nce kendinizi motive edebilirsiniz. Bu k\u00fc\u00e7\u00fck \u00f6d\u00fcller, \u00e7al\u0131\u015fmay\u0131 daha keyifli hale getirir ve ders s\u00fcresince enerjinizi y\u00fcksek tutar. Ayr\u0131ca, bu rit\u00fcel ders \u00e7al\u0131\u015fma al\u0131\u015fkanl\u0131\u011f\u0131n\u0131z\u0131 destekler.<\/p>\n\n\n\n<h3 class=\"wp-block-heading\">3. \u00c7al\u0131\u015fma Alan\u0131n\u0131z\u0131 K\u0131\u015fa Uygun Hale Getirin<\/h3>\n\n\n\n<p>Kar ya\u011farken d\u0131\u015far\u0131n\u0131n so\u011fuk g\u00f6r\u00fcnt\u00fcs\u00fc sizi ders \u00e7al\u0131\u015fmaktan al\u0131koyabilir. Ancak \u00e7al\u0131\u015fma alan\u0131n\u0131z\u0131 <strong>s\u0131cak ve konforlu<\/strong> bir hale getirerek bu durumu avantaja \u00e7evirebilirsiniz. Rahat bir battaniye, iyi bir ayd\u0131nlatma ve ergonomik bir masa-sandalye d\u00fczeni, ders \u00e7al\u0131\u015f\u0131rken konforunuzu art\u0131r\u0131r. Ayr\u0131ca, pencerenizden d\u0131\u015far\u0131daki kar manzaras\u0131n\u0131 izlemek de k\u0131sa molalar\u0131n\u0131zda sizi rahatlatabilir.<\/p>\n\n\n\n<h3 class=\"wp-block-heading\">4. K\u0131sa Molalar Verin ve D\u0131\u015far\u0131 \u00c7\u0131k\u0131n<\/h3>\n\n\n\n<p>S\u00fcrekli ders \u00e7al\u0131\u015fmak bir s\u00fcre sonra <strong>motivasyon kayb\u0131na<\/strong> neden olabilir. Bu y\u00fczden \u00e7al\u0131\u015f\u0131rken 25-30 dakikal\u0131k \u00e7al\u0131\u015fma seanslar\u0131 aras\u0131nda k\u0131sa molalar verin. Mola s\u0131ras\u0131nda d\u0131\u015far\u0131 \u00e7\u0131k\u0131p temiz hava almak ya da kar ya\u011f\u0131\u015f\u0131n\u0131 izlemek zihninizi tazeler. E\u011fer hava \u00e7ok so\u011fuksa, pencereyi a\u00e7arak odan\u0131z\u0131 havaland\u0131rmak bile yeterli olacakt\u0131r.<\/p>\n\n\n\n<blockquote class=\"wp-block-quote is-layout-flow wp-block-quote-is-layout-flow\">\n<p><strong>Bonus:<\/strong> Bu \u00e7al\u0131\u015fma sistemini daha etkili hale getirmek i\u00e7in <strong>DersTakip<\/strong> uygulamas\u0131n\u0131 kullanabilirsiniz. Seanslar\u0131n\u0131z\u0131 planlamak, mola s\u00fcrelerini ayarlamak ve \u00e7al\u0131\u015fma s\u00fcrenizi takip etmek i\u00e7in harika bir yard\u0131mc\u0131d\u0131r.<\/p>\n<\/blockquote>\n\n\n\n<h3 class=\"wp-block-heading\">5. Kar Tatili Olmasa da Rutinlerinizi Bozmay\u0131n<\/h3>\n\n\n\n<p>Okullar tatil olmad\u0131\u011f\u0131nda bile hava ko\u015fullar\u0131 g\u00fcnl\u00fck rutinlerimizi de\u011fi\u015ftirebilir. Ancak ders \u00e7al\u0131\u015f\u0131rken <strong>rutinlerinizi korumak<\/strong> \u00f6nemlidir. Sabah erken kalk\u0131p kahvalt\u0131n\u0131z\u0131 yapt\u0131ktan sonra belirli saatlerde ders \u00e7al\u0131\u015fmaya ba\u015flamak, verimlili\u011finizi art\u0131r\u0131r. Tatil moduna girmeden, s\u0131navlara haz\u0131rl\u0131k s\u00fcrecinizi planl\u0131 bir \u015fekilde s\u00fcrd\u00fcrebilirsiniz.<\/p>\n\n\n\n<h3 class=\"wp-block-heading\">6. Kar Ya\u011f\u0131\u015f\u0131n\u0131 \u0130lham Kayna\u011f\u0131 Olarak Kullan\u0131n<\/h3>\n\n\n\n<p>Kar ya\u011f\u0131\u015f\u0131 sadece bir do\u011fa olay\u0131 de\u011fil, ayn\u0131 zamanda bir <strong>ilham kayna\u011f\u0131<\/strong> olabilir. Kar\u0131n safl\u0131\u011f\u0131 ve huzuru, zihninizi bo\u015faltman\u0131za ve derslere odaklanman\u0131za yard\u0131mc\u0131 olabilir. Bu atmosferde \u00e7al\u0131\u015fmak, yarat\u0131c\u0131l\u0131\u011f\u0131n\u0131z\u0131 art\u0131r\u0131r ve \u00f6zellikle s\u00f6zel derslerde yazma yeteneklerinizi geli\u015ftirmenize katk\u0131 sa\u011flar.<\/p>\n\n\n\n<h3 class=\"wp-block-heading\">7. Ders \u00c7al\u0131\u015fma S\u00fcrenizi Takip Edin<\/h3>\n\n\n\n<p>Kar ya\u011farken zaman\u0131n nas\u0131l ge\u00e7ti\u011fini fark etmeyebilirsiniz. Bu y\u00fczden ders \u00e7al\u0131\u015fma s\u00fcrenizi <strong>dijital ara\u00e7larla<\/strong> takip etmek faydal\u0131 olabilir. <strong>DersTakip<\/strong> gibi uygulamalar sayesinde \u00e7al\u0131\u015fma s\u00fcrelerinizi kaydedebilir, hedeflerinize ula\u015f\u0131p ula\u015fmad\u0131\u011f\u0131n\u0131z\u0131 kontrol edebilirsiniz. Bu, \u00f6zellikle s\u0131navlara haz\u0131rl\u0131k s\u00fcrecinde motivasyonunuzu y\u00fcksek tutman\u0131za yard\u0131mc\u0131 olur.<\/p>\n\n\n\n<h3 class=\"wp-block-heading\">8. Kar Ya\u011farken Grup \u00c7al\u0131\u015fmalar\u0131 Yap\u0131n<\/h3>\n\n\n\n<p>Evde yaln\u0131z ders \u00e7al\u0131\u015fmak bazen s\u0131k\u0131c\u0131 olabilir. Ancak arkada\u015flar\u0131n\u0131zla online platformlar \u00fczerinden <strong>grup \u00e7al\u0131\u015fmalar\u0131<\/strong> yaparak ders \u00e7al\u0131\u015fmay\u0131 daha e\u011flenceli hale getirebilirsiniz. Birlikte \u00e7al\u0131\u015farak hem sorular\u0131n\u0131z\u0131 \u00e7\u00f6zebilir hem de s\u0131navlara daha haz\u0131rl\u0131kl\u0131 bir \u015fekilde girebilirsiniz.<\/p>\n\n\n\n<h3 class=\"wp-block-heading\">9. Kendinize K\u00fc\u00e7\u00fck Hedefler Belirleyin<\/h3>\n\n\n\n<p>Kar ya\u011f\u0131\u015f\u0131, bazen tembellik hissi yaratabilir. Bu hissin \u00f6n\u00fcne ge\u00e7mek i\u00e7in kendinize k\u00fc\u00e7\u00fck ve ula\u015f\u0131labilir hedefler koyun. \u00d6rne\u011fin, &#8220;Bu konuyu bitirirsem d\u0131\u015far\u0131da 10 dakika kar topu oynayaca\u011f\u0131m&#8221; gibi <strong>k\u00fc\u00e7\u00fck \u00f6d\u00fcller<\/strong> ile motivasyonunuzu art\u0131rabilirsiniz.<\/p>\n\n\n\n<h3 class=\"wp-block-heading\">Sonu\u00e7: Kar Tatili Olmasa da Ba\u015far\u0131 Sizin Elinizde!<\/h3>\n\n\n\n<p>Kar ya\u011farken <strong>&#8220;Okullar tatil mi?&#8221;<\/strong> diye d\u00fc\u015f\u00fcnmek do\u011fal. Ancak tatil olsun ya da olmas\u0131n, bu g\u00fczel k\u0131\u015f atmosferi ders \u00e7al\u0131\u015fmak i\u00e7in m\u00fckemmel bir f\u0131rsat sunuyor. <strong>Sessiz ortam<\/strong>, s\u0131cak bir i\u00e7ecek ve iyi planlanm\u0131\u015f bir ders \u00e7al\u0131\u015fma program\u0131 ile s\u0131navlar\u0131n\u0131za en iyi \u015fekilde haz\u0131rlanabilirsiniz. Unutmay\u0131n, ba\u015far\u0131y\u0131 belirleyen hava ko\u015fullar\u0131 de\u011fil, sizin \u00e7al\u0131\u015fma disiplininizdir!<\/p>\n\n\n\n<p><strong>DersTakip<\/strong> gibi uygulamalarla \u00e7al\u0131\u015fma s\u00fcrenizi y\u00f6netebilir, hedeflerinize daha h\u0131zl\u0131 ula\u015fabilirsiniz. Kar ya\u011f\u0131\u015f\u0131 d\u0131\u015far\u0131da devam ederken siz de i\u00e7eride ba\u015far\u0131ya do\u011fru emin ad\u0131mlarla ilerleyin!<\/p>\n\n\n\n<h3 class=\"wp-block-heading\">S\u0131k\u00e7a Sorulan Sorular (FAQs)<\/h3>\n\n\n\n<ol class=\"wp-block-list\">\n<li><strong>Kar ya\u011farken ders \u00e7al\u0131\u015fmak verimli midir?<\/strong><br>Evet, kar ya\u011f\u0131\u015f\u0131n\u0131n yaratt\u0131\u011f\u0131 sessizlik ve sakinlik, konsantrasyonu art\u0131rarak ders \u00e7al\u0131\u015fmay\u0131 daha verimli hale getirir.<\/li>\n\n\n\n<li><strong>Kar tatili oldu\u011funda \u00e7al\u0131\u015fmaya devam etmeli miyim?<\/strong><br>Kar tatili bir mola f\u0131rsat\u0131 gibi g\u00f6r\u00fcnse de, \u00f6zellikle s\u0131nav d\u00f6nemlerinde planl\u0131 \u00e7al\u0131\u015fmak ba\u015far\u0131 i\u00e7in \u00f6nemlidir.<\/li>\n\n\n\n<li><strong>Ders \u00e7al\u0131\u015f\u0131rken motivasyonumu nas\u0131l koruyabilirim?<\/strong><br>K\u00fc\u00e7\u00fck \u00f6d\u00fcller koyarak, s\u0131cak i\u00e7eceklerle kendinizi motive ederek ve ders \u00e7al\u0131\u015fma s\u00fcrecinizi takip eden uygulamalar kullanarak motivasyonunuzu y\u00fcksek tutabilirsiniz.<\/li>\n\n\n\n<li><strong>Kar ya\u011farken grup \u00e7al\u0131\u015fmas\u0131 yapmak etkili olur mu?<\/strong><br>Evet, online platformlar \u00fczerinden arkada\u015flar\u0131n\u0131zla birlikte \u00e7al\u0131\u015fmak, dersleri daha e\u011flenceli ve verimli hale getirir.<\/li>\n\n\n\n<li><strong>Kar ya\u011farken hava durumuna bakmak daha \u00e7ok ya\u011fmas\u0131n\u0131 sa\u011flar m\u0131?<\/strong><br>\u00dczg\u00fcn\u00fcm ki tecr\u00fcbeyle sabit, hay\u0131r.<\/li>\n\n\n\n<li><strong>Ders \u00e7al\u0131\u015f\u0131rken hangi dijital ara\u00e7lar yard\u0131mc\u0131 olabilir?<\/strong><br><strong>DersTakip<\/strong> gibi uygulamalar, \u00e7al\u0131\u015fma s\u00fcrenizi planlaman\u0131za ve hedeflerinize ula\u015fman\u0131za yard\u0131mc\u0131 olur.<\/li>\n<\/ol>\n","protected":false},"excerpt":{"rendered":"<p>K\u0131\u015f aylar\u0131 geldi\u011finde herkesin akl\u0131nda ayn\u0131 soru belirir: &#8220;Okullar tatil mi?&#8221; Kar ya\u011f\u0131\u015f\u0131 ba\u015flad\u0131\u011f\u0131 anda \u00f6\u011frenciler internetin arama \u00e7ubu\u011funa bu c\u00fcmleyi yazarak sab\u0131rs\u0131zca cevap arar. Ancak kar tatili olmasa bile, bu beyaz \u00f6rt\u00fcn\u00fcn getirdi\u011fi huzur dolu atmosfer, s\u0131navlara \u00e7al\u0131\u015fmak i\u00e7in bi\u00e7ilmi\u015f kaftan olabilir. D\u0131\u015far\u0131n\u0131n sessizli\u011fi ve evin s\u0131cak ortam\u0131, ders \u00e7al\u0131\u015fmay\u0131 daha verimli hale getirmenin&#8230;<\/p>\n","protected":false},"author":1,"featured_media":611,"comment_status":"open","ping_status":"open","sticky":false,"template":"","format":"standard","meta":{"footnotes":""},"categories":[34,35],"tags":[],"class_list":["post-609","post","type-post","status-publish","format-standard","has-post-thumbnail","hentry","category-rehberlik","category-sinava-calismak"],"_links":{"self":[{"href":"https:\/\/derstakip.app\/blog\/wp-json\/wp\/v2\/posts\/609","targetHints":{"allow":["GET"]}}],"collection":[{"href":"https:\/\/derstakip.app\/blog\/wp-json\/wp\/v2\/posts"}],"about":[{"href":"https:\/\/derstakip.app\/blog\/wp-json\/wp\/v2\/types\/post"}],"author":[{"embeddable":true,"href":"https:\/\/derstakip.app\/blog\/wp-json\/wp\/v2\/users\/1"}],"replies":[{"embeddable":true,"href":"https:\/\/derstakip.app\/blog\/wp-json\/wp\/v2\/comments?post=609"}],"version-history":[{"count":1,"href":"https:\/\/derstakip.app\/blog\/wp-json\/wp\/v2\/posts\/609\/revisions"}],"predecessor-version":[{"id":612,"href":"https:\/\/derstakip.app\/blog\/wp-json\/wp\/v2\/posts\/609\/revisions\/612"}],"wp:featuredmedia":[{"embeddable":true,"href":"https:\/\/derstakip.app\/blog\/wp-json\/wp\/v2\/media\/611"}],"wp:attachment":[{"href":"https:\/\/derstakip.app\/blog\/wp-json\/wp\/v2\/media?parent=609"}],"wp:term":[{"taxonomy":"category","embeddable":true,"href":"https:\/\/derstakip.app\/blog\/wp-json\/wp\/v2\/categories?post=609"},{"taxonomy":"post_tag","embeddable":true,"href":"https:\/\/derstakip.app\/blog\/wp-json\/wp\/v2\/tags?post=609"}],"curies":[{"name":"wp","href":"https:\/\/api.w.org\/{rel}","templated":true}]}}