{"id":467,"date":"2024-11-05T15:09:00","date_gmt":"2024-11-05T12:09:00","guid":{"rendered":"https:\/\/derstakip.app\/blog\/?p=467"},"modified":"2024-11-03T22:33:17","modified_gmt":"2024-11-03T19:33:17","slug":"ogrenci-hayatinda-staj-ve-gonullu-calismalarin-kariyerinize-katkilari","status":"publish","type":"post","link":"https:\/\/derstakip.app\/blog\/ogrenci-hayatinda-staj-ve-gonullu-calismalarin-kariyerinize-katkilari\/","title":{"rendered":"\u00d6\u011frenci Hayat\u0131nda Staj ve G\u00f6n\u00fcll\u00fc \u00c7al\u0131\u015fmalar\u0131n Kariyerinize Katk\u0131lar\u0131"},"content":{"rendered":"\n<p>\u00dcniversite y\u0131llar\u0131, hayat\u0131m\u0131z\u0131n en dinamik ve \u015fekillendirici d\u00f6nemlerinden biridir. Bu s\u00fcre\u00e7te sadece akademik bilgilerle donanmakla kalmaz, ayn\u0131 zamanda ki\u015fisel ve profesyonel geli\u015fimimize de yat\u0131r\u0131m yapar\u0131z. Ancak, ders kitaplar\u0131ndan ve s\u0131n\u0131f ortam\u0131ndan \u00f6\u011frenilemeyen bir\u00e7ok beceri ve deneyim vard\u0131r. \u0130\u015fte tam da bu noktada stajlar ve g\u00f6n\u00fcll\u00fc \u00e7al\u0131\u015fmalar devreye girer. Peki, bu deneyimler kariyerinize ve ki\u015fisel geli\u015fiminize nas\u0131l katk\u0131 sa\u011flar? Gelin, bu konuyu detayl\u0131 bir \u015fekilde inceleyelim.<\/p>\n\n\n\n<h3 class=\"wp-block-heading\">Pratik Deneyim Kazan\u0131m\u0131<\/h3>\n\n\n\n<p><strong>Teoriden Prati\u011fe Ge\u00e7i\u015f<\/strong><\/p>\n\n\n\n<p>\u00dcniversitede ald\u0131\u011f\u0131m\u0131z dersler, bize belirli bir alan\u0131n teorik temelini sunar. Ancak, ger\u00e7ek i\u015f d\u00fcnyas\u0131 genellikle s\u0131n\u0131fta \u00f6\u011frendiklerimizden daha karma\u015f\u0131k ve dinamiktir. Stajlar, \u00f6\u011frencilere bu teorik bilgileri ger\u00e7ek i\u015f ortamlar\u0131nda uygulama f\u0131rsat\u0131 sunar. \u00d6rne\u011fin, i\u015fletme \u00f6\u011frencisi bir ki\u015fi, bir \u015firketin pazarlama departman\u0131nda staj yaparak, pazarlama stratejilerinin nas\u0131l geli\u015ftirildi\u011fini ve uyguland\u0131\u011f\u0131n\u0131 ilk elden deneyimleyebilir.<\/p>\n\n\n\n<p><strong>Ger\u00e7ek Projelerde Yer Alma<\/strong><\/p>\n\n\n\n<p>Stajlar sayesinde \u00f6\u011frenciler, ger\u00e7ek projelerde aktif rol alabilirler. Bu, onlara proje y\u00f6netimi, ekip \u00e7al\u0131\u015fmas\u0131 ve problem \u00e7\u00f6zme becerilerini geli\u015ftirme f\u0131rsat\u0131 verir. \u00d6rne\u011fin, m\u00fchendislik \u00f6\u011frencileri, bir in\u015faat projesinde saha \u00e7al\u0131\u015fmas\u0131na kat\u0131larak, m\u00fchendislik prensiplerinin sahada nas\u0131l uyguland\u0131\u011f\u0131n\u0131 \u00f6\u011frenebilirler.<\/p>\n\n\n\n<p><strong>G\u00f6n\u00fcll\u00fc \u00c7al\u0131\u015fmalar\u0131n Katk\u0131s\u0131<\/strong><\/p>\n\n\n\n<p>G\u00f6n\u00fcll\u00fc \u00e7al\u0131\u015fmalar da pratik deneyim kazanman\u0131n bir ba\u015fka yoludur. \u00d6zellikle sosyal sorumluluk projelerinde yer alarak, toplumsal konulara duyarl\u0131l\u0131k geli\u015ftirebilir ve topluma fayda sa\u011flayan projelerde aktif rol alabilirsiniz. \u00d6rne\u011fin, bir \u00e7evre temizli\u011fi projesinde g\u00f6n\u00fcll\u00fc olarak yer almak, \u00e7evre bilincinizi art\u0131r\u0131rken ayn\u0131 zamanda organizasyon ve liderlik becerilerinizi de geli\u015ftirir.<\/p>\n\n\n\n<h3 class=\"wp-block-heading\">A\u011f Olu\u015fturma F\u0131rsatlar\u0131<\/h3>\n\n\n\n<p><strong>Profesyonel \u0130li\u015fkiler Kurma<\/strong><\/p>\n\n\n\n<p>Hem stajlar hem de g\u00f6n\u00fcll\u00fc \u00e7al\u0131\u015fmalar, profesyonel a\u011f\u0131n\u0131z\u0131 geni\u015fletmek i\u00e7in m\u00fckemmel f\u0131rsatlar sunar. \u0130\u015f d\u00fcnyas\u0131ndan profesyonellerle tan\u0131\u015farak, gelecekteki kariyer f\u0131rsatlar\u0131 i\u00e7in sa\u011flam temeller atabilirsiniz. \u00d6rne\u011fin, staj yapt\u0131\u011f\u0131n\u0131z \u015firketteki y\u00f6neticiler veya ekip arkada\u015flar\u0131n\u0131z, gelecekte i\u015f ba\u015fvurular\u0131n\u0131zda referans olabilir veya size yeni f\u0131rsatlar sunabilir.<\/p>\n\n\n\n<p><strong>Mentorluk \u0130mkanlar\u0131<\/strong><\/p>\n\n\n\n<p>Staj veya g\u00f6n\u00fcll\u00fc \u00e7al\u0131\u015fmalar s\u0131ras\u0131nda tan\u0131\u015ft\u0131\u011f\u0131n\u0131z deneyimli profesyoneller, size mentorluk yapabilir. Bu, kariyer yolculu\u011funuzda kar\u015f\u0131la\u015fabilece\u011finiz zorluklarla ba\u015fa \u00e7\u0131kmak i\u00e7in de\u011ferli tavsiyeler ve rehberlik alabilece\u011finiz anlam\u0131na gelir. \u00d6rne\u011fin, bir g\u00f6n\u00fcll\u00fc projesinde tan\u0131\u015ft\u0131\u011f\u0131n\u0131z bir proje y\u00f6neticisi, sizinle deneyimlerini payla\u015farak kariyer planlaman\u0131zda yard\u0131mc\u0131 olabilir.<\/p>\n\n\n\n<p><strong>Akademik ve Sosyal A\u011flar\u0131n Geni\u015flemesi<\/strong><\/p>\n\n\n\n<p>G\u00f6n\u00fcll\u00fc \u00e7al\u0131\u015fmalar genellikle farkl\u0131 \u00fcniversitelerden ve disiplinlerden \u00f6\u011frencileri bir araya getirir. Bu da sosyal a\u011f\u0131n\u0131z\u0131 geni\u015fletme ve farkl\u0131 bak\u0131\u015f a\u00e7\u0131lar\u0131 kazanma f\u0131rsat\u0131 sunar. \u00d6rne\u011fin, bir e\u011fitim projesinde farkl\u0131 b\u00f6l\u00fcmlerden \u00f6\u011frencilerle \u00e7al\u0131\u015farak, multidisipliner bir yakla\u015f\u0131m geli\u015ftirebilirsiniz.<\/p>\n\n\n\n<h3 class=\"wp-block-heading\">Becerilerin Geli\u015ftirilmesi<\/h3>\n\n\n\n<p><strong>\u0130leti\u015fim ve Tak\u0131m \u00c7al\u0131\u015fmas\u0131<\/strong><\/p>\n\n\n\n<p>\u0130\u015f hayat\u0131nda ba\u015far\u0131l\u0131 olmak i\u00e7in sadece teknik bilgi yeterli de\u011fildir. \u0130leti\u015fim ve tak\u0131m \u00e7al\u0131\u015fmas\u0131 becerileri de b\u00fcy\u00fck \u00f6nem ta\u015f\u0131r. Staj ve g\u00f6n\u00fcll\u00fc \u00e7al\u0131\u015fmalar, bu becerileri ger\u00e7ek hayatta uygulayarak geli\u015ftirmenize olanak tan\u0131r. \u00d6rne\u011fin, bir ekip projesinde fikirlerinizi etkili bir \u015fekilde ifade etmeyi ve ba\u015fkalar\u0131n\u0131n g\u00f6r\u00fc\u015flerine sayg\u0131 duymay\u0131 \u00f6\u011frenirsiniz.<\/p>\n\n\n\n<p><strong>Problem \u00c7\u00f6zme ve Karar Verme<\/strong><\/p>\n\n\n\n<p>Ger\u00e7ek i\u015f ortamlar\u0131nda s\u0131k\u00e7a kar\u015f\u0131la\u015f\u0131lan sorunlarla ba\u015fa \u00e7\u0131kmak, problem \u00e7\u00f6zme ve karar verme becerilerinizi geli\u015ftirir. Staj s\u0131ras\u0131nda kar\u015f\u0131la\u015ft\u0131\u011f\u0131n\u0131z zorluklar, sizi h\u0131zl\u0131 d\u00fc\u015f\u00fcnmeye ve etkili \u00e7\u00f6z\u00fcmler \u00fcretmeye te\u015fvik eder. \u00d6rne\u011fin, bir yaz\u0131l\u0131m staj\u0131nda kar\u015f\u0131la\u015ft\u0131\u011f\u0131n\u0131z bir kod hatas\u0131n\u0131 d\u00fczeltmek i\u00e7in ara\u015ft\u0131rma yapman\u0131z ve farkl\u0131 yakla\u015f\u0131mlar denemeniz gerekebilir.<\/p>\n\n\n\n<p><strong>Liderlik ve Sorumluluk Alma<\/strong><\/p>\n\n\n\n<p>G\u00f6n\u00fcll\u00fc projelerde veya stajlarda liderlik rol\u00fc \u00fcstlenmek, liderlik becerilerinizi geli\u015ftirmenin m\u00fckemmel bir yoludur. Bir projeyi ba\u015ftan sona y\u00f6netmek, tak\u0131m arkada\u015flar\u0131n\u0131z\u0131 koordine etmek ve hedeflere ula\u015fmak i\u00e7in stratejiler geli\u015ftirmek, kariyerinizde \u00f6nemli bir avantaj sa\u011flar.<\/p>\n\n\n\n<h3 class=\"wp-block-heading\">Sekt\u00f6r\u00fc Tan\u0131ma ve Kariyer Yolu Belirleme<\/h3>\n\n\n\n<p><strong>Farkl\u0131 Alanlar\u0131 Ke\u015ffetme<\/strong><\/p>\n\n\n\n<p>Stajlar, farkl\u0131 sekt\u00f6rlerde ve pozisyonlarda \u00e7al\u0131\u015fma deneyimi sunarak, hangi alanda kariyer yapmak istedi\u011finizi belirlemenize yard\u0131mc\u0131 olur. \u00d6rne\u011fin, hem pazarlama hem de insan kaynaklar\u0131 departmanlar\u0131nda staj yaparak, hangi alana daha yatk\u0131n oldu\u011funuzu ke\u015ffedebilirsiniz.<\/p>\n\n\n\n<p><strong>Ger\u00e7ek\u00e7i Beklentiler Olu\u015fturma<\/strong><\/p>\n\n\n\n<p>\u0130\u015f d\u00fcnyas\u0131n\u0131 yak\u0131ndan tan\u0131yarak, kariyerinizle ilgili daha ger\u00e7ek\u00e7i beklentiler geli\u015ftirebilirsiniz. \u0130\u015f ortam\u0131n\u0131n dinamiklerini, \u015firket k\u00fclt\u00fcrlerini ve sekt\u00f6r trendlerini anlayarak, gelece\u011finizi daha sa\u011flam temeller \u00fczerine kurabilirsiniz.<\/p>\n\n\n\n<p><strong>G\u00f6n\u00fcll\u00fc \u00c7al\u0131\u015fmalar\u0131n Kariyer Yans\u0131malar\u0131<\/strong><\/p>\n\n\n\n<p>G\u00f6n\u00fcll\u00fc \u00e7al\u0131\u015fmalar, hangi toplumsal konulara duyarl\u0131 oldu\u011funuzu ve bu alanlarda nas\u0131l katk\u0131 sa\u011flayabilece\u011finizi g\u00f6rmenizi sa\u011flar. \u00d6rne\u011fin, e\u011fitim alan\u0131nda g\u00f6n\u00fcll\u00fc projelerde yer alarak, belki de kariyerinizi e\u011fitim teknolojileri veya sosyal giri\u015fimcilik \u00fczerine \u015fekillendirmeye karar verebilirsiniz.<\/p>\n\n\n\n<h3 class=\"wp-block-heading\">\u00d6zge\u00e7mi\u015finizi Zenginle\u015ftirme<\/h3>\n\n\n\n<p><strong>Rekabet\u00e7i Bir Profil Olu\u015fturma<\/strong><\/p>\n\n\n\n<p>\u0130\u015fverenler, adaylar\u0131n sadece akademik ba\u015far\u0131lar\u0131na de\u011fil, ayn\u0131 zamanda pratik deneyimlerine de \u00f6nem verirler. \u00d6zge\u00e7mi\u015finizde yer alacak staj ve g\u00f6n\u00fcll\u00fc \u00e7al\u0131\u015fma deneyimleri, sizi di\u011fer adaylardan ay\u0131r\u0131r ve i\u015f ba\u015fvurular\u0131n\u0131zda \u00f6ne \u00e7\u0131kman\u0131z\u0131 sa\u011flar.<\/p>\n\n\n\n<p><strong>Beceri Setinizi Geni\u015fletme<\/strong><\/p>\n\n\n\n<p>Staj ve g\u00f6n\u00fcll\u00fc \u00e7al\u0131\u015fmalar s\u0131ras\u0131nda edindi\u011finiz becerileri \u00f6zge\u00e7mi\u015finizde vurgulayabilirsiniz. \u00d6rne\u011fin, proje y\u00f6netimi, yabanc\u0131 dil kullan\u0131m\u0131, teknik beceriler veya sosyal sorumluluk projelerinde liderlik gibi yetenekler, i\u015fverenlerin dikkatini \u00e7eker.<\/p>\n\n\n\n<p><strong>Referans ve Tavsiyeler<\/strong><\/p>\n\n\n\n<p>Staj yapt\u0131\u011f\u0131n\u0131z yerden veya g\u00f6n\u00fcll\u00fc projelerden alaca\u011f\u0131n\u0131z referans mektuplar\u0131, i\u015f ba\u015fvurular\u0131n\u0131zda b\u00fcy\u00fck bir avantaj sa\u011flar. Bu referanslar, sizin \u00e7al\u0131\u015fma eti\u011finizi, becerilerinizi ve profesyonelli\u011finizi do\u011frular.<\/p>\n\n\n\n<h3 class=\"wp-block-heading\">Ki\u015fisel Geli\u015fim ve \u00d6zg\u00fcven Art\u0131\u015f\u0131<\/h3>\n\n\n\n<p><strong>Kendini Tan\u0131ma ve Geli\u015ftirme<\/strong><\/p>\n\n\n\n<p>Ger\u00e7ek i\u015f ortamlar\u0131nda \u00e7al\u0131\u015fmak, sorumluluk almak ve projeleri tamamlamak, \u00f6zg\u00fcveninizi art\u0131r\u0131r. Bu deneyimler sayesinde kendi yeteneklerinize olan inanc\u0131n\u0131z g\u00fc\u00e7lenir ve kariyer hedeflerinize ula\u015fma konusunda daha motive olursunuz.<\/p>\n\n\n\n<p><strong>Stres ve Zaman Y\u00f6netimi<\/strong><\/p>\n\n\n\n<p>Yo\u011fun i\u015f ortamlar\u0131 ve proje teslim tarihleri, stres y\u00f6netimi ve zaman planlamas\u0131 becerilerinizi geli\u015ftirir. Bu da hem akademik hem de profesyonel hayat\u0131n\u0131zda daha verimli olman\u0131z\u0131 sa\u011flar.<\/p>\n\n\n\n<p><strong>K\u00fclt\u00fcrel ve Sosyal Fark\u0131ndal\u0131k<\/strong><\/p>\n\n\n\n<p>\u00d6zellikle uluslararas\u0131 stajlar veya farkl\u0131 k\u00fclt\u00fcrel ortamlarda yap\u0131lan g\u00f6n\u00fcll\u00fc \u00e7al\u0131\u015fmalar, k\u00fclt\u00fcrel fark\u0131ndal\u0131\u011f\u0131n\u0131z\u0131 art\u0131r\u0131r. Farkl\u0131 bak\u0131\u015f a\u00e7\u0131lar\u0131n\u0131 anlamak ve \u00e7e\u015fitli insanlarla etkile\u015fimde bulunmak, empati ve ileti\u015fim becerilerinizi g\u00fc\u00e7lendirir.<\/p>\n\n\n\n<h3 class=\"wp-block-heading\">Toplumsal Sorumluluk Bilinci<\/h3>\n\n\n\n<p><strong>Topluma Katk\u0131 Sa\u011flama<\/strong><\/p>\n\n\n\n<p>G\u00f6n\u00fcll\u00fc \u00e7al\u0131\u015fmalar, topluma geri verme ve sosyal sorumluluk bilinci kazanma a\u00e7\u0131s\u0131ndan \u00f6nemlidir. Bu deneyimler, empati yetene\u011finizi geli\u015ftirir ve d\u00fcnyaya daha geni\u015f bir perspektiften bakman\u0131z\u0131 sa\u011flar.<\/p>\n\n\n\n<p><strong>Sosyal A\u011flar\u0131n Geni\u015flemesi<\/strong><\/p>\n\n\n\n<p>G\u00f6n\u00fcll\u00fc projelerde tan\u0131\u015ft\u0131\u011f\u0131n\u0131z insanlar, sosyal a\u011f\u0131n\u0131z\u0131 geni\u015fletmenize yard\u0131mc\u0131 olur. Bu ba\u011flant\u0131lar, gelecekteki projelerde veya kariyer f\u0131rsatlar\u0131nda i\u015fbirli\u011fi yapabilece\u011finiz ki\u015fileri i\u00e7erir.<\/p>\n\n\n\n<p><strong>S\u00fcrd\u00fcr\u00fclebilirlik ve Etik De\u011ferler<\/strong><\/p>\n\n\n\n<p>Toplumsal sorunlarla ilgilenmek, s\u00fcrd\u00fcr\u00fclebilirlik ve etik de\u011ferlere olan ba\u011fl\u0131l\u0131\u011f\u0131n\u0131z\u0131 art\u0131r\u0131r. Bu da i\u015fverenler taraf\u0131ndan takdir edilen bir \u00f6zelliktir, \u00e7\u00fcnk\u00fc \u015firketler giderek daha fazla sosyal sorumlulu\u011fa \u00f6nem vermektedir.<\/p>\n\n\n\n<h3 class=\"wp-block-heading\">Uluslararas\u0131 Deneyimler ve Dil Becerileri<\/h3>\n\n\n\n<p><strong>Yurt D\u0131\u015f\u0131 Staj ve G\u00f6n\u00fcll\u00fc \u00c7al\u0131\u015fmalar<\/strong><\/p>\n\n\n\n<p>Yurt d\u0131\u015f\u0131nda yap\u0131lan stajlar veya g\u00f6n\u00fcll\u00fc \u00e7al\u0131\u015fmalar, uluslararas\u0131 deneyim kazanman\u0131za olanak tan\u0131r. Bu t\u00fcr deneyimler, k\u00fcresel i\u015f d\u00fcnyas\u0131nda rekabet edebilmek i\u00e7in b\u00fcy\u00fck bir avantajd\u0131r.<\/p>\n\n\n\n<p><strong>Dil Becerilerinin Geli\u015fimi<\/strong><\/p>\n\n\n\n<p>Farkl\u0131 bir \u00fclkede \u00e7al\u0131\u015fmak veya g\u00f6n\u00fcll\u00fc olmak, yabanc\u0131 dil becerilerinizi pratikte kullanma ve geli\u015ftirme f\u0131rsat\u0131 sunar. Bu da \u00f6zge\u00e7mi\u015finizde \u00f6nemli bir art\u0131 olarak yer al\u0131r.<\/p>\n\n\n\n<p><strong>K\u00fclt\u00fcrel Uyum ve Esneklik<\/strong><\/p>\n\n\n\n<p>Farkl\u0131 k\u00fclt\u00fcrlere uyum sa\u011flamak ve esnek olmak, global i\u015f ortamlar\u0131nda \u00f6nemli becerilerdir. Uluslararas\u0131 deneyimler, bu yeteneklerinizi geli\u015ftirir ve sizi daha adaptif bir birey haline getirir.<\/p>\n\n\n\n<h3 class=\"wp-block-heading\">Teknoloji ve Dijital Becerilerin Art\u0131r\u0131lmas\u0131<\/h3>\n\n\n\n<p><strong>Dijital \u00c7a\u011fda \u0130\u015f Hayat\u0131<\/strong><\/p>\n\n\n\n<p>G\u00fcn\u00fcm\u00fczde teknolojik beceriler, hemen hemen her sekt\u00f6rde b\u00fcy\u00fck \u00f6nem ta\u015f\u0131maktad\u0131r. Staj ve g\u00f6n\u00fcll\u00fc \u00e7al\u0131\u015fmalar s\u0131ras\u0131nda edinece\u011finiz teknolojik beceriler, sizi i\u015f d\u00fcnyas\u0131nda bir ad\u0131m \u00f6ne \u00e7\u0131kar\u0131r.<\/p>\n\n\n\n<p><strong>Online Projeler ve Uzaktan \u00c7al\u0131\u015fma Deneyimi<\/strong><\/p>\n\n\n\n<p>\u00d6zellikle pandemi d\u00f6neminde yayg\u0131nla\u015fan uzaktan \u00e7al\u0131\u015fma modelleri, online projelerde deneyim kazanmay\u0131 \u00f6nemli hale getirmi\u015ftir. Bu t\u00fcr projelerde yer almak, dijital ileti\u015fim ve i\u015fbirli\u011fi becerilerinizi geli\u015ftirir.<\/p>\n\n\n\n<p><strong>Teknolojik Trendleri Takip Etme<\/strong><\/p>\n\n\n\n<p>Staj yapt\u0131\u011f\u0131n\u0131z sekt\u00f6r\u00fcn teknolojik yeniliklerini ve trendlerini yak\u0131ndan takip edebilirsiniz. Bu da kariyer planlaman\u0131zda daha bilin\u00e7li ad\u0131mlar atman\u0131z\u0131 sa\u011flar.<\/p>\n\n\n\n<h3 class=\"wp-block-heading\">Finansal Bilin\u00e7 ve Sorumluluk<\/h3>\n\n\n\n<p><strong>Maddi Kazan\u00e7 ve Birikim<\/strong><\/p>\n\n\n\n<p>Stajlar genellikle \u00fccretli oldu\u011fu i\u00e7in, maddi kazan\u00e7 elde etme ve finansal sorumluluk bilinci kazanma f\u0131rsat\u0131 sunar. Bu da kendi b\u00fct\u00e7enizi y\u00f6netme ve finansal planlama becerilerinizi geli\u015ftirir.<\/p>\n\n\n\n<p><strong>Profesyonel De\u011ferinizi Anlama<\/strong><\/p>\n\n\n\n<p>\u00c7al\u0131\u015farak para kazanmak, eme\u011finizin kar\u015f\u0131l\u0131\u011f\u0131n\u0131 g\u00f6rmenizi sa\u011flar. Bu da profesyonel de\u011ferinizin fark\u0131na varman\u0131za ve kariyer hedeflerinizi bu do\u011frultuda belirlemenize yard\u0131mc\u0131 olur.<\/p>\n\n\n\n<h3 class=\"wp-block-heading\">Sonu\u00e7<\/h3>\n\n\n\n<p>Staj ve g\u00f6n\u00fcll\u00fc \u00e7al\u0131\u015fmalar, \u00f6\u011frenci hayat\u0131n\u0131z boyunca kariyerinize ve ki\u015fisel geli\u015fiminize yapabilece\u011finiz en de\u011ferli yat\u0131r\u0131mlardan biridir. Bu deneyimler sayesinde hem profesyonel becerilerinizi geli\u015ftirir hem de ki\u015fisel olarak olgunla\u015f\u0131rs\u0131n\u0131z. Ayr\u0131ca, i\u015fverenlerin ve toplumun de\u011fer verdi\u011fi sosyal sorumluluk bilinci, liderlik ve teknik beceriler gibi alanlarda kendinizi geli\u015ftirme f\u0131rsat\u0131 bulursunuz.<\/p>\n\n\n\n<p>Dolay\u0131s\u0131yla, \u00fcniversite y\u0131llar\u0131n\u0131z\u0131 sadece akademik ba\u015far\u0131larla de\u011fil, ayn\u0131 zamanda bu t\u00fcr pratik deneyimlerle de zenginle\u015ftirmeniz, gelecekteki kariyeriniz i\u00e7in sa\u011flam bir temel olu\u015fturacakt\u0131r. Unutmay\u0131n ki, bug\u00fcn att\u0131\u011f\u0131n\u0131z ad\u0131mlar, yar\u0131n\u0131n ba\u015far\u0131lar\u0131n\u0131 \u015fekillendirir. Bu nedenle, f\u0131rsatlar\u0131 de\u011ferlendirin, yeni deneyimlere a\u00e7\u0131k olun ve kendinizi her alanda geli\u015ftirmeye \u00e7al\u0131\u015f\u0131n.<\/p>\n\n\n\n<p><\/p>\n","protected":false},"excerpt":{"rendered":"<p>\u00dcniversite y\u0131llar\u0131, hayat\u0131m\u0131z\u0131n en dinamik ve \u015fekillendirici d\u00f6nemlerinden biridir. Bu s\u00fcre\u00e7te sadece akademik bilgilerle donanmakla kalmaz, ayn\u0131 zamanda ki\u015fisel ve profesyonel geli\u015fimimize de yat\u0131r\u0131m yapar\u0131z. Ancak, ders kitaplar\u0131ndan ve s\u0131n\u0131f ortam\u0131ndan \u00f6\u011frenilemeyen bir\u00e7ok beceri ve deneyim vard\u0131r. \u0130\u015fte tam da bu noktada stajlar ve g\u00f6n\u00fcll\u00fc \u00e7al\u0131\u015fmalar devreye girer. Peki, bu deneyimler kariyerinize ve ki\u015fisel geli\u015fiminize&#8230;<\/p>\n","protected":false},"author":1,"featured_media":470,"comment_status":"open","ping_status":"open","sticky":false,"template":"","format":"standard","meta":{"footnotes":""},"categories":[34,30],"tags":[],"class_list":["post-467","post","type-post","status-publish","format-standard","has-post-thumbnail","hentry","category-rehberlik","category-veli"],"_links":{"self":[{"href":"https:\/\/derstakip.app\/blog\/wp-json\/wp\/v2\/posts\/467","targetHints":{"allow":["GET"]}}],"collection":[{"href":"https:\/\/derstakip.app\/blog\/wp-json\/wp\/v2\/posts"}],"about":[{"href":"https:\/\/derstakip.app\/blog\/wp-json\/wp\/v2\/types\/post"}],"author":[{"embeddable":true,"href":"https:\/\/derstakip.app\/blog\/wp-json\/wp\/v2\/users\/1"}],"replies":[{"embeddable":true,"href":"https:\/\/derstakip.app\/blog\/wp-json\/wp\/v2\/comments?post=467"}],"version-history":[{"count":2,"href":"https:\/\/derstakip.app\/blog\/wp-json\/wp\/v2\/posts\/467\/revisions"}],"predecessor-version":[{"id":472,"href":"https:\/\/derstakip.app\/blog\/wp-json\/wp\/v2\/posts\/467\/revisions\/472"}],"wp:featuredmedia":[{"embeddable":true,"href":"https:\/\/derstakip.app\/blog\/wp-json\/wp\/v2\/media\/470"}],"wp:attachment":[{"href":"https:\/\/derstakip.app\/blog\/wp-json\/wp\/v2\/media?parent=467"}],"wp:term":[{"taxonomy":"category","embeddable":true,"href":"https:\/\/derstakip.app\/blog\/wp-json\/wp\/v2\/categories?post=467"},{"taxonomy":"post_tag","embeddable":true,"href":"https:\/\/derstakip.app\/blog\/wp-json\/wp\/v2\/tags?post=467"}],"curies":[{"name":"wp","href":"https:\/\/api.w.org\/{rel}","templated":true}]}}