{"id":4252,"date":"2026-09-02T13:49:49","date_gmt":"2026-09-02T10:49:49","guid":{"rendered":"https:\/\/derstakip.app\/blog\/2026-tus-2-donem-sinav-sonuclari-ne-zaman-aciklanacak-osym-tarihini-acikladi\/"},"modified":"2026-09-02T13:49:49","modified_gmt":"2026-09-02T10:49:49","slug":"2026-tus-2-donem-sinav-sonuclari-ne-zaman-aciklanacak-osym-tarihini-acikladi","status":"publish","type":"post","link":"https:\/\/derstakip.app\/blog\/2026-tus-2-donem-sinav-sonuclari-ne-zaman-aciklanacak-osym-tarihini-acikladi\/","title":{"rendered":"2026 TUS 2. D\u00f6nem S\u0131nav Sonu\u00e7lar\u0131 Ne Zaman A\u00e7\u0131klanacak? \u00d6SYM Tarihini A\u00e7\u0131klad\u0131!"},"content":{"rendered":"<p>2026 TUS sonu\u00e7lar\u0131 ne zaman merak ediyorsan\u0131z do\u011fru yerdesiniz: \u00d6SYM, 2026 TUS 2. D\u00f6nem s\u0131nav sonu\u00e7lar\u0131n\u0131n 17 Eyl\u00fcl 2026 Per\u015fembe g\u00fcn\u00fc a\u00e7\u0131klanaca\u011f\u0131n\u0131 duyurdu. \ud83d\uddd3\ufe0f S\u0131nava 23 A\u011fustos 2026 tarihinde giren adaylar i\u00e7in bekleyi\u015fin sonuna geliniyor; sonu\u00e7lar ilan edildi\u011fi tarihten itibaren dijital ortamda ge\u00e7erli say\u0131lacak.<\/p>\n<h2>\u00d6SYM\u2019nin duyurdu\u011fu tarih ve k\u0131sa notlar \ud83d\udce3<\/h2>\n<p>\u00d6SYM resmi takvimine g\u00f6re 2026 TUS 2. D\u00f6nem sonu\u00e7lar\u0131 17 Eyl\u00fcl 2026&#8217;da eri\u015fime a\u00e7\u0131lacak. A\u00e7\u0131klanan g\u00fcn i\u00e7in adaylara ayr\u0131ca bas\u0131l\u0131 bir sonu\u00e7 belgesi g\u00f6nderilmeyecek, bu y\u00fczden sonu\u00e7lar\u0131 dijital ortamdan kontrol etmeniz gerekiyor.<\/p>\n<ul>\n<li>S\u0131nav Tarihi: 23 A\u011fustos 2026<\/li>\n<li>Sonu\u00e7 A\u00e7\u0131klama: 17 Eyl\u00fcl 2026 (Per\u015fembe)<\/li>\n<li>Resmi sonu\u00e7 platformu: <a href=\"https:\/\/sonuc.osym.gov.tr\" target=\"_blank\" rel=\"noopener\">sonuc.osym.gov.tr<\/a> (\u00d6SYM Sonu\u00e7 A\u00e7\u0131klama Sistemi)<\/li>\n<\/ul>\n<h3>Sonu\u00e7lar\u0131 nas\u0131l ve nereden \u00f6\u011frenebilirsiniz? \ud83d\udd0d<\/h3>\n<p>Sorgulama yapmak i\u00e7in \u00d6SYM&#8217;nin <a href=\"https:\/\/sonuc.osym.gov.tr\" target=\"_blank\" rel=\"noopener\">sonuc.osym.gov.tr<\/a> adresine giri\u015f yap\u0131n. A\u015fa\u011f\u0131daki ad\u0131mlar\u0131 izleyerek puan\u0131n\u0131za h\u0131zl\u0131ca ula\u015fabilirsiniz:<\/p>\n<ol>\n<li>Taray\u0131c\u0131dan <a href=\"https:\/\/sonuc.osym.gov.tr\" target=\"_blank\" rel=\"noopener\">sonuc.osym.gov.tr<\/a> sitesini a\u00e7\u0131n.<\/li>\n<li>2026-TUS 2. D\u00f6nem sonu\u00e7 ba\u011flant\u0131s\u0131n\u0131 se\u00e7in.<\/li>\n<li>T.C. Kimlik \/ YU numaran\u0131z ve \u00d6SYM Aday \u015eifreniz ile giri\u015f yap\u0131n.<\/li>\n<li>Sonu\u00e7 g\u00f6sterimi a\u00e7\u0131ld\u0131\u011f\u0131nda, ekrandaki y\u00f6nergeleri takip ederek puan bilgilerinizi g\u00f6r\u00fcnt\u00fcleyin.<\/li>\n<\/ol>\n<p>Alternatif olarak \u00d6SYM Aday \u0130\u015flemleri Sistemi (A\u0130S) mobil uygulamas\u0131 \u00fczerinden de sorgulama yapabilirsiniz.<\/p>\n<h3>Sorgulama g\u00fcn\u00fc i\u00e7in pratik \u00f6neriler \u26a1<\/h3>\n<ul>\n<li>Site yo\u011fun olabilir \u2014 sab\u0131rl\u0131 olun ve panik yapmay\u0131n. Yo\u011fun olabilir \u00d6SYM sonu\u00e7 sorgulama ekran\u0131.<\/li>\n<li>Giri\u015f bilgilerinizin do\u011fru oldu\u011fundan emin olun; \u015fifrenizi hat\u0131rlam\u0131yorsan\u0131z \u00f6nce \u015fifre s\u0131f\u0131rlama ad\u0131mlar\u0131n\u0131 tamamlay\u0131n.<\/li>\n<li>Sonu\u00e7 ekran\u0131n\u0131 ekran g\u00f6r\u00fcnt\u00fcs\u00fc alarak veya PDF olarak kaydedin; ilan edilen dijital sonu\u00e7lar resmi belgedir.<\/li>\n<li>\u0130nternet ba\u011flant\u0131n\u0131z koparsa tekrar deneyin; m\u00fcmk\u00fcnse sabit bir ba\u011flant\u0131 veya g\u00fc\u00e7l\u00fc Wi\u2011Fi kullan\u0131n.<\/li>\n<\/ul>\n<h2>TUS sonu\u00e7lar\u0131n\u0131 g\u00f6rd\u00fckten sonra ne yapmal\u0131? \ud83e\ude7a<\/h2>\n<p>Sonu\u00e7lar a\u00e7\u0131kland\u0131\u011f\u0131nda puanlar\u0131n\u0131z\u0131 de\u011ferlendirin, yerle\u015ftirme tercihleri i\u00e7in gerekli hesaplamalar\u0131 yap\u0131n ve hedefledi\u011finiz programlarla kar\u015f\u0131la\u015ft\u0131r\u0131n. Ba\u015far\u0131 durumunuza g\u00f6re tercih haz\u0131rl\u0131klar\u0131n\u0131 h\u0131zland\u0131r\u0131n.<\/p>\n<h4>\u00c7al\u0131\u015fma verilerinizi nas\u0131l daha iyi takip edebilirsiniz?<\/h4>\n<p>Sonu\u00e7lar a\u00e7\u0131kland\u0131ktan sonra geriye d\u00f6n\u00fcp hangi \u00e7al\u0131\u015fma y\u00f6ntemlerinin i\u015fledi\u011fini g\u00f6rmek \u00e7ok \u00f6nemli. DersTakip gibi uygulamalar, \u00e7al\u0131\u015fma seanslar\u0131n\u0131z\u0131, \u00e7\u00f6zd\u00fc\u011f\u00fcn\u00fcz soru say\u0131s\u0131n\u0131 ve hedeflerinize g\u00f6re ilerlemenizi kaydetmenize yard\u0131mc\u0131 olur. DersTakip ile hangi konularda daha fazla tekrar yapman\u0131z gerekti\u011fini g\u00f6rerek stratejinizi kolayca g\u00fcncelleyebilirsiniz. \u23f1\ufe0f\ud83d\udcca<\/p>\n<h3>Teknik s\u0131k\u0131nt\u0131lar ve itirazlar<\/h3>\n<p>E\u011fer sonu\u00e7larda bir hata oldu\u011funu d\u00fc\u015f\u00fcn\u00fcyorsan\u0131z \u00d6SYM\u2019nin itiraz s\u00fcre\u00e7lerini takip edin. \u0130tiraz ve inceleme s\u00fcre\u00e7leri i\u00e7in \u00d6SYM\u2019nin duyurular\u0131n\u0131 ve y\u00f6nergelerini izlemek en sa\u011fl\u0131kl\u0131s\u0131d\u0131r.<\/p>\n<h2>S\u0131k Sorulan Sorular (SSS) \u2753<\/h2>\n<h3>2026 TUS sonu\u00e7lar\u0131 ne zaman a\u00e7\u0131klanacak?<\/h3>\n<p>\u00d6SYM\u2019ye g\u00f6re 2026 TUS 2. D\u00f6nem sonu\u00e7lar\u0131 17 Eyl\u00fcl 2026 Per\u015fembe g\u00fcn\u00fc a\u00e7\u0131klanacak.<\/p>\n<h3>Sonu\u00e7lar\u0131 nereden g\u00f6rebilirim?<\/h3>\n<p>Resmi sonu\u00e7 sorgulama sayfas\u0131 <a href=\"https:\/\/sonuc.osym.gov.tr\" target=\"_blank\" rel=\"noopener\">sonuc.osym.gov.tr<\/a> \u00fczerinden puanlar\u0131n\u0131z\u0131 g\u00f6r\u00fcnt\u00fcleyebilirsiniz. Ayr\u0131ca \u00d6SYM A\u0130S uygulamas\u0131 da kullan\u0131labilir.<\/p>\n<h3>Sonu\u00e7 belgesi bana posta ile g\u00f6nderilecek mi?<\/h3>\n<p>Hay\u0131r, \u00d6SYM a\u00e7\u0131klamas\u0131na g\u00f6re ilan edilen tarihten itibaren sonu\u00e7lar dijital ortamda ge\u00e7erli say\u0131lacak ve ayr\u0131ca bas\u0131l\u0131 sonu\u00e7 belgesi g\u00f6nderilmeyecek.<\/p>\n<h3>Site yo\u011funlu\u011funda ne yapmal\u0131y\u0131m?<\/h3>\n<p>Yo\u011funluk beklenen durumdur; birka\u00e7 dakika bekleyip sayfay\u0131 yenileyin veya farkl\u0131 bir taray\u0131c\u0131\/cihaz deneyin. Gerekti\u011finde \u00d6SYM\u2019nin resmi kanallar\u0131ndan duyurular\u0131 takip edin.<\/p>\n<h3>Sonu\u00e7 sonras\u0131 \u00e7al\u0131\u015fma plan\u0131n\u0131 nas\u0131l d\u00fczenlemeliyim?<\/h3>\n<p>Puan\u0131n\u0131za g\u00f6re tercih stratejisi haz\u0131rlay\u0131n. Eksik konular\u0131n\u0131z\u0131 tespit edip, veriye dayal\u0131 bir tekrar plan\u0131 olu\u015fturun. DersTakip gibi uygulamalarla \u00e7al\u0131\u015fma s\u00fcrelerinizi ve soru \u00e7\u00f6z\u00fcm istatistiklerinizi takip etmek, nerede yo\u011funla\u015fman\u0131z gerekti\u011fini g\u00f6rmenizi sa\u011flar. \ud83d\udd01<\/p>\n<p>Bol \u015fans! \ud83c\udf40 Sonu\u00e7lar a\u00e7\u0131kland\u0131\u011f\u0131nda sakin kal\u0131n, verinizi kaydedin ve bir sonraki ad\u0131m\u0131 planlay\u0131n. Resmi duyurular i\u00e7in her zaman \u00d6SYM\u2019nin <a href=\"https:\/\/sonuc.osym.gov.tr\" target=\"_blank\" rel=\"noopener\">sonuc.osym.gov.tr<\/a> sayfas\u0131n\u0131 takip edin.<\/p>\n","protected":false},"excerpt":{"rendered":"<p>2026 TUS sonu\u00e7lar\u0131 ne zaman merak ediyorsan\u0131z do\u011fru yerdesiniz: \u00d6SYM, 2026 TUS 2. D\u00f6nem s\u0131nav sonu\u00e7lar\u0131n\u0131n 17 Eyl\u00fcl 2026 Per\u015fembe g\u00fcn\u00fc a\u00e7\u0131klanaca\u011f\u0131n\u0131 duyurdu. \ud83d\uddd3\ufe0f S\u0131nava 23 A\u011fustos 2026 tarihinde giren adaylar i\u00e7in bekleyi\u015fin sonuna geliniyor; sonu\u00e7lar ilan edildi\u011fi tarihten itibaren dijital ortamda ge\u00e7erli say\u0131lacak. \u00d6SYM\u2019nin duyurdu\u011fu tarih ve k\u0131sa notlar \ud83d\udce3 \u00d6SYM resmi takvimine g\u00f6re&#8230;<\/p>\n","protected":false},"author":1,"featured_media":4251,"comment_status":"open","ping_status":"open","sticky":false,"template":"","format":"standard","meta":{"footnotes":""},"categories":[84],"tags":[],"class_list":["post-4252","post","type-post","status-publish","format-standard","has-post-thumbnail","hentry","category-haber"],"_links":{"self":[{"href":"https:\/\/derstakip.app\/blog\/wp-json\/wp\/v2\/posts\/4252","targetHints":{"allow":["GET"]}}],"collection":[{"href":"https:\/\/derstakip.app\/blog\/wp-json\/wp\/v2\/posts"}],"about":[{"href":"https:\/\/derstakip.app\/blog\/wp-json\/wp\/v2\/types\/post"}],"author":[{"embeddable":true,"href":"https:\/\/derstakip.app\/blog\/wp-json\/wp\/v2\/users\/1"}],"replies":[{"embeddable":true,"href":"https:\/\/derstakip.app\/blog\/wp-json\/wp\/v2\/comments?post=4252"}],"version-history":[{"count":0,"href":"https:\/\/derstakip.app\/blog\/wp-json\/wp\/v2\/posts\/4252\/revisions"}],"wp:featuredmedia":[{"embeddable":true,"href":"https:\/\/derstakip.app\/blog\/wp-json\/wp\/v2\/media\/4251"}],"wp:attachment":[{"href":"https:\/\/derstakip.app\/blog\/wp-json\/wp\/v2\/media?parent=4252"}],"wp:term":[{"taxonomy":"category","embeddable":true,"href":"https:\/\/derstakip.app\/blog\/wp-json\/wp\/v2\/categories?post=4252"},{"taxonomy":"post_tag","embeddable":true,"href":"https:\/\/derstakip.app\/blog\/wp-json\/wp\/v2\/tags?post=4252"}],"curies":[{"name":"wp","href":"https:\/\/api.w.org\/{rel}","templated":true}]}}