{"id":3805,"date":"2026-03-13T18:38:31","date_gmt":"2026-03-13T15:38:31","guid":{"rendered":"https:\/\/derstakip.app\/blog\/14-15-mart-2026-hafta-sonu-sinav-takvimi-hangi-sinavlar-yapilacak\/"},"modified":"2026-03-13T18:38:31","modified_gmt":"2026-03-13T15:38:31","slug":"14-15-mart-2026-hafta-sonu-sinav-takvimi-hangi-sinavlar-yapilacak","status":"publish","type":"post","link":"https:\/\/derstakip.app\/blog\/14-15-mart-2026-hafta-sonu-sinav-takvimi-hangi-sinavlar-yapilacak\/","title":{"rendered":"14-15 Mart 2026 Hafta Sonu S\u0131nav Takvimi: Hangi S\u0131navlar Yap\u0131lacak?"},"content":{"rendered":"<p>Bu hafta sonu s\u0131nav takvimi 2026 yo\u011fun: 14-15 Mart tarihlerinde hem <a href=\"https:\/\/www.osym.gov.tr\" target=\"_blank\" rel=\"noopener\">\u00d6SYM<\/a> hem de <a href=\"https:\/\/www.meb.gov.tr\" target=\"_blank\" rel=\"noopener\">Milli E\u011fitim Bakanl\u0131\u011f\u0131 (MEB)<\/a> kaynakl\u0131 \u00f6nemli s\u0131navlar var ve adaylar\u0131n g\u00fcncel takvimi mutlaka kontrol etmesi gerekiyor. \ud83c\udfaf Haz\u0131rl\u0131klar\u0131n\u0131z\u0131 h\u0131zland\u0131r\u0131n, \u00e7\u00fcnk\u00fc hafta sonu pek \u00e7ok farkl\u0131 d\u00fczeyde oturum ayn\u0131 g\u00fcn i\u00e7erisinde ger\u00e7ekle\u015fiyor.<\/p>\n<h2>Hafta sonu kimler, hangi s\u0131navlara girecek? \ud83e\udd14<\/h2>\n<h3>14 Mart Cumartesi \u2014 A\u00d6L yaz\u0131l\u0131 oturumlar\u0131<\/h3>\n<p>MEB taraf\u0131ndan uygulanan A\u00e7\u0131k \u00d6\u011fretim Lisesi (A\u00d6L), A\u00e7\u0131k \u00d6\u011fretim \u0130mam Hatip Lisesi ve Mesleki A\u00d6L 2. d\u00f6nem yaz\u0131l\u0131 s\u0131navlar\u0131 cumartesi g\u00fcn\u00fc iki oturum halinde yap\u0131lacak:<\/p>\n<ul>\n<li>Oturum 1: 14 Mart Cumartesi, 10:00<\/li>\n<li>Oturum 2: 14 Mart Cumartesi, 14:00<\/li>\n<\/ul>\n<p>Foto\u011frafl\u0131 s\u0131nav giri\u015f belgesi ve ge\u00e7erli kimlik kart\u0131 yan\u0131n\u0131zda olmal\u0131. Eksik evrakla binaya al\u0131nmama riski bulunuyor, dikkat! \ud83e\udeaa<\/p>\n<h3>15 Mart Pazar \u2014 \u00d6SYM s\u0131nav maratonu<\/h3>\n<p>Pazar g\u00fcn\u00fc \u00d6SYM kaynakl\u0131 \u00fc\u00e7 b\u00fcy\u00fck merkezi s\u0131nav ayn\u0131 anda uygulanacak; 120 binden fazla aday ter d\u00f6kecek. S\u0131nav saatleri ve s\u00fcreleri s\u0131nav t\u00fcr\u00fcne g\u00f6re de\u011fi\u015fiyor:<\/p>\n<ul>\n<li><strong>2026-MEB-EKYS<\/strong> (Okul y\u00f6neticili\u011fi): Ba\u015flang\u0131\u00e7 10:15 \u2014 80 soru, 150 dakika. Yakla\u015f\u0131k 50 bini a\u015fk\u0131n \u00f6\u011fretmen kat\u0131lacak.<\/li>\n<li><strong>2026-TUS 1. D\u00f6nem<\/strong> (T\u0131pta Uzmanl\u0131k): Temel T\u0131p Bilimleri oturumu 10:15, Klinik T\u0131p Bilimleri oturumu 14:45.<\/li>\n<li><strong>2026-STS T\u0131p Doktorlu\u011fu<\/strong> (Diploma denkli\u011fi): TUS ile ayn\u0131 saatlerde iki a\u015famal\u0131 uygulanacak (10:15 ve 14:45).<\/li>\n<\/ul>\n<p>S\u0131nav merkezine ula\u015f\u0131m, s\u0131nav giri\u015f saatinden \u00f6nce planlanmal\u0131; kap\u0131lar genelde s\u0131nav s\u00fcresinden belirli bir s\u00fcre \u00f6nce kapan\u0131yor. Trafi\u011fi ve kuyruklar\u0131 hesaba kat\u0131n. \ud83d\ude97<\/p>\n<h2>Pratik s\u0131nav g\u00fcn\u00fc taktikleri \u2014 7 maddeyle h\u0131zl\u0131 rehber \u2705<\/h2>\n<ul>\n<li>Belgeler: Foto\u011frafl\u0131 s\u0131nav giri\u015f belgesi + n\u00fcfus\/TC kimlik kart\u0131 (ve yedek olarak pasaport) \u2014 mutlaka yan\u0131n\u0131za al\u0131n.<\/li>\n<li>Zamanlama: S\u0131nav alan\u0131na normalden en az 45 dakika \u00f6nce varmaya \u00e7al\u0131\u015f\u0131n. \u00c7\u00fcnk\u00fc yo\u011funlu\u011fa ba\u011fl\u0131 gecikmeler olur.<\/li>\n<li>Beslenme: Hafif bir kahvalt\u0131 yap\u0131n; a\u011f\u0131r yemekler uykulu hissettirir. Su al\u0131n, fakat s\u0131nav ba\u015flamadan \u00f6nce tuvalet ihtiyac\u0131n\u0131 giderin.<\/li>\n<li>Haz\u0131rl\u0131k: Son tekrarlar\u0131 s\u0131navdan hemen \u00f6nce yapmay\u0131n; sakin kalmak daha faydal\u0131. Notlar\u0131n\u0131z\u0131 k\u0131sa s\u00fcreli g\u00f6z atma \u015feklinde kullan\u0131n.<\/li>\n<li>Malzeme: Kur\u015funkalem, silgi, kalemtra\u015f ve onaylanm\u0131\u015f hesap makinesi gerekiyorsa yan\u0131n\u0131zda olsun.<\/li>\n<li>Uyku: S\u0131nav gecesi iyi uyumaya \u00e7al\u0131\u015f\u0131n; zihnin a\u00e7\u0131k olmas\u0131 en \u00f6nemli kriterlerden biridir.<\/li>\n<li>Rahatlama: Derin nefes al\u0131n, panik yapmay\u0131n \u2014 sakinlik do\u011fru kararlar alman\u0131z\u0131 sa\u011flar. \ud83c\udf2c\ufe0f<\/li>\n<\/ul>\n<h3>DersTakip ile son haftay\u0131 nas\u0131l ge\u00e7irirsiniz? \ud83d\udcf2<\/h3>\n<p>Son kontrol ve moral i\u00e7in DersTakip gibi bir \u00e7al\u0131\u015fma takip uygulamas\u0131 hayat kurtar\u0131r. Ak\u0131ll\u0131 seans takibi ile mola\/\u00e7al\u0131\u015fma dengesi kurabilir, ders istatistikleriyle hangi konularda eksik oldu\u011funuzu g\u00f6rebilir ve hedef belirleyip g\u00fcnl\u00fck\/haftal\u0131k ilerlemenizi takip edebilirsiniz. Motivasyonunuzu korumak i\u00e7in k\u0131sa seanslar planlay\u0131n; mola zamanlar\u0131n\u0131 unutmay\u0131n. Uygulama, s\u0131nav g\u00fcn\u00fcne kadar d\u00fczenli ritim olu\u015fturman\u0131za yard\u0131mc\u0131 olur.<\/p>\n<h2>S\u0131nav g\u00fcn\u00fcnde s\u0131k yap\u0131lan hatalar ve nas\u0131l \u00f6nlenir?<\/h2>\n<h4>1) Evrak unutma<\/h4>\n<p>En s\u0131k g\u00f6r\u00fclen problem bu. S\u0131nav giri\u015f evrak\u0131n\u0131z\u0131 gece \u00f6nce haz\u0131r edin, bir \u00e7antada toplay\u0131n. \u00c7ok \u00e7al\u0131\u015ft\u0131n umar\u0131m. <\/p>\n<h4>2) Zaman y\u00f6netimi hatalar\u0131<\/h4>\n<p>S\u0131navda zaman\u0131n nas\u0131l kullan\u0131laca\u011f\u0131n\u0131 belirleyin; zor sorularda tak\u0131l\u0131p kalmay\u0131n. S\u0131nav merkezine zaman\u0131nda ula\u015ft\u0131n umar\u0131m.<\/p>\n<h4>3) Panik<\/h4>\n<p>Pani\u011fe kap\u0131lmak puan kaybettirir. Nefes egzersizleri yap\u0131n, sakin kal\u0131n ve plan\u0131n\u0131za ba\u011fl\u0131 kal\u0131n.<\/p>\n<h2>S\u0131k Sorulan Sorular (SSS)<\/h2>\n<h3>S1: Bu hafta sonu hangi resmi kurumun s\u0131nav\u0131 var?<\/h3>\n<p>Cevap: 14-15 Mart 2026&#8217;da hem MEB taraf\u0131ndan A\u00d6L yaz\u0131l\u0131lar\u0131 hem de \u00d6SYM taraf\u0131ndan merkezi s\u0131navlar (EKYS, TUS, STS vb.) yap\u0131lacak. Ayr\u0131nt\u0131lar resmi sitelerde yay\u0131mlan\u0131yor; <a href=\"https:\/\/www.osym.gov.tr\" target=\"_blank\" rel=\"noopener\">\u00d6SYM<\/a> ve <a href=\"https:\/\/www.meb.gov.tr\" target=\"_blank\" rel=\"noopener\">MEB<\/a> duyurular\u0131n\u0131 takip edin.<\/p>\n<h3>S2: S\u0131nav giri\u015f belgesini unuttuysam ne yapmal\u0131y\u0131m?<\/h3>\n<p>Cevap: S\u0131nav kurallar\u0131na g\u00f6re foto\u011frafl\u0131 giri\u015f belgesi zorunludur; yedek almak veya \u00f6nceden yazd\u0131rmak en g\u00fcvenli yol. \u0130stisnai durumlarda s\u0131nav merkezi yetkilileriyle g\u00f6r\u00fc\u015f\u00fcl\u00fcr, ama garanti yoktur \u2014 \u00f6nlem en iyisidir.<\/p>\n<h3>S3: DersTakip s\u0131nav haftas\u0131nda nas\u0131l yard\u0131mc\u0131 olur?<\/h3>\n<p>Cevap: DersTakip ile son hafta hedeflerinizi k\u00fc\u00e7\u00fck par\u00e7alara b\u00f6lebilir, \u00e7al\u0131\u015fma-mola dengesi kurabilir ve hangi konularda s\u00fcrenizi art\u0131rman\u0131z gerekti\u011fini g\u00f6rsel raporlarla takip edebilirsiniz. Motivasyonunuzu art\u0131racak hat\u0131rlat\u0131c\u0131lar da mevcut.<\/p>\n<h3>S4: Pazar g\u00fcn\u00fc ayn\u0131 anda birka\u00e7 s\u0131nav varsa nereden kesin bilgi alabilirim?<\/h3>\n<p>Cevap: S\u0131navlar\u0131n kesin saatleri ve kat\u0131l\u0131mc\u0131 listeleri ilgili kurumlar\u0131n resmi web sitelerinde ve s\u0131nav giri\u015f belgelerinde yer al\u0131r. En sa\u011fl\u0131kl\u0131s\u0131 bu resmi kaynaklar\u0131n takip edilmesidir.<\/p>\n<p>Bol \u015fans! \ud83c\udf40 S\u0131navlar yo\u011fun ama planl\u0131ysan \u00fcstesinden gelirsin \u2014 k\u00fc\u00e7\u00fck stratejiler b\u00fcy\u00fck fark yarat\u0131r.<\/p>\n","protected":false},"excerpt":{"rendered":"<p>Bu hafta sonu s\u0131nav takvimi 2026 yo\u011fun: 14-15 Mart tarihlerinde hem \u00d6SYM hem de Milli E\u011fitim Bakanl\u0131\u011f\u0131 (MEB) kaynakl\u0131 \u00f6nemli s\u0131navlar var ve adaylar\u0131n g\u00fcncel takvimi mutlaka kontrol etmesi gerekiyor. \ud83c\udfaf Haz\u0131rl\u0131klar\u0131n\u0131z\u0131 h\u0131zland\u0131r\u0131n, \u00e7\u00fcnk\u00fc hafta sonu pek \u00e7ok farkl\u0131 d\u00fczeyde oturum ayn\u0131 g\u00fcn i\u00e7erisinde ger\u00e7ekle\u015fiyor. Hafta sonu kimler, hangi s\u0131navlara girecek? \ud83e\udd14 14 Mart Cumartesi&#8230;<\/p>\n","protected":false},"author":1,"featured_media":3804,"comment_status":"open","ping_status":"open","sticky":false,"template":"","format":"standard","meta":{"footnotes":""},"categories":[84],"tags":[],"class_list":["post-3805","post","type-post","status-publish","format-standard","has-post-thumbnail","hentry","category-haber"],"_links":{"self":[{"href":"https:\/\/derstakip.app\/blog\/wp-json\/wp\/v2\/posts\/3805","targetHints":{"allow":["GET"]}}],"collection":[{"href":"https:\/\/derstakip.app\/blog\/wp-json\/wp\/v2\/posts"}],"about":[{"href":"https:\/\/derstakip.app\/blog\/wp-json\/wp\/v2\/types\/post"}],"author":[{"embeddable":true,"href":"https:\/\/derstakip.app\/blog\/wp-json\/wp\/v2\/users\/1"}],"replies":[{"embeddable":true,"href":"https:\/\/derstakip.app\/blog\/wp-json\/wp\/v2\/comments?post=3805"}],"version-history":[{"count":0,"href":"https:\/\/derstakip.app\/blog\/wp-json\/wp\/v2\/posts\/3805\/revisions"}],"wp:featuredmedia":[{"embeddable":true,"href":"https:\/\/derstakip.app\/blog\/wp-json\/wp\/v2\/media\/3804"}],"wp:attachment":[{"href":"https:\/\/derstakip.app\/blog\/wp-json\/wp\/v2\/media?parent=3805"}],"wp:term":[{"taxonomy":"category","embeddable":true,"href":"https:\/\/derstakip.app\/blog\/wp-json\/wp\/v2\/categories?post=3805"},{"taxonomy":"post_tag","embeddable":true,"href":"https:\/\/derstakip.app\/blog\/wp-json\/wp\/v2\/tags?post=3805"}],"curies":[{"name":"wp","href":"https:\/\/api.w.org\/{rel}","templated":true}]}}