{"id":3803,"date":"2026-03-13T13:48:27","date_gmt":"2026-03-13T10:48:27","guid":{"rendered":"https:\/\/derstakip.app\/blog\/saglik-bakanligi-26-673-personel-alimi-basvuru-sartlari-ve-detaylar-aciklandi\/"},"modified":"2026-03-13T13:48:27","modified_gmt":"2026-03-13T10:48:27","slug":"saglik-bakanligi-26-673-personel-alimi-basvuru-sartlari-ve-detaylar-aciklandi","status":"publish","type":"post","link":"https:\/\/derstakip.app\/blog\/saglik-bakanligi-26-673-personel-alimi-basvuru-sartlari-ve-detaylar-aciklandi\/","title":{"rendered":"Sa\u011fl\u0131k Bakanl\u0131\u011f\u0131 26.673 Personel Al\u0131m\u0131: Ba\u015fvuru \u015eartlar\u0131 ve Detaylar A\u00e7\u0131kland\u0131"},"content":{"rendered":"<p>Sa\u011fl\u0131k Bakanl\u0131\u011f\u0131 personel al\u0131m\u0131 2023 s\u00fcrecine dair son geli\u015fmeler ilginizi \u00e7ekiyorsa do\u011fru yerdesiniz \ud83d\ude0a Bu yaz\u0131da 26.673 s\u00f6zle\u015fmeli personel al\u0131m\u0131n\u0131n kimleri kapsad\u0131\u011f\u0131, ba\u015fvuru s\u00fcreci, hangi tarihlerde hareket beklenmesi gerekti\u011fi ve kadro da\u011f\u0131l\u0131m\u0131 gibi merak edilen t\u00fcm noktalar\u0131 Onedio usul\u00fc (e\u011flenceli ama bilgi dolu) bir dille derledik. Hem k\u0131sa hem net; neden, nas\u0131l ve ne zaman sorular\u0131na yan\u0131t bulacaks\u0131n\u0131z. \ud83d\udc47<\/p>\n<h2>Genel bak\u0131\u015f: Bu b\u00fcy\u00fck al\u0131m neyi de\u011fi\u015ftirir?<\/h2>\n<p>Sa\u011fl\u0131k Bakanl\u0131\u011f\u0131, 2026 y\u0131l\u0131 istihdam planlamas\u0131 kapsam\u0131nda toplam 26.673 s\u00f6zle\u015fmeli sa\u011fl\u0131k personeli alaca\u011f\u0131n\u0131 a\u00e7\u0131klad\u0131. Bu al\u0131m; kamu hastaneleri, acil sa\u011fl\u0131k hizmetleri ve toplum sa\u011fl\u0131\u011f\u0131 merkezlerindeki eksiklikleri gidermeyi hedefliyor. Yerle\u015ftirmeler KPSS puan \u00fcst\u00fcnl\u00fc\u011f\u00fcne g\u00f6re yap\u0131lacak ve m\u00fclakat olmayacak. Bu da adaylar aras\u0131ndaki rekabetin do\u011frudan puanla belirlenece\u011fi anlam\u0131na geliyor.<\/p>\n<h3>Kadro da\u011f\u0131l\u0131m\u0131 (Resmi Gazete duyurusuna g\u00f6re)<\/h3>\n<ul>\n<li>Uzman Doktor: 22.983<\/li>\n<li>Doktor: 3.652<\/li>\n<li>Diyetisyen: 1<\/li>\n<li>Ebe: 9<\/li>\n<li>Hem\u015fire: 2<\/li>\n<li>Sa\u011fl\u0131k Teknikeri: 25<\/li>\n<\/ul>\n<p>Bran\u015f da\u011f\u0131l\u0131m\u0131 kamuoyuna b\u00f6yle yans\u0131d\u0131; detaylarda k\u00fc\u00e7\u00fck g\u00fcncellemeler olabilir, takipte kalmak \u015fart. Bekliyor herkes, g\u00f6zler \u00d6SYM&#8217;de.<\/p>\n<h2>Ba\u015fvuru \u015fartlar\u0131 ve hangi belgeler laz\u0131m?<\/h2>\n<p>Resmi k\u0131lavuz yay\u0131mland\u0131\u011f\u0131nda adaylardan hangi belgelerin istenece\u011fi ayr\u0131nt\u0131l\u0131 \u015fekilde a\u00e7\u0131klanacak. Genel olarak beklenen ko\u015fullar:<\/p>\n<ul>\n<li>KPSS puan t\u00fcr\u00fcne g\u00f6re asgari puan \u015fart\u0131 (k\u0131lavuza g\u00f6re netle\u015fecek)<\/li>\n<li>Mezuniyet ve diploma \u015fartlar\u0131 (\u00fcniversite\/\u00f6nlisans\/lisans farklar\u0131)<\/li>\n<li>T.C. vatanda\u015f\u0131 olmak ve di\u011fer yasal \u015fartlar\u0131 sa\u011flamak<\/li>\n<li>Sa\u011fl\u0131k meslek gruplar\u0131na \u00f6zg\u00fc lisans\/sertifika \u015fartlar\u0131<\/li>\n<\/ul>\n<p>Merak ediliyor ba\u015fvuru \u015fartlar\u0131. Bu y\u00fczden k\u0131lavuzun yay\u0131nlanaca\u011f\u0131 <a href=\"https:\/\/ais.osym.gov.tr\" target=\"_blank\" rel=\"noopener\">ais.osym.gov.tr<\/a> ve <a href=\"https:\/\/www.resmigazete.gov.tr\" target=\"_blank\" rel=\"noopener\">Resmi Gazete<\/a> sayfalar\u0131n\u0131 takip etmenizi \u00f6neririz.<\/p>\n<h3>Ba\u015fvuru takvimi nas\u0131l olacak?<\/h3>\n<p>Resmi takvim hen\u00fcz yay\u0131mlanmad\u0131 ancak \u00f6nceki uygulamalar g\u00f6z \u00f6n\u00fcne al\u0131nd\u0131\u011f\u0131nda \u00d6SYM&#8217;nin tercih k\u0131lavuzunu Nisan veya May\u0131s ay\u0131nda yay\u0131nlamas\u0131 ve ba\u015fvurular\u0131 o d\u00f6nem almas\u0131 bekleniyor. Adaylar, T.C. kimlik numaras\u0131 ve \u015fifre ile ais.osym.gov.tr \u00fczerinden tercihlerini yapacak.<\/p>\n<h2>S\u00f6zle\u015fmeli (4\/B) personel stat\u00fcs\u00fc ve haklar<\/h2>\n<p>Bu al\u0131m 4\/B s\u00f6zle\u015fmeli personel stat\u00fcs\u00fcnde yap\u0131lacak. S\u00f6zle\u015fmeli personel i\u00e7in \u00e7al\u0131\u015fma ko\u015fullar\u0131, \u00fccret skalas\u0131, kadroda y\u00fckselme ve di\u011fer sosyal haklar k\u0131lavuzda ve ilgili mevzuatta belirlendi\u011fi \u015fekilde uygulan\u0131r. Her il ve kurumda uygulama detaylar\u0131 farkl\u0131l\u0131k g\u00f6sterebilir; atama sonras\u0131 yerel y\u00f6netim ve kurum prosed\u00fcrlerini incelemek faydal\u0131 olacakt\u0131r.<\/p>\n<h4>\u00d6ne \u00e7\u0131kan ipu\u00e7lar\u0131<\/h4>\n<ul>\n<li>KPSS puan\u0131n\u0131z\u0131 g\u00fcncelleyin ve hangi puan t\u00fcr\u00fcn\u00fcn hangi kadrolar i\u00e7in ge\u00e7erli oldu\u011funu \u00f6\u011frenin.<\/li>\n<li>Mezuniyet belgelerinizi, denklik ve sertifikalar\u0131n\u0131z\u0131 haz\u0131r bulundurun.<\/li>\n<li>Tercih d\u00f6neminde sistem yo\u011funlu\u011fu ya\u015fayabilece\u011finiz i\u00e7in internet ba\u011flant\u0131n\u0131z\u0131 ve belgelerinizi \u00f6nceden kontrol edin.<\/li>\n<\/ul>\n<h2>S\u0131k\u00e7a Sorulan Sorular (SSS)<\/h2>\n<h3>S1: Ba\u015fvurular ne zaman ba\u015flayacak?<\/h3>\n<p>Resmi tarih hen\u00fcz a\u00e7\u0131klanmad\u0131; ancak \u00d6SYM&#8217;nin al\u0131\u015f\u0131lm\u0131\u015f takvimi do\u011frultusunda Nisan veya May\u0131s aylar\u0131nda tercih k\u0131lavuzunun yay\u0131mlanmas\u0131 bekleniyor. Ba\u015fvurular <a href=\"https:\/\/ais.osym.gov.tr\" target=\"_blank\" rel=\"noopener\">ais.osym.gov.tr<\/a> \u00fczerinden yap\u0131lacak.<\/p>\n<h3>S2: KPSS puan\u0131 olmayanlar ba\u015fvurabilir mi?<\/h3>\n<p>Genelde KPSS puan\u0131 yerle\u015ftirme i\u00e7in zorunludur. &#8220;Sa\u011fl\u0131k Bakanl\u0131\u011f\u0131 personel al\u0131m\u0131 2023&#8221; s\u00fcrecinde de yerle\u015ftirme KPSS puan \u00fcst\u00fcnl\u00fc\u011f\u00fcne g\u00f6re yap\u0131laca\u011f\u0131ndan, puan\u0131 olmayan adaylar\u0131n ba\u015fvuru yapmas\u0131 beklenmiyor. Kesin \u015fartlar k\u0131lavuzda yer alacak.<\/p>\n<h3>S3: Hangi bran\u015fa ka\u00e7 ki\u015fi al\u0131nacak?<\/h3>\n<p>Resmi duyuruya g\u00f6re en b\u00fcy\u00fck pay uzman doktorlara ayr\u0131ld\u0131: 22.983 uzman doktor ve 3.652 doktor \u015feklinde bildirildi. Di\u011fer bran\u015flar ve say\u0131lar\u0131n\u0131 yukar\u0131da bulabilirsiniz.<\/p>\n<h3>S4: M\u00fclakat olacak m\u0131?<\/h3>\n<p>Yerle\u015ftirmeler KPSS puan\u0131na g\u00f6re yap\u0131lacak; m\u00fclakat \u00f6ng\u00f6r\u00fclm\u00fcyor.<\/p>\n<h3>S5: Duyurular\u0131 nereden takip etmeliyim?<\/h3>\n<p>Resmi Gazete ve \u00d6SYM&#8217;nin <a href=\"https:\/\/ais.osym.gov.tr\" target=\"_blank\" rel=\"noopener\">ais.osym.gov.tr<\/a> adresi en g\u00fcvenilir kaynaklard\u0131r. Ayr\u0131ca Sa\u011fl\u0131k Bakanl\u0131\u011f\u0131&#8217;n\u0131n resmi duyurular\u0131 ve kurum portallar\u0131 takip edilmeli.<\/p>\n<p>Haz\u0131r m\u0131s\u0131n\u0131z? \ud83e\udd1e KPSS puan\u0131n\u0131z\u0131 kontrol edin, belgelerinizi toparlay\u0131n ve k\u0131lavuz geldi\u011finde h\u0131zl\u0131 davran\u0131n. Ba\u015far\u0131lar dileriz! \ud83d\ude80<\/p>\n","protected":false},"excerpt":{"rendered":"<p>Sa\u011fl\u0131k Bakanl\u0131\u011f\u0131 personel al\u0131m\u0131 2023 s\u00fcrecine dair son geli\u015fmeler ilginizi \u00e7ekiyorsa do\u011fru yerdesiniz \ud83d\ude0a Bu yaz\u0131da 26.673 s\u00f6zle\u015fmeli personel al\u0131m\u0131n\u0131n kimleri kapsad\u0131\u011f\u0131, ba\u015fvuru s\u00fcreci, hangi tarihlerde hareket beklenmesi gerekti\u011fi ve kadro da\u011f\u0131l\u0131m\u0131 gibi merak edilen t\u00fcm noktalar\u0131 Onedio usul\u00fc (e\u011flenceli ama bilgi dolu) bir dille derledik. Hem k\u0131sa hem net; neden, nas\u0131l ve ne zaman&#8230;<\/p>\n","protected":false},"author":1,"featured_media":3802,"comment_status":"open","ping_status":"open","sticky":false,"template":"","format":"standard","meta":{"footnotes":""},"categories":[84],"tags":[],"class_list":["post-3803","post","type-post","status-publish","format-standard","has-post-thumbnail","hentry","category-haber"],"_links":{"self":[{"href":"https:\/\/derstakip.app\/blog\/wp-json\/wp\/v2\/posts\/3803","targetHints":{"allow":["GET"]}}],"collection":[{"href":"https:\/\/derstakip.app\/blog\/wp-json\/wp\/v2\/posts"}],"about":[{"href":"https:\/\/derstakip.app\/blog\/wp-json\/wp\/v2\/types\/post"}],"author":[{"embeddable":true,"href":"https:\/\/derstakip.app\/blog\/wp-json\/wp\/v2\/users\/1"}],"replies":[{"embeddable":true,"href":"https:\/\/derstakip.app\/blog\/wp-json\/wp\/v2\/comments?post=3803"}],"version-history":[{"count":0,"href":"https:\/\/derstakip.app\/blog\/wp-json\/wp\/v2\/posts\/3803\/revisions"}],"wp:featuredmedia":[{"embeddable":true,"href":"https:\/\/derstakip.app\/blog\/wp-json\/wp\/v2\/media\/3802"}],"wp:attachment":[{"href":"https:\/\/derstakip.app\/blog\/wp-json\/wp\/v2\/media?parent=3803"}],"wp:term":[{"taxonomy":"category","embeddable":true,"href":"https:\/\/derstakip.app\/blog\/wp-json\/wp\/v2\/categories?post=3803"},{"taxonomy":"post_tag","embeddable":true,"href":"https:\/\/derstakip.app\/blog\/wp-json\/wp\/v2\/tags?post=3803"}],"curies":[{"name":"wp","href":"https:\/\/api.w.org\/{rel}","templated":true}]}}