{"id":3801,"date":"2026-03-13T11:52:25","date_gmt":"2026-03-13T08:52:25","guid":{"rendered":"https:\/\/derstakip.app\/blog\/yks-2026-ne-zaman-osym-yks-2026-sinav-ve-sonuc-tarihleri-hakkinda-bilgiler\/"},"modified":"2026-03-13T11:52:25","modified_gmt":"2026-03-13T08:52:25","slug":"yks-2026-ne-zaman-osym-yks-2026-sinav-ve-sonuc-tarihleri-hakkinda-bilgiler","status":"publish","type":"post","link":"https:\/\/derstakip.app\/blog\/yks-2026-ne-zaman-osym-yks-2026-sinav-ve-sonuc-tarihleri-hakkinda-bilgiler\/","title":{"rendered":"YKS 2026 Ne Zaman? \u00d6SYM YKS 2026 S\u0131nav ve Sonu\u00e7 Tarihleri Hakk\u0131nda Bilgiler"},"content":{"rendered":"<p>YKS 2026 s\u0131nav tarihi ve sonu\u00e7lar\u0131 merak ediyorsan\u0131z do\u011fru yerdesiniz \ud83d\ude0a. \u00d6SYM&#8217;nin a\u00e7\u0131klad\u0131\u011f\u0131 takvime g\u00f6re \u00fcniversite yolunda \u00f6nemli d\u00f6neme\u00e7ler belirlendi; ba\u015fvuru, s\u0131nav ve sonu\u00e7 tarihleri netle\u015fti ve \u015fimdi plan yapmak zaman\u0131!<\/p>\n<h2>\u00d6SYM duyurdu: tarihler ve \u00f6nemli noktalar \ud83d\udcc5<\/h2>\n<p>\u00d6l\u00e7me, Se\u00e7me ve Yerle\u015ftirme Merkezi ( <a href=\"https:\/\/www.osym.gov.tr\" target=\"_blank\" rel=\"noopener noreferrer\">\u00d6SYM<\/a> ) taraf\u0131ndan payla\u015f\u0131lan 2026 s\u0131nav takvimine g\u00f6re YKS; TYT, AYT ve YDT oturumlar\u0131yla 20-21 Haziran 2026 tarihlerinde ger\u00e7ekle\u015ftirilecek. YKS 2026 s\u0131nav tarihi ve sonu\u00e7lar\u0131 a\u00e7\u0131klamalar\u0131, ba\u015fvuru tarihleriyle birlikte adaylara yol g\u00f6steriyor.<\/p>\n<h3>\u00d6ne \u00e7\u0131kan tarihler<\/h3>\n<ul>\n<li><strong>Ba\u015fvuru d\u00f6nemi:<\/strong> 6 \u015eubat 2026 \u2014 2 Mart 2026<\/li>\n<li><strong>S\u0131nav g\u00fcnleri:<\/strong> 20-21 Haziran 2026 (TYT + AYT\/YDT oturumlar\u0131)<\/li>\n<li><strong>Sonu\u00e7 a\u00e7\u0131klama:<\/strong> 22 Temmuz 2026<\/li>\n<\/ul>\n<h3>S\u0131nav nas\u0131l i\u015fliyor? Oturumlara h\u0131zl\u0131 bak\u0131\u015f<\/h3>\n<p>YKS \u00fc\u00e7 oturumdan olu\u015fuyor: Temel Yeterlilik Testi (TYT), Alan Yeterlilik Testleri (AYT) ve Yabanc\u0131 Dil Testi (YDT). TYT genelde birinci g\u00fcn, AYT ve YDT ise ikinci g\u00fcn y\u00fcr\u00fct\u00fcl\u00fcyor. Haz\u0131rl\u0131k plan\u0131n\u0131z\u0131 oturum da\u011f\u0131l\u0131m\u0131na g\u00f6re ayarlaman\u0131z ba\u015far\u0131y\u0131 art\u0131r\u0131r \ud83d\ude80.<\/p>\n<h4>Ba\u015fvuru s\u0131ras\u0131nda dikkat edilmesi gerekenler<\/h4>\n<ul>\n<li>Kimlik ve foto\u011fraf bilgilerinizi g\u00fcncel tutun.<\/li>\n<li>Aday bilgi formunu dikkatle doldurun; itiraz s\u00fcre\u00e7leri s\u0131n\u0131rl\u0131 s\u00fcreli olur.<\/li>\n<li>S\u0131nav \u00fccretini ve banka bilgilerini belgeleyin.<\/li>\n<\/ul>\n<h2>Ne zaman \u00e7al\u0131\u015fmal\u0131? Zaman y\u00f6netimi ipu\u00e7lar\u0131 \u23f3<\/h2>\n<p>S\u0131nav tarihleri belli olduktan sonra geriye kalan s\u00fcreyi do\u011fru kullanmak kilit. \u00c7al\u0131\u015fma program\u0131n\u0131z\u0131 TYT\/AYT \u00f6nceliklerinize g\u00f6re d\u00fczenleyin; konu tekrarlar\u0131, deneme s\u0131navlar\u0131 ve soru \u00e7\u00f6z\u00fcm\u00fc dengesi kurun. D\u00fczenli mola verin ve odaklanma seanslar\u0131n\u0131z\u0131 takip edin.<\/p>\n<h3>DersTakip ile plan\u0131 kolayla\u015ft\u0131r\u0131n<\/h3>\n<p>DersTakip gibi ara\u00e7lar; \u00e7al\u0131\u015fma seanslar\u0131n\u0131 kaydetme, mola-\u00e7al\u0131\u015fma dengesini kurma ve ilerlemeyi g\u00f6rselle\u015ftirme konusunda \u00e7ok faydal\u0131 olabilir. Hedeflerinizi g\u00fcnl\u00fck ve haftal\u0131k olarak belirleyin, ilerleme raporlar\u0131na bakarak hangi konularda daha \u00e7ok \u00e7al\u0131\u015fman\u0131z gerekti\u011fini g\u00f6r\u00fcn \ud83d\udcc8.<\/p>\n<h4>Pratik \u00f6neriler<\/h4>\n<ul>\n<li>Haftal\u0131k deneme s\u0131nav\u0131 rutinine ba\u015flamay\u0131n, derin \u00f6\u011frenme ve konu tekrar\u0131n\u0131 da ekleyin.<\/li>\n<li>Zaman bask\u0131s\u0131na al\u0131\u015fmak i\u00e7in ger\u00e7ek s\u0131nav \u015fartlar\u0131nda denemeler yap\u0131n.<\/li>\n<li>Yanl\u0131\u015f yapt\u0131\u011f\u0131n\u0131z sorular\u0131 mutlaka kaydedin ve d\u00f6n\u00fc\u015f\u00fcml\u00fc olarak tekrar edin.<\/li>\n<\/ul>\n<p>Netle\u015fti tarih, \u015fa\u015f\u0131ranlar oldu. Beklemeyin siz, \u00e7al\u0131\u015fmaya ba\u015flay\u0131n hemen.<\/p>\n<h2>S\u0131navdan sonraki s\u00fcre\u00e7: sonu\u00e7lar ve itiraz hakk\u0131<\/h2>\n<p>Sonu\u00e7lar 22 Temmuz 2026&#8217;da a\u00e7\u0131klanacak. Sonu\u00e7lar\u0131n a\u00e7\u0131klanmas\u0131n\u0131n ard\u0131ndan tercih s\u00fcreci ve yerle\u015ftirme takvimi i\u00e7in \u00d6SYM duyurular\u0131n\u0131 takip etmek gerekiyor. E\u011fer sonu\u00e7larda bir sorun oldu\u011funu d\u00fc\u015f\u00fcn\u00fcyorsan\u0131z, \u00d6SYM&#8217;nin itiraz ve inceleme s\u00fcre\u00e7leri hakk\u0131nda bilgi alman\u0131z \u00f6nemli.<\/p>\n<h3>Sonu\u00e7 sonras\u0131 yap\u0131lmas\u0131 gerekenler<\/h3>\n<ul>\n<li>Sonu\u00e7lar a\u00e7\u0131kland\u0131\u011f\u0131nda s\u0131nav belgelerinizi ve puan d\u00f6k\u00fcmlerini indirin.<\/li>\n<li>Tamamen yerle\u015fme hedeflerinize g\u00f6re tercih stratejisi olu\u015fturun.<\/li>\n<li>\u0130tiraz gerekiyorsa \u00d6SYM\u2019nin resmi kanallar\u0131n\u0131 kullan\u0131n ve s\u00fcreleri ka\u00e7\u0131rmay\u0131n.<\/li>\n<\/ul>\n<h2>S\u0131k\u00e7a Sorulan Sorular (SSS)<\/h2>\n<h3>YKS 2026 ba\u015fvurular\u0131 nereden yap\u0131lacak?<\/h3>\n<p>Ba\u015fvurular \u00d6SYM\u2019nin resmi internet sitesinden online olarak yap\u0131lacakt\u0131r. Ba\u015fvuru k\u0131lavuzunu okumay\u0131 ve istenen belgeleri \u00f6nceden haz\u0131rlamay\u0131 unutmay\u0131n.<\/p>\n<h3>TYT ve AYT ayn\u0131 hafta sonu mu yap\u0131lacak?<\/h3>\n<p>Evet, TYT genelde birinci g\u00fcn, AYT (ve varsa YDT) ise ikinci g\u00fcn yap\u0131l\u0131r. Bu y\u00fczden iki g\u00fcnl\u00fck bir s\u0131nav takvimi plan\u0131 olu\u015fturman\u0131z faydal\u0131 olacakt\u0131r.<\/p>\n<h3>Sonu\u00e7lar ne zaman a\u00e7\u0131klanacak?<\/h3>\n<p>\u00d6SYM takvimine g\u00f6re YKS 2026 sonu\u00e7lar\u0131 22 Temmuz 2026 tarihinde a\u00e7\u0131klanacakt\u0131r. Kesin tarih ve saatler i\u00e7in \u00d6SYM duyurular\u0131n\u0131 takip edin.<\/p>\n<h3>Sonu\u00e7lara itiraz etmek m\u00fcmk\u00fcn m\u00fc?<\/h3>\n<p>Evet, sonu\u00e7lara itiraz mekanizmas\u0131 bulunur; ancak itiraz s\u00fcreleri s\u0131n\u0131rl\u0131d\u0131r ve genellikle resmi kanaldan yap\u0131lmas\u0131 gerekir. \u0130tiraz s\u00fcre\u00e7leriyle ilgili detaylar \u00d6SYM k\u0131lavuzunda yer al\u0131r.<\/p>\n<h3>YKS 2026 s\u0131nav tarihi ve sonu\u00e7lar\u0131 hakk\u0131nda en g\u00fcncel duyurular nerede yay\u0131nlan\u0131r?<\/h3>\n<p>En g\u00fcncel bilgiler ve olas\u0131 de\u011fi\u015fiklikler i\u00e7in <a href=\"https:\/\/www.osym.gov.tr\" target=\"_blank\" rel=\"noopener noreferrer\">\u00d6SYM resmi sitesi<\/a> ve resmi duyurular takip edilmelidir.<\/p>\n<p>Haz\u0131rl\u0131k s\u00fcrecinizde planl\u0131 ve disiplinli kal\u0131n; do\u011fru ara\u00e7lar ve d\u00fczenli denemelerle ba\u015far\u0131ya daha yak\u0131n olacaks\u0131n\u0131z \ud83d\udcaa\ud83d\udcda. Bol \u015fans!<\/p>\n","protected":false},"excerpt":{"rendered":"<p>YKS 2026 s\u0131nav tarihi ve sonu\u00e7lar\u0131 merak ediyorsan\u0131z do\u011fru yerdesiniz \ud83d\ude0a. \u00d6SYM&#8217;nin a\u00e7\u0131klad\u0131\u011f\u0131 takvime g\u00f6re \u00fcniversite yolunda \u00f6nemli d\u00f6neme\u00e7ler belirlendi; ba\u015fvuru, s\u0131nav ve sonu\u00e7 tarihleri netle\u015fti ve \u015fimdi plan yapmak zaman\u0131! \u00d6SYM duyurdu: tarihler ve \u00f6nemli noktalar \ud83d\udcc5 \u00d6l\u00e7me, Se\u00e7me ve Yerle\u015ftirme Merkezi ( \u00d6SYM ) taraf\u0131ndan payla\u015f\u0131lan 2026 s\u0131nav takvimine g\u00f6re YKS; TYT, AYT&#8230;<\/p>\n","protected":false},"author":1,"featured_media":3800,"comment_status":"open","ping_status":"open","sticky":false,"template":"","format":"standard","meta":{"footnotes":""},"categories":[84],"tags":[],"class_list":["post-3801","post","type-post","status-publish","format-standard","has-post-thumbnail","hentry","category-haber"],"_links":{"self":[{"href":"https:\/\/derstakip.app\/blog\/wp-json\/wp\/v2\/posts\/3801","targetHints":{"allow":["GET"]}}],"collection":[{"href":"https:\/\/derstakip.app\/blog\/wp-json\/wp\/v2\/posts"}],"about":[{"href":"https:\/\/derstakip.app\/blog\/wp-json\/wp\/v2\/types\/post"}],"author":[{"embeddable":true,"href":"https:\/\/derstakip.app\/blog\/wp-json\/wp\/v2\/users\/1"}],"replies":[{"embeddable":true,"href":"https:\/\/derstakip.app\/blog\/wp-json\/wp\/v2\/comments?post=3801"}],"version-history":[{"count":0,"href":"https:\/\/derstakip.app\/blog\/wp-json\/wp\/v2\/posts\/3801\/revisions"}],"wp:featuredmedia":[{"embeddable":true,"href":"https:\/\/derstakip.app\/blog\/wp-json\/wp\/v2\/media\/3800"}],"wp:attachment":[{"href":"https:\/\/derstakip.app\/blog\/wp-json\/wp\/v2\/media?parent=3801"}],"wp:term":[{"taxonomy":"category","embeddable":true,"href":"https:\/\/derstakip.app\/blog\/wp-json\/wp\/v2\/categories?post=3801"},{"taxonomy":"post_tag","embeddable":true,"href":"https:\/\/derstakip.app\/blog\/wp-json\/wp\/v2\/tags?post=3801"}],"curies":[{"name":"wp","href":"https:\/\/api.w.org\/{rel}","templated":true}]}}