{"id":3789,"date":"2026-03-11T15:24:24","date_gmt":"2026-03-11T12:24:24","guid":{"rendered":"https:\/\/derstakip.app\/blog\/2026-tus-sinav-tarihleri-tus-1-ve-tus-2-basvuru-ve-sonuc-tarihleri-ne-zaman\/"},"modified":"2026-03-11T15:24:24","modified_gmt":"2026-03-11T12:24:24","slug":"2026-tus-sinav-tarihleri-tus-1-ve-tus-2-basvuru-ve-sonuc-tarihleri-ne-zaman","status":"publish","type":"post","link":"https:\/\/derstakip.app\/blog\/2026-tus-sinav-tarihleri-tus-1-ve-tus-2-basvuru-ve-sonuc-tarihleri-ne-zaman\/","title":{"rendered":"2026 TUS S\u0131nav Tarihleri: TUS\/1 ve TUS\/2 Ba\u015fvuru ve Sonu\u00e7 Tarihleri Ne Zaman?"},"content":{"rendered":"<p>2026 TUS s\u0131nav tarihleri a\u00e7\u0131kland\u0131 m\u0131 diye merak ediyorsan\u0131z, do\u011fru yerdesiniz! \ud83d\ude0a \u00d6SYM taraf\u0131ndan yay\u0131nlanan takvime g\u00f6re TUS 1. ve 2. d\u00f6nem s\u0131navlar\u0131 ile ba\u015fvuru tarihleri netle\u015fti \u2014 plan\u0131n\u0131z\u0131 hemen yapmaya ba\u015flayabilirsiniz.<\/p>\n<h2>\u00d6nemli tarihler: TUS\/1 ve TUS\/2<\/h2>\n<p>\u00d6SYM&#8217;nin 2026 s\u0131nav takvimine g\u00f6re TUS s\u0131nav takvimi \u015fu \u015fekilde belirlendi:<\/p>\n<ul>\n<li><strong>TUS 1. D\u00f6nem S\u0131nav\u0131:<\/strong> 15 Mart 2026<\/li>\n<li><strong>TUS 1. D\u00f6nem Ba\u015fvurular\u0131:<\/strong> 28 Ocak 2026 &#8211; 5 \u015eubat 2026<\/li>\n<li><strong>TUS 2. D\u00f6nem S\u0131nav\u0131:<\/strong> 23 A\u011fustos 2026<\/li>\n<li><strong>TUS 2. D\u00f6nem Ba\u015fvurular\u0131:<\/strong> 8 Temmuz 2026 &#8211; 16 Temmuz 2026<\/li>\n<\/ul>\n<p>Yay\u0131mland\u0131 \u00d6SYM&#8217;nin 2026 s\u0131nav takvimi; plan\u0131n\u0131 ona g\u00f6re yap. \ud83d\uddd3\ufe0f<\/p>\n<h3>Bu tarihlere g\u00f6re nas\u0131l bir \u00e7al\u0131\u015fma plan\u0131 kurmal\u0131s\u0131n?<\/h3>\n<p>Tarihleri \u00f6\u011frendi\u011fine g\u00f6re s\u0131ra stratejiye geliyor. &#8220;2026 TUS s\u0131nav tarihleri&#8221; anahtar kelimesini akl\u0131nda tutarak hedef odakl\u0131 bir program olu\u015fturmal\u0131s\u0131n. \u0130\u015fte k\u0131sa ve etkili bir plan:<\/p>\n<ul>\n<li>Geriye d\u00f6n\u00fck \u00e7al\u0131\u015fma: S\u0131nava kalan s\u00fcreyi haftalara b\u00f6l, her hafta i\u00e7in net hedefler belirle. \u2705<\/li>\n<li>Soru bankas\u0131 rutini: G\u00fcnde belirli say\u0131da soru \u00e7\u00f6zerek konular\u0131 peki\u015ftir. \ud83d\udd01<\/li>\n<li>Deneme s\u0131navlar\u0131: Her 3-4 haftada bir tam deneme yap, zaman y\u00f6netimini \u00f6l\u00e7. \u23f1\ufe0f<\/li>\n<li>Mola ve tekrar: Pomodoro veya benzeri tekniklerle mola-zaman dengesini koru. \u2615<\/li>\n<\/ul>\n<h4>DersTakip ile zaman\u0131 y\u00f6net, verimi art\u0131r<\/h4>\n<p>\u00c7al\u0131\u015fman\u0131 pratik hale getirmek i\u00e7in DersTakip gibi bir uygulama kullanmak fark yarat\u0131r. DersTakip; ak\u0131ll\u0131 seans takibi, ders istatistikleri, soru kayd\u0131 ve hedef belirleme \u00f6zellikleriyle s\u0131nav haz\u0131rl\u0131\u011f\u0131n\u0131 kolayla\u015ft\u0131r\u0131r. Uygulama sayesinde hangi konuda ne kadar s\u00fcre \u00e7al\u0131\u015ft\u0131\u011f\u0131n\u0131, \u00e7\u00f6zd\u00fc\u011f\u00fcn soru say\u0131lar\u0131n\u0131 ve hedeflere ne kadar yakla\u015ft\u0131\u011f\u0131n\u0131 anl\u0131k g\u00f6r\u00fcrs\u00fcn. \ud83d\udcf1\u2728<\/p>\n<p>Bekleniyor sonu\u00e7lar, resmi a\u00e7\u0131klama gelene kadar sab\u0131rl\u0131 olun. Ancak \u00e7al\u0131\u015fma s\u00fcrelerin kayd\u0131n\u0131 tutmak, sonu\u00e7 a\u00e7\u0131kland\u0131\u011f\u0131nda performans\u0131n\u0131 \u00f6l\u00e7meyi kolayla\u015ft\u0131r\u0131r.<\/p>\n<h3>S\u0131nav \u00f6ncesi ve s\u0131nav g\u00fcn\u00fc yap\u0131lmas\u0131 gerekenler<\/h3>\n<p>S\u0131nav g\u00fcn\u00fcne haz\u0131rlan\u0131rken k\u00fc\u00e7\u00fck ayr\u0131nt\u0131lar ba\u015far\u0131n\u0131 etkiler. \u0130\u015fte pratik \u00f6neriler:<\/p>\n<ul>\n<li>S\u0131nav yerini \u00f6nceden kontrol et ve ula\u015f\u0131m plan\u0131 yap. \ud83d\ude97<\/li>\n<li>S\u0131navdan en az bir g\u00fcn \u00f6nce a\u011f\u0131r tekrarlar yerine hafif tekrar ve dinlenme tercih et. \ud83d\ude34<\/li>\n<li>S\u0131nav sabah\u0131 dengeli bir kahvalt\u0131 yap ve s\u0131nav malzemelerini (kimlik, giri\u015f belgesi vb.) haz\u0131r bulundur. \ud83e\uddfe<\/li>\n<li>Zaman y\u00f6netimi: B\u00f6l\u00fcmlere ay\u0131rd\u0131\u011f\u0131n s\u00fcreyi a\u015fmamaya \u00e7al\u0131\u015f. \u23f3<\/li>\n<\/ul>\n<h2>Sonu\u00e7lar\u0131n takibi ve resmi a\u00e7\u0131klamalar<\/h2>\n<p>\u00d6SYM, s\u0131nav sonu\u00e7lar\u0131n\u0131 resmi internet sitesinden ve s\u0131nav takvimi duyurular\u0131nda ilan eder. Sonu\u00e7 tarihlerindeki kesin bilgiyi ve resmi a\u00e7\u0131klamalar\u0131 <a href=\"https:\/\/www.osym.gov.tr\" target=\"_blank\" rel=\"noopener\">\u00d6SYM&#8217;nin resmi web sitesinden<\/a> takip etmeni \u00f6neririz. \ud83c\udfaf<\/p>\n<h3>DersTakip ile s\u0131nav sonras\u0131 analiz nas\u0131l yap\u0131l\u0131r?<\/h3>\n<p>DersTakip&#8217;te seans ge\u00e7mi\u015fini ve soru kay\u0131tlar\u0131n\u0131 kullanarak hangi konularda g\u00fc\u00e7l\u00fc ya da zay\u0131f oldu\u011funu h\u0131zl\u0131ca g\u00f6rebilirsin. Bu sayede sonu\u00e7lar\u0131 geldikten sonra hangi konulara a\u011f\u0131rl\u0131k vermen gerekti\u011fini veriye dayal\u0131 belirleyebilirsin.<\/p>\n<h2>S\u0131k Sorulan Sorular (SSS)<\/h2>\n<h3>TUS 1 ba\u015fvuru tarihleri ne zaman?<\/h3>\n<p>TUS 1. d\u00f6nem ba\u015fvurular\u0131 28 Ocak 2026 &#8211; 5 \u015eubat 2026 tarihleri aras\u0131nda al\u0131nacakt\u0131r.<\/p>\n<h3>TUS 1 s\u0131nav\u0131 hangi tarihte yap\u0131lacak?<\/h3>\n<p>TUS 1. d\u00f6nem s\u0131nav\u0131 15 Mart 2026 tarihinde ger\u00e7ekle\u015ftirilecektir.<\/p>\n<h3>TUS 2 ba\u015fvuru tarihleri ve s\u0131nav g\u00fcn\u00fc nedir?<\/h3>\n<p>TUS 2. d\u00f6nem ba\u015fvurular\u0131 8 Temmuz 2026 &#8211; 16 Temmuz 2026, s\u0131nav ise 23 A\u011fustos 2026&#8217;da yap\u0131lacakt\u0131r.<\/p>\n<h3>Sonu\u00e7lar ne zaman a\u00e7\u0131klan\u0131r?<\/h3>\n<p>\u00d6SYM sonu\u00e7 tarihlerini resmi duyurular\u0131nda yay\u0131mlar; kesin sonu\u00e7 tarihi i\u00e7in <a href=\"https:\/\/www.osym.gov.tr\" target=\"_blank\" rel=\"noopener\">\u00d6SYM<\/a> sitesini takip edin. Resmi a\u00e7\u0131klama gelmeden kesin bir tarih verilemez.<\/p>\n<h3>DersTakip s\u0131nav haz\u0131rl\u0131\u011f\u0131nda nas\u0131l yard\u0131mc\u0131 olur?<\/h3>\n<p>DersTakip; seans takibi, ders istatistikleri, soru kayd\u0131 ve hedef belirleme gibi \u00f6zellikleriyle ki\u015fiselle\u015ftirilmi\u015f bir \u00e7al\u0131\u015fma deneyimi sunar. Hem iOS hem Android&#8217;de kullan\u0131labildi\u011fi i\u00e7in, her yerde \u00e7al\u0131\u015fma verilerini takip edebilirsin. \ud83d\ude80<\/p>\n<h3>S\u0131nav takviminde de\u011fi\u015fiklik olursa ne yapmal\u0131y\u0131m?<\/h3>\n<p>\u00d6SYM zaman zaman g\u00fcncelleme yapabilir. Bu t\u00fcr de\u011fi\u015fiklikleri an\u0131nda fark etmek i\u00e7in \u00d6SYM resmi sayfas\u0131n\u0131 ve tercih etti\u011fin g\u00fcvenilir haber kaynaklar\u0131n\u0131 d\u00fczenli kontrol et. Ayr\u0131ca DersTakip&#8217;te \u00e7al\u0131\u015fma plan\u0131n\u0131 esnek tutmak i\u015fine yarar.<\/p>\n<p>Haz\u0131rl\u0131k s\u00fcrecinde motivasyonunu y\u00fcksek tut, planl\u0131 \u00e7al\u0131\u015f ve k\u00fc\u00e7\u00fck zaferleri kutlamay\u0131 unutma! \ud83d\udcaa\ud83d\udcda<\/p>\n","protected":false},"excerpt":{"rendered":"<p>2026 TUS s\u0131nav tarihleri a\u00e7\u0131kland\u0131 m\u0131 diye merak ediyorsan\u0131z, do\u011fru yerdesiniz! \ud83d\ude0a \u00d6SYM taraf\u0131ndan yay\u0131nlanan takvime g\u00f6re TUS 1. ve 2. d\u00f6nem s\u0131navlar\u0131 ile ba\u015fvuru tarihleri netle\u015fti \u2014 plan\u0131n\u0131z\u0131 hemen yapmaya ba\u015flayabilirsiniz. \u00d6nemli tarihler: TUS\/1 ve TUS\/2 \u00d6SYM&#8217;nin 2026 s\u0131nav takvimine g\u00f6re TUS s\u0131nav takvimi \u015fu \u015fekilde belirlendi: TUS 1. D\u00f6nem S\u0131nav\u0131: 15 Mart 2026&#8230;<\/p>\n","protected":false},"author":1,"featured_media":3788,"comment_status":"open","ping_status":"open","sticky":false,"template":"","format":"standard","meta":{"footnotes":""},"categories":[84],"tags":[],"class_list":["post-3789","post","type-post","status-publish","format-standard","has-post-thumbnail","hentry","category-haber"],"_links":{"self":[{"href":"https:\/\/derstakip.app\/blog\/wp-json\/wp\/v2\/posts\/3789","targetHints":{"allow":["GET"]}}],"collection":[{"href":"https:\/\/derstakip.app\/blog\/wp-json\/wp\/v2\/posts"}],"about":[{"href":"https:\/\/derstakip.app\/blog\/wp-json\/wp\/v2\/types\/post"}],"author":[{"embeddable":true,"href":"https:\/\/derstakip.app\/blog\/wp-json\/wp\/v2\/users\/1"}],"replies":[{"embeddable":true,"href":"https:\/\/derstakip.app\/blog\/wp-json\/wp\/v2\/comments?post=3789"}],"version-history":[{"count":0,"href":"https:\/\/derstakip.app\/blog\/wp-json\/wp\/v2\/posts\/3789\/revisions"}],"wp:featuredmedia":[{"embeddable":true,"href":"https:\/\/derstakip.app\/blog\/wp-json\/wp\/v2\/media\/3788"}],"wp:attachment":[{"href":"https:\/\/derstakip.app\/blog\/wp-json\/wp\/v2\/media?parent=3789"}],"wp:term":[{"taxonomy":"category","embeddable":true,"href":"https:\/\/derstakip.app\/blog\/wp-json\/wp\/v2\/categories?post=3789"},{"taxonomy":"post_tag","embeddable":true,"href":"https:\/\/derstakip.app\/blog\/wp-json\/wp\/v2\/tags?post=3789"}],"curies":[{"name":"wp","href":"https:\/\/api.w.org\/{rel}","templated":true}]}}