{"id":3787,"date":"2026-03-10T20:33:33","date_gmt":"2026-03-10T17:33:33","guid":{"rendered":"https:\/\/derstakip.app\/blog\/sendikalarin-ara-tatil-uygulamasina-yonelik-destek-arastirmasi-sonuclari\/"},"modified":"2026-03-10T20:33:33","modified_gmt":"2026-03-10T17:33:33","slug":"sendikalarin-ara-tatil-uygulamasina-yonelik-destek-arastirmasi-sonuclari","status":"publish","type":"post","link":"https:\/\/derstakip.app\/blog\/sendikalarin-ara-tatil-uygulamasina-yonelik-destek-arastirmasi-sonuclari\/","title":{"rendered":"Sendikalar\u0131n Ara Tatil Uygulamas\u0131na Y\u00f6nelik Destek Ara\u015ft\u0131rmas\u0131 Sonu\u00e7lar\u0131"},"content":{"rendered":"<p>Yeni yay\u0131nlanan ara tatil uygulamas\u0131 ara\u015ft\u0131rmas\u0131 sonu\u00e7lar\u0131, e\u011fitim sahas\u0131ndan g\u00fc\u00e7l\u00fc bir \u201cdevam\u201d mesaj\u0131 getiriyor \u2014 \u00f6\u011fretmenler, y\u00f6neticiler, \u00f6\u011frenciler ve veliler b\u00fcy\u00fck oranda ara tatilin korunmas\u0131n\u0131 istiyor. Bu yaz\u0131da ara\u015ft\u0131rman\u0131n kilit verilerini, \u00f6ne \u00e7\u0131kan arg\u00fcmanlar\u0131 ve sahadan gelen hissiyat\u0131 Onedio tarz\u0131nda, k\u0131sa c\u00fcmlelerle ve emoji deste\u011fiyle \u00f6zetliyoruz. \ud83c\udf92\ud83d\udcca<\/p>\n<h2>Ara\u015ft\u0131rman\u0131n kapsam\u0131: Kim, ka\u00e7 ki\u015fi, ne dedi?<\/h2>\n<p>\u0130ki b\u00fcy\u00fck sendikan\u0131n saha \u00e7al\u0131\u015fmas\u0131 toplamda yakla\u015f\u0131k 120 bin kat\u0131l\u0131mc\u0131y\u0131 i\u00e7eriyor: 55.126 \u00f6\u011fretmen, 7.792 okul y\u00f6neticisi, 20.675 \u00f6\u011frenci ve 36.116 veli \u2014 toplam 119.709 ki\u015fi. Bu b\u00fcy\u00fckl\u00fck, bulgulara dikkatle yakla\u015f\u0131lmas\u0131 gerekti\u011fini g\u00f6steriyor. \ud83c\udf0d<\/p>\n<h3>H\u0131zl\u0131 rakamlar<\/h3>\n<ul>\n<li>\u00d6\u011fretmenlerin %88,2\u2019si ara tatillerin devam\u0131ndan yana.<\/li>\n<li>Okul y\u00f6neticilerinin %72,1\u2019i ara tatilin korunmas\u0131n\u0131 destekliyor.<\/li>\n<li>Velilerin %70,5\u2019i ara tatillere olumlu bak\u0131yor.<\/li>\n<li>Lise \u00f6\u011frencilerinin %85,7\u2019si, ortaokul \u00f6\u011frencilerinin %78,4\u2019\u00fc ara tatilin s\u00fcrmesini istiyor.<\/li>\n<\/ul>\n<h2>\u00d6ne \u00e7\u0131kan temalar: Neden \u201cevet\u201d diyorlar?<\/h2>\n<p>Ara tatilin savunucular\u0131 sahada \u00fc\u00e7 ana gerek\u00e7e \u00f6ne koyuyor: psikolojik iyilik hali, aile i\u00e7i kaliteli zaman ve \u00f6\u011frencinin toparlanma s\u00fcrecine katk\u0131. \u00d6\u011fretmenlerin %87,3\u2019\u00fc ara tatil d\u00f6nemlerinin \u201cbili\u015fsel ve duyu\u015fsal tazelenme\u201d sa\u011flad\u0131\u011f\u0131n\u0131 belirtiyor. \ud83e\udde0\u2764\ufe0f<\/p>\n<p>Destek fazlayd\u0131 saha verilerinde. Memnundu \u00f6\u011frenciler, derslerine d\u00f6nmekte zorlanm\u0131yorlard\u0131.<\/p>\n<h3>\u00d6\u011frenme kayb\u0131 miti \u00e7\u00fcr\u00fct\u00fcl\u00fcyor mu?<\/h3>\n<p>\u00c7al\u0131\u015fman\u0131n dikkat \u00e7eken bir ba\u015fka sonucu: \u00f6nemli oranda kat\u0131l\u0131mc\u0131, ara tatillerin \u00f6\u011frenme kayb\u0131na yol a\u00e7t\u0131\u011f\u0131 iddias\u0131na kat\u0131lm\u0131yor. \u00d6\u011fretmenlerin %86,9\u2019u, ara tatillerin \u00f6\u011frenme kayb\u0131 yaratmad\u0131\u011f\u0131 g\u00f6r\u00fc\u015f\u00fcnde. YKS ve LGS\u2019ye haz\u0131rlanan gruplarda da b\u00fcy\u00fck \u00e7o\u011funluk tatilin \u00e7al\u0131\u015fma d\u00fczenini bozmad\u0131\u011f\u0131n\u0131 s\u00f6yl\u00fcyor (%90,6 YKS, %86,6 LGS).<\/p>\n<h4>Aile boyutu<\/h4>\n<p>Veli g\u00f6r\u00fc\u015fleri de g\u00fc\u00e7l\u00fc: ortalama her \u00fc\u00e7 veliden ikisi ara tatilin \u00e7ocuklar\u0131n ki\u015fisel geli\u015fimine katk\u0131 sa\u011flad\u0131\u011f\u0131n\u0131 d\u00fc\u015f\u00fcn\u00fcyor. \u00c7al\u0131\u015fan ebeveynler \u00f6zelinde ise, saha verileri \u201c\u00e7ocuk bak\u0131m\u0131 nedeniyle ciddi bir sorun\u201d tezini genel olarak do\u011frulam\u0131yor; her iki ebeveyni \u00e7al\u0131\u015fan ailelerin %76,2\u2019si ara tatilin kald\u0131r\u0131lmas\u0131na kar\u015f\u0131 \u00e7\u0131km\u0131\u015f.<\/p>\n<h2>S\u0131n\u0131f d\u00fczeyine g\u00f6re farkl\u0131l\u0131klar<\/h2>\n<p>Farkl\u0131 kademelerdeki \u00f6\u011fretmen ve \u00f6\u011frenci profilleri benzer bir tablo \u00e7izse de baz\u0131 n\u00fcanslar var. Anaokulu ve ilkokul \u00f6\u011fretmenleri %82\u2013%81\u2019lerle daha y\u00fcksek oranda ara tatili savunurken, lise kademesinde de destek y\u00fcksek olmakla birlikte biraz daha d\u00fc\u015f\u00fck (%75,4).<\/p>\n<h3>Sendikalar\u0131n mesaj\u0131 ve saha yorumu<\/h3>\n<p>Memur\u2011Sen, E\u011fitim\u2011Bir\u2011Sen ve T\u00fcrk E\u011fitim\u2011Sen\u2019in ortak mesaj\u0131 net: ara tatiller, sadece dinlenme aras\u0131 de\u011fil; e\u011fitim s\u00fcrecinde yeniden toparlanmay\u0131 sa\u011flayan kritik d\u00f6nemler. Bu perspektif, saha verileriyle \u00f6rt\u00fc\u015f\u00fcyor ve politikalara y\u00f6n verebilecek g\u00fc\u00e7l\u00fc bir delil sunuyor. \ud83d\udcac\ud83d\udce2<\/p>\n<h2>Ne de\u011fi\u015febilir? Politik sonu\u00e7lar ve \u00f6neriler<\/h2>\n<p>Ara tatil uygulamas\u0131 ara\u015ft\u0131rmas\u0131, politika yap\u0131c\u0131lar i\u00e7in \u00fc\u00e7 somut \u00f6neri \u00e7\u0131kar\u0131yor:<\/p>\n<ol>\n<li>Ara tatillerin devam\u0131n\u0131n toplum deste\u011fi y\u00fcksek oldu\u011fundan korunmas\u0131.<\/li>\n<li>Ara tatillerin etkin kullan\u0131lmas\u0131n\u0131 sa\u011flamak i\u00e7in okul-aile i\u015f birli\u011finin g\u00fc\u00e7lendirilmesi.<\/li>\n<li>Ara tatil d\u00f6nemlerinin e\u011fitimsel f\u0131rsata d\u00f6n\u00fc\u015ft\u00fcr\u00fclmesi: rehberlik, ki\u015fisel geli\u015fim ve telafi programlar\u0131yla desteklenmesi.<\/li>\n<\/ol>\n<h3>Uyar\u0131lar<\/h3>\n<p>Elbette tek bir saha \u00e7al\u0131\u015fmas\u0131 t\u00fcm sorular\u0131 kapatmaz: \u00f6rnekleme, saha ko\u015fullar\u0131 ve b\u00f6lgesel farkl\u0131l\u0131klar detayl\u0131 incelenmeli. Ancak mevcut b\u00fcy\u00fck \u00e7apl\u0131 veriler, karar verme s\u00fcre\u00e7lerinde dikkate al\u0131nmas\u0131 gereken g\u00fc\u00e7l\u00fc sinyaller \u00fcretiyor.<\/p>\n<h2>S\u0131k\u00e7a Sorulan Sorular (SSS)<\/h2>\n<h3>Ara tatil uygulamas\u0131 ara\u015ft\u0131rmas\u0131 ne kadar g\u00fcvenilir?<\/h3>\n<p>\u00c7al\u0131\u015fman\u0131n \u00f6rneklem b\u00fcy\u00fckl\u00fc\u011f\u00fc (yakla\u015f\u0131k 120 bin ki\u015fi) ve farkl\u0131 payda\u015flar\u0131 kapsamas\u0131 g\u00fcvenilirlik puan\u0131n\u0131 art\u0131r\u0131yor. Ancak yerel farkl\u0131l\u0131klar ve veri toplama y\u00f6ntemleri g\u00f6z \u00f6n\u00fcnde bulundurulmal\u0131.<\/p>\n<h3>Ara tatilin \u00f6\u011frenme kayb\u0131na yol a\u00e7t\u0131\u011f\u0131 do\u011fru mu?<\/h3>\n<p>Bu ara\u015ft\u0131rmaya g\u00f6re b\u00fcy\u00fck \u00e7o\u011funluk ara tatilin \u00f6\u011frenme kayb\u0131na neden oldu\u011fu g\u00f6r\u00fc\u015f\u00fcn\u00fc payla\u015fm\u0131yor. \u00d6zellikle \u00f6\u011fretmenlerin %86,9\u2019u b\u00f6yle bir kayb\u0131n oldu\u011funu d\u00fc\u015f\u00fcnm\u00fcyor. Yine de ara\u015ft\u0131rmay\u0131 destekleyecek uzun d\u00f6nemli akademik veriler faydal\u0131 olacakt\u0131r.<\/p>\n<h3>Ara tatil aileler i\u00e7in ger\u00e7ekten \u201ckaliteli zaman\u201d m\u0131?<\/h3>\n<p>Evet; veriler ailelerin \u00f6nemli bir b\u00f6l\u00fcm\u00fcn\u00fcn ara tatili ailece kaliteli zaman ve ki\u015fisel geli\u015fim f\u0131rsat\u0131 olarak g\u00f6rd\u00fc\u011f\u00fcn\u00fc g\u00f6steriyor. \u00d6zellikle \u00fc\u00e7 veliden ikisi bu g\u00f6r\u00fc\u015fte.<\/p>\n<h3>Karar vericiler bu verileri nas\u0131l kullanmal\u0131?<\/h3>\n<p>Politika yap\u0131c\u0131lar, saha deste\u011fini g\u00f6z \u00f6n\u00fcnde bulundurarak ara tatil uygulamas\u0131n\u0131 koruyabilir; e\u015f zamanl\u0131 olarak tatilin e\u011fitimsel kazan\u0131ma d\u00f6n\u00fc\u015ft\u00fcr\u00fclmesi i\u00e7in programlar geli\u015ftirilebilir.<\/p>\n<h3>Bu ara\u015ft\u0131rma nereden geliyor, detaylar\u0131na nas\u0131l ula\u015f\u0131r\u0131m?<\/h3>\n<p>Ara\u015ft\u0131rma Memur\u2011Sen, E\u011fitim\u2011Bir\u2011Sen ve T\u00fcrk E\u011fitim\u2011Sen gibi \u00f6rg\u00fctlerin saha \u00e7al\u0131\u015fmalar\u0131 sonucunda yay\u0131mland\u0131. \u0130lave detaylar ve metodoloji i\u00e7in ilgili sendikalar\u0131n a\u00e7\u0131klamalar\u0131 takip edilebilir.<\/p>\n<p>Sonu\u00e7 olarak: saha net diyor \u2014 ara tatil deste\u011fi y\u00fcksek. E\u011fitim dengesi, psikolojik sa\u011fl\u0131k ve aile zaman\u0131 a\u00e7\u0131s\u0131ndan bu uygulaman\u0131n tart\u0131\u015f\u0131lmas\u0131 gerekiyor ama elimizdeki b\u00fcy\u00fck veri k\u00fcmesi, \u201ckald\u0131r\u0131lmas\u0131n\u201d y\u00f6n\u00fcnde g\u00fc\u00e7l\u00fc bir toplumsal talep oldu\u011funu g\u00f6steriyor. \ud83c\udfaf<\/p>\n","protected":false},"excerpt":{"rendered":"<p>Yeni yay\u0131nlanan ara tatil uygulamas\u0131 ara\u015ft\u0131rmas\u0131 sonu\u00e7lar\u0131, e\u011fitim sahas\u0131ndan g\u00fc\u00e7l\u00fc bir \u201cdevam\u201d mesaj\u0131 getiriyor \u2014 \u00f6\u011fretmenler, y\u00f6neticiler, \u00f6\u011frenciler ve veliler b\u00fcy\u00fck oranda ara tatilin korunmas\u0131n\u0131 istiyor. Bu yaz\u0131da ara\u015ft\u0131rman\u0131n kilit verilerini, \u00f6ne \u00e7\u0131kan arg\u00fcmanlar\u0131 ve sahadan gelen hissiyat\u0131 Onedio tarz\u0131nda, k\u0131sa c\u00fcmlelerle ve emoji deste\u011fiyle \u00f6zetliyoruz. \ud83c\udf92\ud83d\udcca Ara\u015ft\u0131rman\u0131n kapsam\u0131: Kim, ka\u00e7 ki\u015fi, ne dedi? \u0130ki&#8230;<\/p>\n","protected":false},"author":1,"featured_media":3786,"comment_status":"open","ping_status":"open","sticky":false,"template":"","format":"standard","meta":{"footnotes":""},"categories":[84],"tags":[],"class_list":["post-3787","post","type-post","status-publish","format-standard","has-post-thumbnail","hentry","category-haber"],"_links":{"self":[{"href":"https:\/\/derstakip.app\/blog\/wp-json\/wp\/v2\/posts\/3787","targetHints":{"allow":["GET"]}}],"collection":[{"href":"https:\/\/derstakip.app\/blog\/wp-json\/wp\/v2\/posts"}],"about":[{"href":"https:\/\/derstakip.app\/blog\/wp-json\/wp\/v2\/types\/post"}],"author":[{"embeddable":true,"href":"https:\/\/derstakip.app\/blog\/wp-json\/wp\/v2\/users\/1"}],"replies":[{"embeddable":true,"href":"https:\/\/derstakip.app\/blog\/wp-json\/wp\/v2\/comments?post=3787"}],"version-history":[{"count":0,"href":"https:\/\/derstakip.app\/blog\/wp-json\/wp\/v2\/posts\/3787\/revisions"}],"wp:featuredmedia":[{"embeddable":true,"href":"https:\/\/derstakip.app\/blog\/wp-json\/wp\/v2\/media\/3786"}],"wp:attachment":[{"href":"https:\/\/derstakip.app\/blog\/wp-json\/wp\/v2\/media?parent=3787"}],"wp:term":[{"taxonomy":"category","embeddable":true,"href":"https:\/\/derstakip.app\/blog\/wp-json\/wp\/v2\/categories?post=3787"},{"taxonomy":"post_tag","embeddable":true,"href":"https:\/\/derstakip.app\/blog\/wp-json\/wp\/v2\/tags?post=3787"}],"curies":[{"name":"wp","href":"https:\/\/api.w.org\/{rel}","templated":true}]}}