{"id":3628,"date":"2026-01-21T17:35:46","date_gmt":"2026-01-21T14:35:46","guid":{"rendered":"https:\/\/derstakip.app\/blog\/2026-ales-basvuru-tarihleri-ve-sinav-gunleri-ales-1-ales-2-ales-3-ne-zaman\/"},"modified":"2026-01-21T17:35:46","modified_gmt":"2026-01-21T14:35:46","slug":"2026-ales-basvuru-tarihleri-ve-sinav-gunleri-ales-1-ales-2-ales-3-ne-zaman","status":"publish","type":"post","link":"https:\/\/derstakip.app\/blog\/2026-ales-basvuru-tarihleri-ve-sinav-gunleri-ales-1-ales-2-ales-3-ne-zaman\/","title":{"rendered":"2026 ALES Ba\u015fvuru Tarihleri ve S\u0131nav G\u00fcnleri &#8211; ALES 1, ALES 2, ALES 3 Ne Zaman?"},"content":{"rendered":"<p>2026 ALES ba\u015fvuru tarihleri arayanlar i\u00e7in k\u0131sa ve net rehber burada! \ud83d\udcdd \u00d6SYM&#8217;nin 2026 s\u0131nav takvimiyle a\u00e7\u0131klanan tarihlere g\u00f6re ALES \u00fc\u00e7 oturumda yap\u0131lacak; ba\u015fvuru d\u00f6nemleri ve s\u0131nav g\u00fcnlerini ad\u0131m ad\u0131m \u00f6zetledim, ayr\u0131ca \u00e7al\u0131\u015fma plan\u0131n\u0131 d\u00fczene sokmana yard\u0131mc\u0131 olacak pratik \u00f6neriler ve DersTakip uygulamas\u0131 tavsiyeleri de var. \ud83d\udd25<\/p>\n<h2>2026 ALES genel bak\u0131\u015f ve \u00f6nemli notlar<\/h2>\n<p>\u00d6SYM&#8217;nin 14 Kas\u0131m 2025&#8217;te yay\u0131mlad\u0131\u011f\u0131 takvime g\u00f6re 2026&#8217;da ALES\/1, ALES\/2 ve ALES\/3 s\u0131navlar\u0131 \u015fu \u015fekilde planland\u0131. S\u0131nav tarihlerini, ba\u015fvuru pencerelerini ve haz\u0131rl\u0131k s\u0131ras\u0131nda i\u015fine yarayacak ipu\u00e7lar\u0131n\u0131 a\u015fa\u011f\u0131da bulabilirsin. S\u0131nav tarihlerini, \u00e7o\u011fu aday bekliyor. Ba\u015fvuru d\u00f6nemlerini, adaylar hemen not ald\u0131. \ud83d\ude0a<\/p>\n<h3>ALES 1 (Bahar d\u00f6nemi)<\/h3>\n<p>\n  &#8211; S\u0131nav g\u00fcn\u00fc: 10 May\u0131s 2026 \ud83d\udcc5<br \/>\n  &#8211; Ba\u015fvuru tarihleri: 25 Mart 2026 &#8211; 02 Nisan 2026 \u23f3\n<\/p>\n<p>Bu d\u00f6nem genellikle bahar ders d\u00f6ng\u00fcs\u00fcne denk geldi\u011fi i\u00e7in yo\u011fun haz\u0131rl\u0131k yapanlar i\u00e7in ideal. Plan\u0131n\u0131 erken yap\u0131p deneme s\u0131navlar\u0131n\u0131 ALES 1&#8217;e g\u00f6re ayarlaman faydal\u0131 olur.<\/p>\n<h3>ALES 2 (Yaz d\u00f6nemi)<\/h3>\n<p>\n  &#8211; S\u0131nav g\u00fcn\u00fc: 26 Temmuz 2026 \ud83d\udcc5<br \/>\n  &#8211; Ba\u015fvuru tarihleri: 10 Haziran 2026 &#8211; 18 Haziran 2026 \u23f3\n<\/p>\n<p>Yaz d\u00f6nemi olmas\u0131 sebebiyle zaman y\u00f6netimi kritik. Tatil planlar\u0131 veya i\u015f y\u00fckleri varsa ba\u015fvuruyu ve haz\u0131rl\u0131\u011f\u0131 buna g\u00f6re organize etmelisin.<\/p>\n<h3>ALES 3 (Sonbahar d\u00f6nemi)<\/h3>\n<p>\n  &#8211; S\u0131nav g\u00fcn\u00fc: 29 Kas\u0131m 2026 \ud83d\udcc5<br \/>\n  &#8211; Ba\u015fvuru tarihleri: 07 Ekim 2026 &#8211; 15 Ekim 2026 \u23f3\n<\/p>\n<p>Akademik ba\u015fvurular\u0131n \u00e7o\u011fu sonbaharda ger\u00e7ekle\u015fti\u011fi i\u00e7in ALES 3, m\u00fcracaatlar a\u00e7\u0131s\u0131ndan \u00f6nemli bir f\u0131rsat sunar. Son dakika d\u00fczenlemeleri veya ek ba\u015fvuru planlar\u0131 i\u00e7in ideal.<\/p>\n<h2>Ba\u015fvuru ve s\u0131nav s\u00fcrecinde dikkat edilmesi gerekenler<\/h2>\n<h4>\u00d6SYM duyurular\u0131n\u0131 takip et<\/h4>\n<p>Resmi takvimde de\u011fi\u015fiklik olma ihtimaline kar\u015f\u0131 \u00d6SYM&#8217;nin duyurular\u0131n\u0131 takip et. Kimlik, foto\u011fraf ve di\u011fer belgelerin g\u00fcncel ve haz\u0131r oldu\u011fundan emin ol.<\/p>\n<h4>Ba\u015fvuru \u00fccretleri ve \u00f6deme<\/h4>\n<p>Her oturum i\u00e7in ayr\u0131 ba\u015fvuru ve \u00f6deme gereklilikleri olabilir; \u00f6deme ekran\u0131n\u0131 dikkatli doldur ve dekontunu sakla. \u00d6deme hatas\u0131 varsa zaman kaybetme, \u00d6SYM ile ileti\u015fime ge\u00e7.<\/p>\n<h4>Hangi oturuma ba\u015fvurmal\u0131?<\/h4>\n<p>Hedefledi\u011fin program ve ba\u015fvuru tarihlerine g\u00f6re oturum se\u00e7. Birden fazla oturuma girmek istiyorsan takvimi planla; puan ge\u00e7erlilik s\u00fcrelerini de unutma.<\/p>\n<h2>Haz\u0131rl\u0131k: Zaman y\u00f6netimi ve denemeler<\/h2>\n<p>ALES, mant\u0131k ve s\u00f6zel-matematik kombinasyonu gerektiren bir s\u0131navd\u0131r. Deneme \u00e7\u00f6z, eksiklerini not al ve rotan\u0131 daralt. DersTakip gibi uygulamalarla \u00e7al\u0131\u015fma seanslar\u0131n\u0131 kaydet; hedef belirleme ve ilerleme takibi i\u015fini kolayla\u015ft\u0131r\u0131r. \ud83d\udcf1<\/p>\n<h3>DersTakip ile verimli \u00e7al\u0131\u015fma nas\u0131l olur?<\/h3>\n<p>\n  &#8211; Ak\u0131ll\u0131 seans takibi sayesinde \u00e7al\u0131\u015fma ve mola s\u00fcrelerini anl\u0131k kaydet, hangi dersle ne kadar zaman ge\u00e7irdi\u011fini g\u00f6r. \u23f1\ufe0f<br \/>\n  &#8211; Ders istatistikleri ile 7 g\u00fcnl\u00fck \u00f6zetler al; hangi konularda daha \u00e7ok zaman harcad\u0131\u011f\u0131n\u0131 analiz et. \ud83d\udcca<br \/>\n  &#8211; Soru kayd\u0131 \u00f6zelli\u011fi ile \u00e7\u00f6zd\u00fc\u011f\u00fcn sorular\u0131 katalogla; hangi soru tiplerinde hata yapt\u0131\u011f\u0131n\u0131 tespit et. \u2705<br \/>\n  &#8211; G\u00fcnl\u00fck ve haftal\u0131k hedef belirleyip motivasyonunu y\u00fcksek tut. \ud83c\udfaf\n<\/p>\n<h2>Son haftaya girerken yap\u0131lacaklar<\/h2>\n<p>S\u0131nav haftas\u0131nda konu \u00e7al\u0131\u015fmas\u0131n\u0131 hafiflet, daha \u00e7ok deneme ve soru analizi yap. Beslenme, uyku ve mola d\u00fczenine ekstra dikkat et. Ayn\u0131 rutini deneme g\u00fcnleriyle prova et, s\u0131nav g\u00fcn\u00fc s\u00fcrpriz ya\u015fama riskini azalt.<\/p>\n<h2>S\u0131k\u00e7a Sorulan Sorular (SSS)<\/h2>\n<h3>1. 2026 ALES ba\u015fvuru tarihleri nerede duyuruldu?<\/h3>\n<p>\u00d6SYM&#8217;nin resmi takviminde yay\u0131mland\u0131. Takvim duyurusu 14 Kas\u0131m 2025 tarihinde yap\u0131ld\u0131 ve s\u0131nav ile ba\u015fvuru tarihleri buna g\u00f6re belirlendi.<\/p>\n<h3>2. Hangi tarihler ALES 2026 i\u00e7in kesinle\u015fti?<\/h3>\n<p>ALES 1: 10.05.2026 (ba\u015fvuru 25.03.2026 &#8211; 02.04.2026), ALES 2: 26.07.2026 (ba\u015fvuru 10.06.2026 &#8211; 18.06.2026), ALES 3: 29.11.2026 (ba\u015fvuru 07.10.2026 &#8211; 15.10.2026).<\/p>\n<h3>3. Birden fazla ALES oturumuna girebilir miyim?<\/h3>\n<p>Evet, her oturum i\u00e7in ayr\u0131 ba\u015fvuru yaparak birden fazla ALES&#8217;e kat\u0131labilirsin. Hangi oturumlar\u0131n senin i\u00e7in uygun oldu\u011funu ba\u015fvuru ve akademik takvimlerine g\u00f6re de\u011ferlendir.<\/p>\n<h3>4. DersTakip ALES haz\u0131rl\u0131\u011f\u0131nda nas\u0131l yard\u0131mc\u0131 olur?<\/h3>\n<p>DersTakip \u00e7al\u0131\u015fma seanslar\u0131n\u0131 kaydeder, ilerlemeni g\u00f6rselle\u015ftirir, soru kay\u0131tlar\u0131yla zay\u0131f konular\u0131n\u0131 tespit etmene yard\u0131mc\u0131 olur. Hedef odakl\u0131 \u00e7al\u0131\u015fma isteyenler i\u00e7in pratik bir ara\u00e7t\u0131r.<\/p>\n<h3>5. Son dakika ba\u015fvurular\u0131 olur mu?<\/h3>\n<p>\u00d6SYM ba\u015fvuru pencerelerini ilan eder; genelde son g\u00fcnlerde yo\u011funluk ya\u015fan\u0131r. Son dakikaya b\u0131rakmamak en g\u00fcvenlisidir \u00e7\u00fcnk\u00fc teknik aksakl\u0131klar veya \u00f6deme sorunlar\u0131 \u00e7\u0131kabilir.<\/p>\n<p>Haz\u0131rl\u0131k s\u00fcrecini planla, tarihlere not d\u00fc\u015f ve DersTakip ile d\u00fczenli \u00e7al\u0131\u015f; ba\u015far\u0131 gelmeye yak\u0131n! \ud83d\ude80 Bol \u015fans! \ud83c\udf40<\/p>\n","protected":false},"excerpt":{"rendered":"<p>2026 ALES ba\u015fvuru tarihleri arayanlar i\u00e7in k\u0131sa ve net rehber burada! \ud83d\udcdd \u00d6SYM&#8217;nin 2026 s\u0131nav takvimiyle a\u00e7\u0131klanan tarihlere g\u00f6re ALES \u00fc\u00e7 oturumda yap\u0131lacak; ba\u015fvuru d\u00f6nemleri ve s\u0131nav g\u00fcnlerini ad\u0131m ad\u0131m \u00f6zetledim, ayr\u0131ca \u00e7al\u0131\u015fma plan\u0131n\u0131 d\u00fczene sokmana yard\u0131mc\u0131 olacak pratik \u00f6neriler ve DersTakip uygulamas\u0131 tavsiyeleri de var. \ud83d\udd25 2026 ALES genel bak\u0131\u015f ve \u00f6nemli notlar \u00d6SYM&#8217;nin&#8230;<\/p>\n","protected":false},"author":1,"featured_media":3627,"comment_status":"open","ping_status":"open","sticky":false,"template":"","format":"standard","meta":{"footnotes":""},"categories":[84],"tags":[],"class_list":["post-3628","post","type-post","status-publish","format-standard","has-post-thumbnail","hentry","category-haber"],"_links":{"self":[{"href":"https:\/\/derstakip.app\/blog\/wp-json\/wp\/v2\/posts\/3628","targetHints":{"allow":["GET"]}}],"collection":[{"href":"https:\/\/derstakip.app\/blog\/wp-json\/wp\/v2\/posts"}],"about":[{"href":"https:\/\/derstakip.app\/blog\/wp-json\/wp\/v2\/types\/post"}],"author":[{"embeddable":true,"href":"https:\/\/derstakip.app\/blog\/wp-json\/wp\/v2\/users\/1"}],"replies":[{"embeddable":true,"href":"https:\/\/derstakip.app\/blog\/wp-json\/wp\/v2\/comments?post=3628"}],"version-history":[{"count":0,"href":"https:\/\/derstakip.app\/blog\/wp-json\/wp\/v2\/posts\/3628\/revisions"}],"wp:featuredmedia":[{"embeddable":true,"href":"https:\/\/derstakip.app\/blog\/wp-json\/wp\/v2\/media\/3627"}],"wp:attachment":[{"href":"https:\/\/derstakip.app\/blog\/wp-json\/wp\/v2\/media?parent=3628"}],"wp:term":[{"taxonomy":"category","embeddable":true,"href":"https:\/\/derstakip.app\/blog\/wp-json\/wp\/v2\/categories?post=3628"},{"taxonomy":"post_tag","embeddable":true,"href":"https:\/\/derstakip.app\/blog\/wp-json\/wp\/v2\/tags?post=3628"}],"curies":[{"name":"wp","href":"https:\/\/api.w.org\/{rel}","templated":true}]}}