{"id":3508,"date":"2025-12-09T02:46:09","date_gmt":"2025-12-08T23:46:09","guid":{"rendered":"https:\/\/derstakip.app\/blog\/kontrolsuz-sosyal-medya-kullanimi-beyin-curumesine-yol-acan-riskler\/"},"modified":"2025-12-09T02:46:09","modified_gmt":"2025-12-08T23:46:09","slug":"kontrolsuz-sosyal-medya-kullanimi-beyin-curumesine-yol-acan-riskler","status":"publish","type":"post","link":"https:\/\/derstakip.app\/blog\/kontrolsuz-sosyal-medya-kullanimi-beyin-curumesine-yol-acan-riskler\/","title":{"rendered":"Kontrols\u00fcz Sosyal Medya Kullan\u0131m\u0131: Beyin \u00c7\u00fcr\u00fcmesine Yol A\u00e7an Riskler"},"content":{"rendered":"<p>Son y\u0131llarda sosyal medya platformlar\u0131, bireylerin hayatlar\u0131n\u0131n vazge\u00e7ilmez bir par\u00e7as\u0131 haline geldi. Ancak, bu durumun baz\u0131 olumsuz sonu\u00e7lar\u0131 vard\u0131r. Kontrols\u00fcz sosyal medya kullan\u0131m\u0131, yaln\u0131zca bireylerin ruh sa\u011fl\u0131\u011f\u0131n\u0131 de\u011fil, ayn\u0131 zamanda bili\u015fsel i\u015flevlerini de olumsuz etkiliyor. Sosyal medya beyin \u00e7\u00fcr\u00fcmesi gibi tehlikeli sonu\u00e7lar do\u011furabilir. Peki, bu durum ne anlama geliyor ve nas\u0131l ba\u015fa \u00e7\u0131kabiliriz?<\/p>\n<h2>Sosyal Medyada A\u015f\u0131r\u0131 S\u00fcre Ge\u00e7irmenin Etkileri<\/h2>\n<p>Sosyal medya kullan\u0131m\u0131, bir\u00e7ok insan i\u00e7in sosyalle\u015fme ve bilgi edinme arac\u0131 olarak g\u00f6r\u00fclse de, a\u015f\u0131r\u0131ya ka\u00e7\u0131lmas\u0131 durumunda ba\u011f\u0131ml\u0131l\u0131k yaratma potansiyeline sahiptir. Bu ba\u011f\u0131ml\u0131l\u0131k, kullan\u0131c\u0131lar\u0131n s\u00fcrekli olarak telefonlar\u0131na bakmalar\u0131na ve zamanla sanal d\u00fcnyadan uzakla\u015fmalar\u0131na sebep olur. Ger\u00e7ek hayatta ge\u00e7irilen zaman azal\u0131rken, sanal etkile\u015fimler artar.<\/p>\n<p>Yava\u015f yava\u015f zihinsel bir bo\u015fluk olu\u015fur. \u0130nsanlar\u0131n d\u00fc\u015f\u00fcnebilme yetisi, sosyal medya platformlar\u0131nda harcanan zamanla azalabilir. Uzun s\u00fcre sosyal medya i\u00e7eriklerine maruz kalan bireyler, kronik yorgunluk, dikkat kayb\u0131 ve bili\u015fsel zay\u0131flama gibi sorunlar ya\u015fayabilirler. Unutulmamal\u0131d\u0131r ki, her ne kadar sosyal medya ileti\u015fimi kolayla\u015ft\u0131rsa da, ger\u00e7ek ileti\u015fimin yerini tutamaz.<\/p>\n<h3>Beyin \u00c7\u00fcr\u00fcmesine Yol A\u00e7an Riskler<\/h3>\n<ul>\n<li><strong>Dikkat Da\u011f\u0131n\u0131kl\u0131\u011f\u0131:<\/strong> S\u00fcrekli olarak bildirimlerin gelmesi, kullan\u0131c\u0131lar\u0131n odaklanmas\u0131n\u0131 zorla\u015ft\u0131r\u0131r. Renkli ve ilgi \u00e7ekici i\u00e7erikler, k\u0131sa s\u00fcrede dikkatlerini da\u011f\u0131t\u0131r ve uzun s\u00fcreli dikkat gerektiren aktivitelere olan iste\u011fi azalt\u0131r.<\/li>\n<li><strong>Yaln\u0131zl\u0131k Hissi:<\/strong> \u0130nsanlar, sosyal medyada aktif olduklar\u0131 s\u00fcrede bile olduk\u00e7a yaln\u0131z hissedebilirler. Y\u00fcz y\u00fcze ileti\u015fimin eksikli\u011fi, sosyal ili\u015fkilerde anlam kayb\u0131na yol a\u00e7ar.<\/li>\n<li><strong>Ali\u015fan Etkinlik Kayb\u0131:<\/strong> Ger\u00e7ek hayatta sosyalle\u015fme deneyimlerinin k\u00f6relmesi sonucu, bireyler sosyal izolasyon i\u00e7inde kaybolabilirler. Sosyal medya \u00fczerinden sadece sanal arkada\u015flarla etkile\u015fimde bulunmak, ger\u00e7ek arkada\u015fl\u0131klar\u0131n geli\u015fmesini engeller.<\/li>\n<\/ul>\n<h2>Kontrols\u00fcz Kullan\u0131m\u0131n \u00d6nlenmesi \u0130\u00e7in \u0130pu\u00e7lar\u0131<\/h2>\n<p>Sosyal medya kullan\u0131m\u0131n\u0131 kontrol alt\u0131na almak ger\u00e7ekten m\u00fcmk\u00fcnd\u00fcr. A\u015fa\u011f\u0131da, sosyal medya kullan\u0131m\u0131n\u0131z\u0131 dengelemeye yard\u0131mc\u0131 olacak baz\u0131 ipu\u00e7lar\u0131 bulunmaktad\u0131r:<\/p>\n<ol>\n<li><strong>Belirli Zaman Dilimleri Ay\u0131r\u0131n:<\/strong> Sosyal medyada ge\u00e7irece\u011finiz s\u00fcreyi belirleyin. G\u00fcn i\u00e7erisinde belirli saatlerde sosyal medya kullanmak, dikkat da\u011f\u0131n\u0131kl\u0131\u011f\u0131n\u0131 azaltmaya yard\u0131mc\u0131 olabilir.<\/li>\n<li><strong>Fark\u0131ndal\u0131k Uygulamalar\u0131 Kullan\u0131n:<\/strong> G\u00fcn\u00fcn\u00fcz\u00fc planlamak ve sosyal medya kullan\u0131mlar\u0131n\u0131z\u0131 izlemek ad\u0131na <a href=\"https:\/\/www.dersatakip.com\" target=\"_blank\" rel=\"noopener\">DersTakip<\/a> gibi uygulamalar\u0131 kullanmak, ilerlemenizi takip etmenizi sa\u011flar.<\/li>\n<li><strong>Ger\u00e7ek Hayata Odaklan\u0131n:<\/strong> Kendinize hedefler koyarak, ger\u00e7ek hayatta ge\u00e7irdi\u011finiz zaman\u0131 art\u0131rabilirsiniz. Arkada\u015flarla d\u0131\u015far\u0131da vakit ge\u00e7irmek veya hobiler edinmek, sosyal medya ba\u011f\u0131ml\u0131l\u0131\u011f\u0131n\u0131z\u0131 azaltabilir.<\/li>\n<\/ol>\n<h3>Sosyal Medya Beyin \u00c7\u00fcr\u00fcmesi ile Nas\u0131l Ba\u015fa \u00c7\u0131k\u0131l\u0131r?<\/h3>\n<p>Bu risklerin fark\u0131nda olunmas\u0131, sosyal medya kullan\u0131m\u0131nda daha sa\u011fl\u0131kl\u0131 bir yakla\u015f\u0131m benimsemeyi sa\u011flar. Kendinize s\u0131n\u0131rlar koymak ve belirli bir s\u00fcre i\u00e7inde sosyal medya kullanmay\u0131 b\u0131rakmak gibi ad\u0131mlar, sosyal medya ba\u011f\u0131ml\u0131l\u0131\u011f\u0131n\u0131n \u00f6n\u00fcne ge\u00e7ebilir.<\/p>\n<h2>Sonu\u00e7<\/h2>\n<p>Sosyal medya, faydalar\u0131 kadar zararlar\u0131 da olan bir platformdur. Kontrols\u00fcz kullan\u0131m\u0131, ger\u00e7ekten beyin \u00e7\u00fcr\u00fcmesine yol a\u00e7abilir. Sa\u011fl\u0131kl\u0131 bir ya\u015fam s\u00fcrmek i\u00e7in, sosyal medya ile ger\u00e7ek ya\u015fam aras\u0131ndaki dengeyi sa\u011flamak son derece \u00f6nemlidir. Bu dengeyi kurarak, hem zihinsel sa\u011fl\u0131\u011f\u0131n\u0131z\u0131 koruyabilir hem de sosyal ili\u015fkilerinizi g\u00fc\u00e7lendirebilirsiniz.<\/p>\n<h3>SSS<\/h3>\n<ul>\n<li><strong>Sosyal medya beyin \u00e7\u00fcr\u00fcmesine neden olur mu?<\/strong><br \/>Evet, a\u015f\u0131r\u0131 kullan\u0131m beyin fonksiyonlar\u0131 \u00fczerinde olumsuz etkilere yol a\u00e7abilir.<\/li>\n<li><strong>Beyin \u00e7\u00fcr\u00fcmesine yol a\u00e7mamak i\u00e7in ne yapmal\u0131y\u0131m?<\/strong><br \/>Sosyal medya kullan\u0131m\u0131n\u0131z\u0131 s\u0131n\u0131rland\u0131rarak ve ger\u00e7ek hayata odaklanarak bunu ba\u015farabilirsiniz.<\/li>\n<li><strong>Sosyal medya ba\u011f\u0131ml\u0131l\u0131\u011f\u0131 nedir?<\/strong><br \/>Sosyal medya ba\u011f\u0131ml\u0131l\u0131\u011f\u0131, bireylerin sosyal medya platformlar\u0131na a\u015f\u0131r\u0131 ba\u011flanarak, g\u00fcnl\u00fck ya\u015famlar\u0131n\u0131 olumsuz etkilemesidir.<\/li>\n<\/ul>\n","protected":false},"excerpt":{"rendered":"<p>Son y\u0131llarda sosyal medya platformlar\u0131, bireylerin hayatlar\u0131n\u0131n vazge\u00e7ilmez bir par\u00e7as\u0131 haline geldi. Ancak, bu durumun baz\u0131 olumsuz sonu\u00e7lar\u0131 vard\u0131r. Kontrols\u00fcz sosyal medya kullan\u0131m\u0131, yaln\u0131zca bireylerin ruh sa\u011fl\u0131\u011f\u0131n\u0131 de\u011fil, ayn\u0131 zamanda bili\u015fsel i\u015flevlerini de olumsuz etkiliyor. Sosyal medya beyin \u00e7\u00fcr\u00fcmesi gibi tehlikeli sonu\u00e7lar do\u011furabilir. Peki, bu durum ne anlama geliyor ve nas\u0131l ba\u015fa \u00e7\u0131kabiliriz? Sosyal Medyada&#8230;<\/p>\n","protected":false},"author":1,"featured_media":0,"comment_status":"open","ping_status":"open","sticky":false,"template":"","format":"standard","meta":{"footnotes":""},"categories":[84],"tags":[],"class_list":["post-3508","post","type-post","status-publish","format-standard","hentry","category-haber"],"_links":{"self":[{"href":"https:\/\/derstakip.app\/blog\/wp-json\/wp\/v2\/posts\/3508","targetHints":{"allow":["GET"]}}],"collection":[{"href":"https:\/\/derstakip.app\/blog\/wp-json\/wp\/v2\/posts"}],"about":[{"href":"https:\/\/derstakip.app\/blog\/wp-json\/wp\/v2\/types\/post"}],"author":[{"embeddable":true,"href":"https:\/\/derstakip.app\/blog\/wp-json\/wp\/v2\/users\/1"}],"replies":[{"embeddable":true,"href":"https:\/\/derstakip.app\/blog\/wp-json\/wp\/v2\/comments?post=3508"}],"version-history":[{"count":0,"href":"https:\/\/derstakip.app\/blog\/wp-json\/wp\/v2\/posts\/3508\/revisions"}],"wp:attachment":[{"href":"https:\/\/derstakip.app\/blog\/wp-json\/wp\/v2\/media?parent=3508"}],"wp:term":[{"taxonomy":"category","embeddable":true,"href":"https:\/\/derstakip.app\/blog\/wp-json\/wp\/v2\/categories?post=3508"},{"taxonomy":"post_tag","embeddable":true,"href":"https:\/\/derstakip.app\/blog\/wp-json\/wp\/v2\/tags?post=3508"}],"curies":[{"name":"wp","href":"https:\/\/api.w.org\/{rel}","templated":true}]}}