{"id":3506,"date":"2025-12-08T16:46:09","date_gmt":"2025-12-08T13:46:09","guid":{"rendered":"https:\/\/derstakip.app\/blog\/2025-ales-3-sinav-sonuclari-ne-zaman-aciklanacak-sorgulama-ekrani-bilgileri\/"},"modified":"2025-12-08T16:46:09","modified_gmt":"2025-12-08T13:46:09","slug":"2025-ales-3-sinav-sonuclari-ne-zaman-aciklanacak-sorgulama-ekrani-bilgileri","status":"publish","type":"post","link":"https:\/\/derstakip.app\/blog\/2025-ales-3-sinav-sonuclari-ne-zaman-aciklanacak-sorgulama-ekrani-bilgileri\/","title":{"rendered":"2025 ALES\/3 S\u0131nav Sonu\u00e7lar\u0131 Ne Zaman A\u00e7\u0131klanacak? Sorgulama Ekran\u0131 Bilgileri"},"content":{"rendered":"<p>2025 ALES s\u0131nav sonu\u00e7lar\u0131n\u0131n a\u00e7\u0131klanaca\u011f\u0131 tarih, s\u0131nava kat\u0131lanlar i\u00e7in b\u00fcy\u00fck bir merak konusu haline geldi. \u00d6\u011frenciler ve \u00f6\u011fretmenler i\u00e7in \u00f6nem ta\u015f\u0131yan bu s\u0131nav sonu\u00e7lar\u0131, ALES s\u0131nav\u0131 sonras\u0131 nas\u0131l bir yol izleyeceklerine dair fikir sunmaktad\u0131r. Peki, ALES s\u0131nav sonu\u00e7lar\u0131 2025 ne zaman a\u00e7\u0131klan\u0131yor? Detaylara birlikte bakal\u0131m.<\/p>\n<h2>2025 ALES S\u0131nav Sonu\u00e7lar\u0131 A\u00e7\u0131klama Tarihi<\/h2>\n<p>\u00d6SYM (\u00d6l\u00e7me, Se\u00e7me ve Yerle\u015ftirme Merkezi) taraf\u0131ndan ger\u00e7ekle\u015ftirilen ALES s\u0131nav\u0131n\u0131n sonu\u00e7lar\u0131, 18 Mart 2025 tarihinde a\u00e7\u0131klanaca\u011f\u0131 duyuruldu. Bu tarih, kat\u0131l\u0131mc\u0131lar i\u00e7in \u00f6zel bir \u00f6nem ta\u015f\u0131yor, \u00e7\u00fcnk\u00fc s\u0131nav sonras\u0131 planlar\u0131n\u0131 buna g\u00f6re yapmak zorundalar. Adaylar, sonu\u00e7lar\u0131n\u0131 <a href=\"https:\/\/sonuc.osym.gov.tr\" target=\"_blank\" rel=\"noopener\">https:\/\/sonuc.osym.gov.tr<\/a> adresi \u00fczerinden T.C. Kimlik Numaras\u0131 ve \u015fifreleri ile \u00f6\u011frenebilecekler. <\/p>\n<h3>Nas\u0131l Sorgulan\u0131r?<\/h3>\n<p>Adaylar, ALES s\u0131nav sonu\u00e7lar\u0131n\u0131 \u00f6\u011frenmek i\u00e7in resmi sonu\u00e7 sayfas\u0131n\u0131 ziyaret etmeleri gerekiyor. \u0130lgili sonu\u00e7 a\u00e7\u0131klama ekran\u0131na gitmek i\u00e7in a\u015fa\u011f\u0131daki ad\u0131mlar\u0131 takip edebilirler:<\/p>\n<p>1. <a href=\"https:\/\/sonuc.osym.gov.tr\" target=\"_blank\" rel=\"noopener\">\u00d6SYM sonu\u00e7 ekran\u0131na<\/a> gidin.<\/p>\n<p>2. T.C. Kimlik Numaran\u0131z ve \u015fifrenizle giri\u015f yap\u0131n.<\/p>\n<p>3. S\u0131nav sonu\u00e7lar\u0131n\u0131z\u0131 g\u00f6r\u00fcnt\u00fcleyin.<\/p>\n<p>Unutmay\u0131n, adaylara sonu\u00e7 belgesi g\u00f6nderilmeyecek ve sonu\u00e7 bilgileri, internet sayfas\u0131nda ilan edilen bilgiler do\u011frultusunda tebli\u011f h\u00fckm\u00fcndedir.<\/p>\n<h2>Sonu\u00e7lar\u0131n De\u011ferlendirilmesi Nas\u0131l Olacak?<\/h2>\n<p>ALES s\u0131nav\u0131 sonras\u0131, do\u011fru cevap say\u0131s\u0131ndan, yanl\u0131\u015f cevap say\u0131s\u0131n\u0131n d\u00f6rtte biri \u00e7\u0131kart\u0131larak aday\u0131n ham puan\u0131 hesaplanacak. Her bir alt test i\u00e7in ayr\u0131 ayr\u0131 de\u011ferlendirme yap\u0131lacak ve standart puanlar belirlenecek.<br \/>\nDo\u011fru yan\u0131tlarla birlikte toplam ba\u015far\u0131 oran\u0131n\u0131z belirlenecek, b\u00f6ylelikle s\u0131nav\u0131n ortalamas\u0131 ve standart sapmalar\u0131 hesaplanacak. B\u00f6ylelikle, hangi testte ne kadar ba\u015far\u0131l\u0131 oldu\u011funuzu \u00f6\u011frenmek m\u00fcmk\u00fcn olacak.<\/p>\n<h3>Erken Sonu\u00e7 A\u00e7\u0131klanaca\u011f\u0131na Dair Beklentiler<\/h3>\n<p>\u00d6\u011frencilerin, ALES sonu\u00e7lar\u0131n\u0131n belirtilen tarihten \u00f6nce a\u00e7\u0131klan\u0131p a\u00e7\u0131klanmayaca\u011f\u0131na dair beklentileri y\u00fckseldi. Ancak hen\u00fcz \u00d6SYM taraf\u0131ndan resmi bir a\u00e7\u0131klama yap\u0131lmad\u0131. T\u00fcm g\u00f6zler ALES s\u0131nav sonu\u00e7lar\u0131 2025 i\u00e7in bu vermi\u015f olduklar\u0131 tarihte. <\/p>\n<h3>Sonu\u00e7 Belgesi Kontrol Sistemi<\/h3>\n<p>\u00d6SYM, &#8220;Sonu\u00e7 Belgesi Kontrol Sistemi&#8221; ile adaylar\u0131n sonu\u00e7 belgelerinin do\u011frulanmas\u0131na imkan sa\u011flayacak. Sonu\u00e7 belgelerinin alt\u0131nda bulunan rastgele \u00fcretilmi\u015f kontrol kodu ile sonu\u00e7lar\u0131 teyit edebileceksiniz. Bu sistem, s\u0131nav sonu\u00e7lar\u0131n\u0131z\u0131n ge\u00e7erlili\u011fini kontrol etmenizi kolayla\u015ft\u0131racak.<\/p>\n<h2>ALES S\u0131nav Sonu\u00e7lar\u0131 ile \u0130lgili S\u0131k\u00e7a Sorulan Sorular<\/h2>\n<h3>ALES s\u0131nav sonu\u00e7lar\u0131 ne zaman a\u00e7\u0131klanacak?<\/h3>\n<p>2025 ALES s\u0131nav sonu\u00e7lar\u0131, 18 Mart 2025 tarihinde a\u00e7\u0131klanacakt\u0131r.<\/p>\n<h3>S\u0131nav sonu\u00e7lar\u0131n\u0131 nereden \u00f6\u011frenebilirim?<\/h3>\n<p>Adaylar, sonu\u00e7lar\u0131n\u0131 <a href=\"https:\/\/sonuc.osym.gov.tr\" target=\"_blank\" rel=\"noopener\">\u00d6SYM resmi sitesinden<\/a> T.C. Kimlik Numaras\u0131 ve \u015fifreleri ile \u00f6\u011frenebilecekler.<\/p>\n<h3>Sonu\u00e7 belgesi g\u00f6nderilecek mi?<\/h3>\n<p>Sonu\u00e7 belgesi adaylara g\u00f6nderilmeyecek, sonu\u00e7lar internet \u00fczerinden tebli\u011f edilecektir.<\/p>\n<h3>ALES s\u0131nav\u0131nda nas\u0131l de\u011ferlendirme yap\u0131lacak?<\/h3>\n<p>Do\u011fru cevap say\u0131s\u0131ndan yanl\u0131\u015f cevap say\u0131s\u0131n\u0131n d\u00f6rtte biri \u00e7\u0131kart\u0131larak ham puan hesaplanacak ve her bir alt test i\u00e7in ayr\u0131 de\u011ferlendirme yap\u0131lacakt\u0131r.<\/p>\n<p>2025 ALES s\u0131nav sonu\u00e7lar\u0131 i\u00e7in belirlenen tarihte herkese ba\u015far\u0131lar dileriz! Bu s\u00fcre\u00e7te, DersTakip uygulamas\u0131 ile \u00e7al\u0131\u015fma al\u0131\u015fkanl\u0131klar\u0131n\u0131z\u0131 geli\u015ftirmeyi unutmay\u0131n. \ud83d\udcdd\u2728<\/p>\n","protected":false},"excerpt":{"rendered":"<p>2025 ALES s\u0131nav sonu\u00e7lar\u0131n\u0131n a\u00e7\u0131klanaca\u011f\u0131 tarih, s\u0131nava kat\u0131lanlar i\u00e7in b\u00fcy\u00fck bir merak konusu haline geldi. \u00d6\u011frenciler ve \u00f6\u011fretmenler i\u00e7in \u00f6nem ta\u015f\u0131yan bu s\u0131nav sonu\u00e7lar\u0131, ALES s\u0131nav\u0131 sonras\u0131 nas\u0131l bir yol izleyeceklerine dair fikir sunmaktad\u0131r. Peki, ALES s\u0131nav sonu\u00e7lar\u0131 2025 ne zaman a\u00e7\u0131klan\u0131yor? Detaylara birlikte bakal\u0131m. 2025 ALES S\u0131nav Sonu\u00e7lar\u0131 A\u00e7\u0131klama Tarihi \u00d6SYM (\u00d6l\u00e7me, Se\u00e7me ve&#8230;<\/p>\n","protected":false},"author":1,"featured_media":0,"comment_status":"open","ping_status":"open","sticky":false,"template":"","format":"standard","meta":{"footnotes":""},"categories":[84],"tags":[],"class_list":["post-3506","post","type-post","status-publish","format-standard","hentry","category-haber"],"_links":{"self":[{"href":"https:\/\/derstakip.app\/blog\/wp-json\/wp\/v2\/posts\/3506","targetHints":{"allow":["GET"]}}],"collection":[{"href":"https:\/\/derstakip.app\/blog\/wp-json\/wp\/v2\/posts"}],"about":[{"href":"https:\/\/derstakip.app\/blog\/wp-json\/wp\/v2\/types\/post"}],"author":[{"embeddable":true,"href":"https:\/\/derstakip.app\/blog\/wp-json\/wp\/v2\/users\/1"}],"replies":[{"embeddable":true,"href":"https:\/\/derstakip.app\/blog\/wp-json\/wp\/v2\/comments?post=3506"}],"version-history":[{"count":0,"href":"https:\/\/derstakip.app\/blog\/wp-json\/wp\/v2\/posts\/3506\/revisions"}],"wp:attachment":[{"href":"https:\/\/derstakip.app\/blog\/wp-json\/wp\/v2\/media?parent=3506"}],"wp:term":[{"taxonomy":"category","embeddable":true,"href":"https:\/\/derstakip.app\/blog\/wp-json\/wp\/v2\/categories?post=3506"},{"taxonomy":"post_tag","embeddable":true,"href":"https:\/\/derstakip.app\/blog\/wp-json\/wp\/v2\/tags?post=3506"}],"curies":[{"name":"wp","href":"https:\/\/api.w.org\/{rel}","templated":true}]}}