{"id":3486,"date":"2025-12-04T15:46:15","date_gmt":"2025-12-04T12:46:15","guid":{"rendered":"https:\/\/derstakip.app\/blog\/ekpss-2026-sinav-tarihleri-ve-basvuru-sureci-hakkinda-bilgiler\/"},"modified":"2025-12-04T15:46:15","modified_gmt":"2025-12-04T12:46:15","slug":"ekpss-2026-sinav-tarihleri-ve-basvuru-sureci-hakkinda-bilgiler","status":"publish","type":"post","link":"https:\/\/derstakip.app\/blog\/ekpss-2026-sinav-tarihleri-ve-basvuru-sureci-hakkinda-bilgiler\/","title":{"rendered":"EKPSS 2026 S\u0131nav Tarihleri ve Ba\u015fvuru S\u00fcreci Hakk\u0131nda Bilgiler"},"content":{"rendered":"<p>EKPSS 2026 s\u0131nav tarihi ve ba\u015fvuru s\u00fcreci, engelli bireylerin kamu kurum ve kurulu\u015flar\u0131nda g\u00f6rev alabilmeleri i\u00e7in b\u00fcy\u00fck bir \u00f6nem ta\u015f\u0131yor. Bu nedenle, s\u0131nav tarihleri ve s\u00fcre\u00e7leri hakk\u0131nda detayl\u0131 bilgi sahibi olmak, adaylar\u0131n s\u0131nav haz\u0131rl\u0131klar\u0131n\u0131 daha sa\u011fl\u0131kl\u0131 bir \u015fekilde planlamalar\u0131na yard\u0131mc\u0131 olacakt\u0131r. \u00d6SYM taraf\u0131ndan d\u00fczenlenen EKPSS, her y\u0131l belli tarihlerde ger\u00e7ekle\u015ftirilmektedir ve 2026 y\u0131l\u0131 i\u00e7in belirlenen tarihler de yava\u015f yava\u015f netle\u015fiyor.<\/p>\n<h2>EKPSS 2026 S\u0131nav Tarihleri<\/h2>\n<p>2026 EKPSS s\u0131nav tarihi, \u00d6SYM taraf\u0131ndan belirlenmi\u015f resmi takvimle birlikte a\u00e7\u0131klanacakt\u0131r. Bu s\u00fcre\u00e7te, s\u0131nav tarihleri genellikle y\u0131l\u0131n ba\u015flar\u0131nda duyurulmakta ve s\u0131nav takviminde yer almaktad\u0131r. Adaylar, bu tarihlere dikkat ederek ba\u015fvurular\u0131n\u0131 zaman\u0131nda yapmal\u0131d\u0131r. 2026 y\u0131l\u0131nda yap\u0131lmas\u0131 planlanan EKPSS i\u00e7in muhtemel tarihlerin \u00f6nceden belirlenmesi, adaylar i\u00e7in b\u00fcy\u00fck bir f\u0131rsat sunacakt\u0131r.<\/p>\n<h3>Ba\u015fvuru S\u00fcreci<\/h3>\n<p>EKPSS ba\u015fvuru s\u00fcreci, s\u0131nav tarihinin ilan edilmesiyle birlikte ba\u015flamaktad\u0131r. Adaylar, bilgisayar veya mobil cihazlar \u00fczerinden <a href=\"https:\/\/ais.osym.gov.tr\/\" target=\"_blank\" rel=\"noopener\">\u00d6SYM\u2019nin resmi sitesine<\/a> giri\u015f yaparak gerekli formlar\u0131 doldurabilir ve ba\u015fvurular\u0131n\u0131 tamamlayabilirler. Her aday\u0131n, ba\u015fvuru s\u0131ras\u0131nda dikkat etmesi gereken en \u00f6nemli detay, gerekli belgelerin eksiksiz olarak sunulmas\u0131d\u0131r. Aksi takdirde, ba\u015fvuru kabul edilmeyecektir.<\/p>\n<p>Ba\u015fvuru s\u00fcreci genellikle birka\u00e7 hafta s\u00fcrer. Bu s\u00fcre zarf\u0131nda, adaylar i\u00e7in \u00d6SYM taraf\u0131ndan kolay eri\u015fim imkan\u0131 sa\u011flanmaktad\u0131r. Mobil cihazlar \u00fczerinden m\u00fcdahale edebilece\u011finiz bu sistem, ba\u015fvuru i\u015flemlerinin daha h\u0131zl\u0131 ve pratik bir \u015fekilde yap\u0131labilmesine olanak tan\u0131r.<\/p>\n<h2>S\u0131navdan Kimler Yararlanabilir?<\/h2>\n<p>EKPSS, \u00f6zellikle \u00f6z\u00fcrl\u00fc bireylerin kat\u0131l\u0131m\u0131na a\u00e7\u0131k bir s\u0131navd\u0131r. 2026 EKPSS s\u0131nav\u0131na girebilmek i\u00e7in belli ba\u015fl\u0131 \u015fartlar bulunmaktad\u0131r. Adaylar\u0131n, yaln\u0131zca engel durumlar\u0131n\u0131 belgelemeleri yeterlidir. Herhangi bir ya\u015f s\u0131n\u0131r\u0131 olmaks\u0131z\u0131n, engelli bireyler kamu sekt\u00f6r\u00fc i\u015flerine ba\u015fvuruda bulunmak i\u00e7in bu s\u0131nava kat\u0131labilirler.<\/p>\n<h3>S\u0131nav \u00dccretleri<\/h3>\n<p>S\u0131nava kat\u0131lacak adaylar\u0131n, belirlenen s\u0131nav \u00fccretini yat\u0131rmalar\u0131 gerekmektedir. S\u0131nav \u00fccretleri, her y\u0131l de\u011fi\u015fiklik g\u00f6sterebilir ve genellikle \u00d6SYM taraf\u0131ndan duyurulmaktad\u0131r. \u00dccret, adaylar\u0131n hangi bankalar arac\u0131l\u0131\u011f\u0131yla \u00f6demelerini ger\u00e7ekle\u015ftirebilecekleri bilgileri ile birlikte, s\u0131nav tarihleriyle birlikte yay\u0131nlan\u0131r.<\/p>\n<h2>2026 EKPSS S\u0131nav\u0131na Haz\u0131rlan\u0131rken Dikkat Edilmesi Gerekenler<\/h2>\n<p>S\u0131nav haz\u0131rl\u0131k s\u00fcresi boyunca, adaylar\u0131n dikkat etmesi gereken birka\u00e7 \u00f6nemli nokta bulunmaktad\u0131r. \u00d6ncelikle, \u00e7al\u0131\u015fma y\u00f6ntemlerinizi belirleyerek i\u015fe ba\u015flamal\u0131s\u0131n\u0131z. S\u0131nav tarihi geldi\u011finde eksiksiz bir haz\u0131rl\u0131kla, kendinizi en iyi \u015fekilde ifade etme f\u0131rsat\u0131 bulabilirsiniz. D\u00fczenli ve planl\u0131 bir \u00e7al\u0131\u015fma program\u0131 olu\u015fturdu\u011funuzda, s\u0131navdan alaca\u011f\u0131n\u0131z sonu\u00e7 da muhtemelen daha y\u00fcksek olacakt\u0131r.<\/p>\n<p>Ek olarak, <a href=\"https:\/\/ais.osym.gov.tr\/\" target=\"_blank\" rel=\"noopener\">DersTakip<\/a> uygulamas\u0131 gibi \u00e7al\u0131\u015fma d\u00fczenleyici ara\u00e7lardan faydalanarak, \u00e7al\u0131\u015fma seanslar\u0131n\u0131z\u0131 daha verimli hale getirebilirsiniz. Bu uygulama, \u00e7al\u0131\u015fma s\u00fcrelerinizi kaydedilmesine ve hedeflerinize ula\u015fman\u0131za yard\u0131mc\u0131 olacakt\u0131r. \u00c7al\u0131\u015fmalar\u0131n\u0131z\u0131 aktif bir \u015fekilde takip etmek, motivasyonunuzu art\u0131racak ve s\u0131nav i\u00e7in odaklanman\u0131z\u0131 sa\u011flayacakt\u0131r.<\/p>\n<h3>S\u0131nav Sonu\u00e7lar\u0131 ve \u0130tiraz S\u00fcreci<\/h3>\n<p>2026 EKPSS s\u0131nav sonu\u00e7lar\u0131, her y\u0131l genellikle s\u0131nav\u0131n ard\u0131ndan birka\u00e7 hafta i\u00e7inde a\u00e7\u0131klanmaktad\u0131r. S\u0131nav sonu\u00e7lar\u0131 a\u00e7\u0131kland\u0131ktan sonra, adaylar kendi sonu\u00e7lar\u0131n\u0131 \u00f6\u011frenmek i\u00e7in \u00d6SYM\u2019nin resmi web sitesine giri\u015f yapabilirler. Ayr\u0131ca, s\u0131nav sonu\u00e7lar\u0131na itiraz etmek isteyen adaylar i\u00e7in belirli bir s\u00fcre tan\u0131nm\u0131\u015ft\u0131r. Adaylar\u0131n, sonu\u00e7lar\u0131n\u0131 inceledikten sonra itiraz s\u00fcrecini ba\u015flatmalar\u0131nda fayda vard\u0131r.<\/p>\n<h2>\u00d6zetle<\/h2>\n<p>EKPSS 2026 s\u0131nav tarihi ve ba\u015fvuru s\u00fcre\u00e7leri, t\u00fcm engelli bireyler i\u00e7in olduk\u00e7a \u00f6nemli bir konudur. S\u0131nav tarihini ve ba\u015fvuru s\u00fcre\u00e7lerini takip etmek, adaylar\u0131n ba\u015far\u0131l\u0131 bir sonu\u00e7 elde etmesine yard\u0131mc\u0131 olacakt\u0131r. Kontrol edilmesi gereken t\u00fcm a\u015famalar, s\u0131navdan \u00f6nce tamamlanmal\u0131d\u0131r. Dikkatiniz da\u011f\u0131lmadan, \u00e7al\u0131\u015fma seanslar\u0131n\u0131zda azami verim almay\u0131 hedeflemelisiniz.<\/p>\n<h2>SSS (S\u0131k\u00e7a Sorulan Sorular)<\/h2>\n<h3>EKPSS 2026 s\u0131nav tarihi ne zaman a\u00e7\u0131klanacak?<\/h3>\n<p>EKPSS 2026 s\u0131nav tarihleri, \u00d6SYM taraf\u0131ndan her y\u0131l belirlenen takvim do\u011frultusunda a\u00e7\u0131klanacakt\u0131r. Genellikle y\u0131l\u0131n ba\u015flar\u0131nda bu tarihler netlik kazan\u0131r.<\/p>\n<h3>Ba\u015fvuru s\u00fcreci nas\u0131l i\u015fliyor?<\/h3>\n<p>Ba\u015fvuru s\u00fcreci, s\u0131nav tarihinin a\u00e7\u0131klanmas\u0131yla birlikte adaylar\u0131n online platform \u00fczerinden ba\u015fvuru formunu doldurarak ba\u015fvurma a\u015famas\u0131n\u0131 kapsamaktad\u0131r.<\/p>\n<h3>S\u0131nav sonu\u00e7lar\u0131 ne zaman a\u00e7\u0131klanacak?<\/h3>\n<p>2026 EKPSS sonu\u00e7lar\u0131, s\u0131nav tarihinden birka\u00e7 hafta i\u00e7inde a\u00e7\u0131klanmas\u0131 beklenmektedir. Adaylar sonu\u00e7lar\u0131n\u0131 \u00d6SYM\u2019nin resmi web sitesinden \u00f6\u011frenebilirler.<\/p>\n","protected":false},"excerpt":{"rendered":"<p>EKPSS 2026 s\u0131nav tarihi ve ba\u015fvuru s\u00fcreci, engelli bireylerin kamu kurum ve kurulu\u015flar\u0131nda g\u00f6rev alabilmeleri i\u00e7in b\u00fcy\u00fck bir \u00f6nem ta\u015f\u0131yor. Bu nedenle, s\u0131nav tarihleri ve s\u00fcre\u00e7leri hakk\u0131nda detayl\u0131 bilgi sahibi olmak, adaylar\u0131n s\u0131nav haz\u0131rl\u0131klar\u0131n\u0131 daha sa\u011fl\u0131kl\u0131 bir \u015fekilde planlamalar\u0131na yard\u0131mc\u0131 olacakt\u0131r. \u00d6SYM taraf\u0131ndan d\u00fczenlenen EKPSS, her y\u0131l belli tarihlerde ger\u00e7ekle\u015ftirilmektedir ve 2026 y\u0131l\u0131 i\u00e7in belirlenen&#8230;<\/p>\n","protected":false},"author":1,"featured_media":0,"comment_status":"open","ping_status":"open","sticky":false,"template":"","format":"standard","meta":{"footnotes":""},"categories":[84],"tags":[],"class_list":["post-3486","post","type-post","status-publish","format-standard","hentry","category-haber"],"_links":{"self":[{"href":"https:\/\/derstakip.app\/blog\/wp-json\/wp\/v2\/posts\/3486","targetHints":{"allow":["GET"]}}],"collection":[{"href":"https:\/\/derstakip.app\/blog\/wp-json\/wp\/v2\/posts"}],"about":[{"href":"https:\/\/derstakip.app\/blog\/wp-json\/wp\/v2\/types\/post"}],"author":[{"embeddable":true,"href":"https:\/\/derstakip.app\/blog\/wp-json\/wp\/v2\/users\/1"}],"replies":[{"embeddable":true,"href":"https:\/\/derstakip.app\/blog\/wp-json\/wp\/v2\/comments?post=3486"}],"version-history":[{"count":0,"href":"https:\/\/derstakip.app\/blog\/wp-json\/wp\/v2\/posts\/3486\/revisions"}],"wp:attachment":[{"href":"https:\/\/derstakip.app\/blog\/wp-json\/wp\/v2\/media?parent=3486"}],"wp:term":[{"taxonomy":"category","embeddable":true,"href":"https:\/\/derstakip.app\/blog\/wp-json\/wp\/v2\/categories?post=3486"},{"taxonomy":"post_tag","embeddable":true,"href":"https:\/\/derstakip.app\/blog\/wp-json\/wp\/v2\/tags?post=3486"}],"curies":[{"name":"wp","href":"https:\/\/api.w.org\/{rel}","templated":true}]}}