{"id":3479,"date":"2025-12-03T15:41:46","date_gmt":"2025-12-03T12:41:46","guid":{"rendered":"https:\/\/derstakip.app\/blog\/2026-yks-basvuru-tarihleri-tyt-ayt-ve-ydt-oturumlari-ne-zaman-gerceklesecek\/"},"modified":"2025-12-03T16:39:16","modified_gmt":"2025-12-03T13:39:16","slug":"2026-yks-basvuru-tarihleri-tyt-ayt-ve-ydt-oturumlari-ne-zaman-gerceklesecek","status":"publish","type":"post","link":"https:\/\/derstakip.app\/blog\/2026-yks-basvuru-tarihleri-tyt-ayt-ve-ydt-oturumlari-ne-zaman-gerceklesecek\/","title":{"rendered":"2026 YKS Ba\u015fvuru Tarihleri: TYT, AYT ve YDT Oturumlar\u0131 Ne Zaman Ger\u00e7ekle\u015fecek?"},"content":{"rendered":"<p>Bir\u00e7ok \u00f6\u011frenci i\u00e7in heyecan verici bir d\u00f6nem ba\u015flamak \u00fczere! YKS 2026 ba\u015fvuru tarihi ve oturumlar hakk\u0131nda detaylar\u0131 \u00f6\u011frenmek, haz\u0131rl\u0131k s\u00fcrecinizi planlamak a\u00e7\u0131s\u0131ndan olduk\u00e7a \u00f6nemli. Bu yaz\u0131m\u0131zda, TYT, AYT ve YDT oturumlar\u0131n\u0131n tarihlerini ad\u0131m ad\u0131m inceleyece\u011fiz. Hadi gelin, YKS 2026\u2019ya haz\u0131rl\u0131k yapmaya birlikte g\u00f6z atal\u0131m! \ud83d\udcc5\u2728<\/p>\n<h2>YKS 2026 Ba\u015fvuru Tarihleri<\/h2>\n<p>2026 Y\u00fcksek\u00f6\u011fretim Kurumlar\u0131 S\u0131nav\u0131 (YKS) i\u00e7in ba\u015fvurular, 2026 y\u0131l\u0131n\u0131n olduk\u00e7a tela\u015fl\u0131 ve yo\u011fun g\u00fcnleri olacak. \u00d6\u011frenciler, YKS ba\u015fvurular\u0131n\u0131 2026 y\u0131l\u0131n\u0131n 1-20 Mart tarihleri aras\u0131nda ger\u00e7ekle\u015ftirebilecekler. Bu tarihler aras\u0131nda ba\u015fvuru yap\u0131lmamas\u0131 durumunda ise, ba\u015fka bir f\u0131rsat olmayacak!<\/p>\n<h3>TYT: Temel Yeterlilik Testi<\/h3>\n<p>YKS\u2019nin ilk oturumu olan TYT, 2026 y\u0131l\u0131n\u0131n 18 Haziran tarihinde yap\u0131lacak. Temel Yeterlilik Testi, \u00f6\u011frencilerin genel yetenek ve genel k\u00fclt\u00fcr d\u00fczeylerini \u00f6l\u00e7en \u00f6nemli bir a\u015fama. Bu nedenle, bu s\u0131navda ba\u015far\u0131l\u0131 olmak i\u00e7in \u00f6\u011frencilerin iyi bir haz\u0131rl\u0131k s\u00fcreci ge\u00e7irmeleri gerekiyor. \ud83d\udc4d<\/p>\n<h4>TYT\u2019ye Nas\u0131l Haz\u0131rlanmal\u0131s\u0131n\u0131z?<\/h4>\n<p>TYT haz\u0131rl\u0131\u011f\u0131n\u0131zda, DersTakip gibi uygulamalar size yard\u0131mc\u0131 olabilir. \u00c7al\u0131\u015fma s\u00fcrelerinizi takip etmek ve ilerlemenizi g\u00f6zlemlemek, ba\u015far\u0131n\u0131za b\u00fcy\u00fck katk\u0131 sa\u011flayabilir. \u00d6zellikle, do\u011fru kaynaklardan \u00e7al\u0131\u015farak t\u00fcm m\u00fcfredat\u0131 kapsamak ve deneme s\u0131navlar\u0131 ile pratik yapmak \u00f6nemli.<\/p>\n<h3>AYT: Alan Yeterlilik Testi<\/h3>\n<p>YKS\u2019nin ikinci a\u015famas\u0131 olan AYT ise 25 Haziran 2026 tarihinde ger\u00e7ekle\u015ftirilecek. AYT, \u00f6\u011frencilerin alanlar\u0131yla ilgili yeteneklerini \u00f6l\u00e7mekte kullan\u0131lan bir s\u0131nav. Bu oturumda ba\u015far\u0131l\u0131 olmak i\u00e7in, yap\u0131lan TYT\u2019ye ek olarak, alan\u0131n\u0131za \u00f6zel \u00e7al\u0131\u015fmalar yapman\u0131z faydal\u0131 olacakt\u0131r.<\/p>\n<h4>AYT \u0130\u00e7in Stratejiler<\/h4>\n<p>AYT\u2019de ba\u015far\u0131l\u0131 olmak istiyorsan\u0131z, \u00f6ncelikle hangi alanlarda eksik oldu\u011funuzu belirlemelisiniz. \u00c7\u00f6zd\u00fc\u011f\u00fcn\u00fcz sorular\u0131 kaydedip, hangi derslerde daha fazla \u00e7al\u0131\u015fman\u0131z gerekti\u011fini g\u00f6rebilirsiniz. Bu noktada, DersTakip uygulamas\u0131 kullanarak bu s\u00fcre\u00e7leri daha kolay y\u00f6netebilirsiniz.<\/p>\n<h3>YDT: Yabanc\u0131 Dil Testi<\/h3>\n<p>2026 YKS\u2019deki yabanc\u0131 dil oturumu, 26 Haziran 2026 tarihinde yap\u0131lacak. YDT, dil bilgisi ve okuma becerilerinizi test edecek. Bu oturumda ba\u015far\u0131l\u0131 olmak i\u00e7in ise dil prati\u011fi yapmak \u00e7ok \u00f6nemli.<\/p>\n<h4>YDT \u0130\u00e7in Tavsiyeler<\/h4>\n<p>Yabanc\u0131 dil prati\u011fi i\u00e7in \u00e7e\u015fitli kaynaklardan yararlanabilir, dil uygulamalar\u0131 ile g\u00fcnl\u00fck ya\u015fam\u0131n\u0131za dil uygulamalar\u0131 entegre edebilirsiniz. Her g\u00fcn belirli bir s\u00fcre ay\u0131rarak, kelime hazinenizi art\u0131rmak ve dil konular\u0131n\u0131 g\u00f6zden ge\u00e7irmek son derece \u00f6nemli.<\/p>\n<h2>Son S\u00f6z: Haz\u0131rl\u0131\u011f\u0131n\u0131z\u0131 \u0130yi Yap\u0131n!<\/h2>\n<p>Sonu\u00e7 olarak, YKS 2026 ba\u015fvuru tarihi ve oturumlar, \u00f6\u011frenciler i\u00e7in belirleyici bir d\u00f6neme\u00e7tir. TYT, AYT ve YDT\u2019de ba\u015far\u0131l\u0131 olmak i\u00e7in disiplinli bir haz\u0131rl\u0131k s\u00fcreci ge\u00e7irmeniz gerekir. Hedeflerinizi belirleyin ve bu d\u00f6nem boyunca motivasyonunuzu koruyarak \u00e7al\u0131\u015fmaya devam edin! \ud83d\udcaa<\/p>\n<h3>SSS &#8211; S\u0131k\u00e7a Sorulan Sorular<\/h3>\n<ul>\n<li><strong>YKS ba\u015fvuru tarihleri ne zaman?<\/strong> YKS ba\u015fvuru tarihleri, 1-20 Mart 2026 tarihleri aras\u0131nda ger\u00e7ekle\u015fecek.<\/li>\n<li><strong>TYT, AYT ve YDT ne zaman yap\u0131lacak?<\/strong> TYT 18 Haziran, AYT 25 Haziran ve YDT 26 Haziran 2026 tarihlerinde yap\u0131lacak.<\/li>\n<li><strong>DersTakip uygulamas\u0131 nas\u0131l yard\u0131mc\u0131 olabilir?<\/strong> DersTakip uygulamas\u0131, \u00e7al\u0131\u015fma seanslar\u0131n\u0131z\u0131 kaydetmenizi ve ilerlemelerinizi takip etmenizi sa\u011flar.<\/li>\n<\/ul>\n","protected":false},"excerpt":{"rendered":"<p>Bir\u00e7ok \u00f6\u011frenci i\u00e7in heyecan verici bir d\u00f6nem ba\u015flamak \u00fczere! YKS 2026 ba\u015fvuru tarihi ve oturumlar hakk\u0131nda detaylar\u0131 \u00f6\u011frenmek, haz\u0131rl\u0131k s\u00fcrecinizi planlamak a\u00e7\u0131s\u0131ndan olduk\u00e7a \u00f6nemli. Bu yaz\u0131m\u0131zda, TYT, AYT ve YDT oturumlar\u0131n\u0131n tarihlerini ad\u0131m ad\u0131m inceleyece\u011fiz. Hadi gelin, YKS 2026\u2019ya haz\u0131rl\u0131k yapmaya birlikte g\u00f6z atal\u0131m! \ud83d\udcc5\u2728 YKS 2026 Ba\u015fvuru Tarihleri 2026 Y\u00fcksek\u00f6\u011fretim Kurumlar\u0131 S\u0131nav\u0131 (YKS) i\u00e7in&#8230;<\/p>\n","protected":false},"author":1,"featured_media":0,"comment_status":"open","ping_status":"open","sticky":false,"template":"","format":"standard","meta":{"footnotes":""},"categories":[84],"tags":[],"class_list":["post-3479","post","type-post","status-publish","format-standard","hentry","category-haber"],"_links":{"self":[{"href":"https:\/\/derstakip.app\/blog\/wp-json\/wp\/v2\/posts\/3479","targetHints":{"allow":["GET"]}}],"collection":[{"href":"https:\/\/derstakip.app\/blog\/wp-json\/wp\/v2\/posts"}],"about":[{"href":"https:\/\/derstakip.app\/blog\/wp-json\/wp\/v2\/types\/post"}],"author":[{"embeddable":true,"href":"https:\/\/derstakip.app\/blog\/wp-json\/wp\/v2\/users\/1"}],"replies":[{"embeddable":true,"href":"https:\/\/derstakip.app\/blog\/wp-json\/wp\/v2\/comments?post=3479"}],"version-history":[{"count":1,"href":"https:\/\/derstakip.app\/blog\/wp-json\/wp\/v2\/posts\/3479\/revisions"}],"predecessor-version":[{"id":3483,"href":"https:\/\/derstakip.app\/blog\/wp-json\/wp\/v2\/posts\/3479\/revisions\/3483"}],"wp:attachment":[{"href":"https:\/\/derstakip.app\/blog\/wp-json\/wp\/v2\/media?parent=3479"}],"wp:term":[{"taxonomy":"category","embeddable":true,"href":"https:\/\/derstakip.app\/blog\/wp-json\/wp\/v2\/categories?post=3479"},{"taxonomy":"post_tag","embeddable":true,"href":"https:\/\/derstakip.app\/blog\/wp-json\/wp\/v2\/tags?post=3479"}],"curies":[{"name":"wp","href":"https:\/\/api.w.org\/{rel}","templated":true}]}}