{"id":3473,"date":"2025-12-03T12:41:49","date_gmt":"2025-12-03T09:41:49","guid":{"rendered":"https:\/\/derstakip.app\/blog\/genclerin-yuzde-10unda-beyin-curumesi-belirtileri-tespit-edildi\/"},"modified":"2025-12-03T12:41:49","modified_gmt":"2025-12-03T09:41:49","slug":"genclerin-yuzde-10unda-beyin-curumesi-belirtileri-tespit-edildi","status":"publish","type":"post","link":"https:\/\/derstakip.app\/blog\/genclerin-yuzde-10unda-beyin-curumesi-belirtileri-tespit-edildi\/","title":{"rendered":"Gen\u00e7lerin Y\u00fczde 10&#8217;unda Beyin \u00c7\u00fcr\u00fcmesi Belirtileri Tespit Edildi!"},"content":{"rendered":"<p>Son g\u00fcnlerde yap\u0131lan ara\u015ft\u0131rmalara g\u00f6re, gen\u00e7lerde beyin \u00e7\u00fcr\u00fcmesi belirtileri %10 oran\u0131nda tespit edildi! \ud83e\udde0 Bu durum, ailelerin ve toplumun dikkatini \u00e7ekiyor. Peki, bu belirtiler nelerdir? Gen\u00e7lerin ya\u015fam tarz\u0131, al\u0131\u015fkanl\u0131klar\u0131 ve bu duruma kar\u015f\u0131 hangi \u00f6nlemler al\u0131nabilir? Hep birlikte inceleyelim.<\/p>\n<h2>Gen\u00e7lerde Beyin \u00c7\u00fcr\u00fcmesi Belirtileri Nelerdir?<\/h2>\n<p>Gen\u00e7lerde beyin \u00e7\u00fcr\u00fcmesi belirtileri, \u00e7o\u011funlukla haf\u0131za kayb\u0131, dikkat da\u011f\u0131n\u0131kl\u0131\u011f\u0131 ve genel zihinsel becerilerin azalmas\u0131 \u015feklinde kendini g\u00f6steriyor. \u00d6zellikle ders \u00e7al\u0131\u015fma s\u00fcrecinde, beyin sa\u011fl\u0131\u011f\u0131na dikkat etmek \u00f6nemlidir. Bunun yan\u0131nda, fiziksel sa\u011fl\u0131k durumunu da g\u00f6z \u00f6n\u00fcnde bulundurmal\u0131y\u0131z. \ud83c\udfcb\ufe0f\u200d\u2642\ufe0f<\/p>\n<p>Oysa ki, sa\u011fl\u0131kl\u0131 beslenme ve d\u00fczenli egzersiz yapman\u0131n, zihinsel sa\u011fl\u0131\u011fa olumlu etkileri oldu\u011fu bilinmektedir.<\/p>\n<h3>Bu Belirtilerle Kar\u015f\u0131la\u015fan Gen\u00e7ler Hangi Ad\u0131mlar\u0131 Atmal\u0131?<\/h3>\n<ul>\n<li>\u0130lk olarak, durumu fark etmek gerekir. E\u011fer haf\u0131za kayb\u0131, unutkanl\u0131k veya dikkat da\u011f\u0131n\u0131kl\u0131\u011f\u0131 gibi sorunlar ya\u015famaya ba\u015flad\u0131ysan\u0131z, bir uzmana ba\u015fvurmal\u0131s\u0131n\u0131z.<\/li>\n<li>Ayn\u0131 zamanda, g\u00fcnl\u00fck hayat\u0131n\u0131zda stres y\u00f6netimi tekniklerini \u00f6\u011frenmek de olduk\u00e7a faydal\u0131d\u0131r. Meditasyon veya spor gibi aktiviteler, zihinsel sa\u011fl\u0131\u011f\u0131n\u0131za katk\u0131da bulunabilir.<\/li>\n<li>Yeterli uyku almak da beyin sa\u011fl\u0131\u011f\u0131 i\u00e7in gereklidir. 7-8 saatlik uyku, zihinsel performans\u0131 art\u0131r\u0131r ve gen\u00e7lerin ba\u015far\u0131 d\u00fczeyine katk\u0131 sa\u011flar.<\/li>\n<\/ul>\n<h4>Gen\u00e7lerin Zihinsel Sa\u011fl\u0131klar\u0131 \u0130\u00e7in \u00d6nemli \u0130pu\u00e7lar\u0131<\/h4>\n<p>Gen\u00e7lerde beyin \u00e7\u00fcr\u00fcmesi belirtilerinin yan\u0131 s\u0131ra, genel zihinsel sa\u011fl\u0131k i\u00e7in de baz\u0131 al\u0131\u015fkanl\u0131klar\u0131 benimsemek faydal\u0131 olacakt\u0131r:<\/p>\n<ul>\n<li>Her g\u00fcn d\u00fczenli olarak kitap okumak, zihni aktif tutar. \ud83d\udcda<\/li>\n<li>Sosyal ili\u015fkileri g\u00fc\u00e7lendirmek, stres ve kayg\u0131y\u0131 azalt\u0131rken, genel ruh halini iyile\u015ftirir.<\/li>\n<li>Beslenme al\u0131\u015fkanl\u0131klar\u0131; omega-3 ya\u011f asitleri ve antioksidanlar a\u00e7\u0131s\u0131ndan zengin g\u0131dalar, beyin sa\u011fl\u0131\u011f\u0131na katk\u0131 sa\u011flar. \u00d6zellikle ceviz ve somon bal\u0131\u011f\u0131 t\u00fcketimi \u00f6nerilir.<\/li>\n<\/ul>\n<p>G\u00fczel bir \u00f6\u011frenme deneyimi i\u00e7in sa\u011fl\u0131kl\u0131 \u00e7al\u0131\u015fma seanslar\u0131 d\u00fczenlemek de kritik \u00f6neme sahiptir. <strong>DersTakip<\/strong> uygulamas\u0131, bu konuda kullan\u0131c\u0131lara fayda sa\u011flayabilir. Ak\u0131ll\u0131 seans takibi ve hedef belirleme \u00f6zellikleriyle, \u00f6\u011frencilerin \u00e7al\u0131\u015fma s\u00fcrelerini daha etkili bir \u015fekilde y\u00f6netmelerine olanak tan\u0131r. Bu uygulama ile birlikte, \u00f6\u011frenciler ders \u00e7al\u0131\u015fma s\u00fcrelerini kaydedebilir ve ilerlemelerini analiz edebilirler. \ud83d\udcf1<\/p>\n<h3>Dikkat Edilmesi Gereken Di\u011fer Fakt\u00f6rler<\/h3>\n<p>Psikolojik sa\u011fl\u0131k, beyin sa\u011fl\u0131\u011f\u0131 \u00fczerinde b\u00fcy\u00fck bir etkiye sahiptir. Gen\u00e7lerde ya\u015fanan kayg\u0131 ve depresyon durumlar\u0131, ruhsal ve zihinsel performans\u0131 etkileyebilir. Arkada\u015flar ve aile ile a\u00e7\u0131k ileti\u015fim kurmak, duygusal destek almak olduk\u00e7a \u00f6nemlidir. Bu nedenle, gen\u00e7lerin duygusal durumlar\u0131n\u0131 payla\u015fabilecekleri g\u00fcvenilir bir ortam yaratmak gerekir.<\/p>\n<h2>Sonu\u00e7 Olarak<\/h2>\n<p>Gen\u00e7lerde beyin \u00e7\u00fcr\u00fcmesi belirtileri, g\u00f6rmezden gelinmesi gereken bir durum de\u011fildir. Zihin sa\u011fl\u0131\u011f\u0131m\u0131z, ya\u015fam kalitemiz a\u00e7\u0131s\u0131ndan son derece kritik bir fakt\u00f6rd\u00fcr. Gerekli \u00f6nlemler al\u0131nmad\u0131\u011f\u0131nda, bu durum gelecekte daha b\u00fcy\u00fck sorunlara yol a\u00e7abilir. Sa\u011fl\u0131kl\u0131 ya\u015fam tarz\u0131n\u0131 benimsemek, beyin sa\u011fl\u0131\u011f\u0131n\u0131 korumak i\u00e7in at\u0131lmas\u0131 gereken \u00f6nemli ad\u0131mlardan biridir. Unutmay\u0131n, sa\u011fl\u0131kl\u0131 bir zihin, ba\u015far\u0131l\u0131 bir ya\u015fam\u0131n anahtar\u0131d\u0131r! \ud83d\udd11<\/p>\n<h3>SSS<\/h3>\n<h4>Gen\u00e7lerde beyin \u00e7\u00fcr\u00fcmesi belirtileri nelerdir?<\/h4>\n<p>Ba\u015fl\u0131ca belirtiler haf\u0131za kayb\u0131, dikkat da\u011f\u0131n\u0131kl\u0131\u011f\u0131 ve zihinsel performans\u0131n azalmas\u0131d\u0131r.<\/p>\n<h4>Bu belirtilerle kar\u015f\u0131la\u015fan gen\u00e7ler ne yapmal\u0131?<\/h4>\n<p>\u00d6ncelikle bir uzmana ba\u015fvurmal\u0131, g\u00fcnl\u00fck ya\u015famda stresten uzak durmal\u0131 ve d\u00fczg\u00fcn bir uyku d\u00fczeni olu\u015fturmal\u0131d\u0131r.<\/p>\n<h4>Meditasyon yapman\u0131n faydalar\u0131 nelerdir?<\/h4>\n<p>Meditasyon, zihni sakinle\u015ftirir, stres seviyesini d\u00fc\u015f\u00fcr\u00fcr ve genel ruh halini iyile\u015ftirir.<\/p>\n<h4>DersTakip uygulamas\u0131 nas\u0131l fayda sa\u011flar?<\/h4>\n<p>DersTakip, \u00f6\u011frencilere \u00e7al\u0131\u015fma s\u00fcrelerini takip etme ve analiz etme imkan\u0131 sunar, b\u00f6ylece daha etkili bir ders \u00e7al\u0131\u015fma deneyimi sa\u011flar.<\/p>\n","protected":false},"excerpt":{"rendered":"<p>Son g\u00fcnlerde yap\u0131lan ara\u015ft\u0131rmalara g\u00f6re, gen\u00e7lerde beyin \u00e7\u00fcr\u00fcmesi belirtileri %10 oran\u0131nda tespit edildi! \ud83e\udde0 Bu durum, ailelerin ve toplumun dikkatini \u00e7ekiyor. Peki, bu belirtiler nelerdir? Gen\u00e7lerin ya\u015fam tarz\u0131, al\u0131\u015fkanl\u0131klar\u0131 ve bu duruma kar\u015f\u0131 hangi \u00f6nlemler al\u0131nabilir? Hep birlikte inceleyelim. Gen\u00e7lerde Beyin \u00c7\u00fcr\u00fcmesi Belirtileri Nelerdir? Gen\u00e7lerde beyin \u00e7\u00fcr\u00fcmesi belirtileri, \u00e7o\u011funlukla haf\u0131za kayb\u0131, dikkat da\u011f\u0131n\u0131kl\u0131\u011f\u0131 ve genel&#8230;<\/p>\n","protected":false},"author":1,"featured_media":0,"comment_status":"open","ping_status":"open","sticky":false,"template":"","format":"standard","meta":{"footnotes":""},"categories":[84],"tags":[],"class_list":["post-3473","post","type-post","status-publish","format-standard","hentry","category-haber"],"_links":{"self":[{"href":"https:\/\/derstakip.app\/blog\/wp-json\/wp\/v2\/posts\/3473","targetHints":{"allow":["GET"]}}],"collection":[{"href":"https:\/\/derstakip.app\/blog\/wp-json\/wp\/v2\/posts"}],"about":[{"href":"https:\/\/derstakip.app\/blog\/wp-json\/wp\/v2\/types\/post"}],"author":[{"embeddable":true,"href":"https:\/\/derstakip.app\/blog\/wp-json\/wp\/v2\/users\/1"}],"replies":[{"embeddable":true,"href":"https:\/\/derstakip.app\/blog\/wp-json\/wp\/v2\/comments?post=3473"}],"version-history":[{"count":0,"href":"https:\/\/derstakip.app\/blog\/wp-json\/wp\/v2\/posts\/3473\/revisions"}],"wp:attachment":[{"href":"https:\/\/derstakip.app\/blog\/wp-json\/wp\/v2\/media?parent=3473"}],"wp:term":[{"taxonomy":"category","embeddable":true,"href":"https:\/\/derstakip.app\/blog\/wp-json\/wp\/v2\/categories?post=3473"},{"taxonomy":"post_tag","embeddable":true,"href":"https:\/\/derstakip.app\/blog\/wp-json\/wp\/v2\/tags?post=3473"}],"curies":[{"name":"wp","href":"https:\/\/api.w.org\/{rel}","templated":true}]}}