{"id":3310,"date":"2025-10-23T11:16:39","date_gmt":"2025-10-23T08:16:39","guid":{"rendered":"https:\/\/derstakip.app\/blog\/2026-saglik-bakanligi-sozlesmeli-personel-alimi-26673-saglik-calisani-ve-branslar\/"},"modified":"2025-10-23T11:16:39","modified_gmt":"2025-10-23T08:16:39","slug":"2026-saglik-bakanligi-sozlesmeli-personel-alimi-26673-saglik-calisani-ve-branslar","status":"publish","type":"post","link":"https:\/\/derstakip.app\/blog\/2026-saglik-bakanligi-sozlesmeli-personel-alimi-26673-saglik-calisani-ve-branslar\/","title":{"rendered":"2026 Sa\u011fl\u0131k Bakanl\u0131\u011f\u0131 S\u00f6zle\u015fmeli Personel Al\u0131m\u0131: 26,673 Sa\u011fl\u0131k \u00c7al\u0131\u015fan\u0131 ve Bran\u015flar"},"content":{"rendered":"<p>Sa\u011fl\u0131k bakanl\u0131\u011f\u0131 personel al\u0131m\u0131 2026 i\u00e7in haz\u0131rl\u0131klar ba\u015flad\u0131! \ud83c\udfe5 Ge\u00e7ti\u011fimiz g\u00fcnlerde Sa\u011fl\u0131k Bakanl\u0131\u011f\u0131, 26,673 s\u00f6zle\u015fmeli sa\u011fl\u0131k \u00e7al\u0131\u015fan\u0131 alaca\u011f\u0131n\u0131 duyurdu. Bu duyuru, bir\u00e7ok sa\u011fl\u0131k mezunu i\u00e7in b\u00fcy\u00fck bir f\u0131rsat anlam\u0131na geliyor. Peki, bu s\u00fcre\u00e7te bizleri neler bekliyor? \u0130\u015fte detaylar! \ud83d\ude80<\/p>\n<h2>Al\u0131m Yap\u0131lacak Bran\u015flar<\/h2>\n<p>Sa\u011fl\u0131k Bakanl\u0131\u011f\u0131, \u00e7e\u015fitli bran\u015flarda personel al\u0131m\u0131nda bulunacak. Hem\u015fireler, pratisyen hekimler, uzman hekimler, eczac\u0131lar ve di\u011fer sa\u011fl\u0131k profesyonelleri bu al\u0131mda yer alabilecek. \u00d6zellikle hem\u015firelik b\u00f6l\u00fcm\u00fc i\u00e7in fazla talep bekleniyor. \ud83d\udc69\u200d\u2695\ufe0f\ud83d\udc68\u200d\u2695\ufe0f<\/p>\n<h2>Ba\u015fvuru S\u00fcreci<\/h2>\n<p>Ba\u015fvurular\u0131n ne zaman al\u0131naca\u011f\u0131 merak konusu. Al\u0131m s\u00fcrecinin detaylar\u0131 ve ba\u015fvuru tarihlerinin resmi olarak a\u00e7\u0131klanmas\u0131 bekleniyor. Adaylar\u0131n, sa\u011flanacak \u015fartlar\u0131 ve gereken belgeleri \u00f6nceden haz\u0131rlamas\u0131 faydal\u0131 olacakt\u0131r. Bir\u00e7ok aday, online ba\u015fvuru y\u00f6nteminin uygulanmas\u0131n\u0131 umuyor. Bilgiler a\u00e7\u0131kland\u0131\u011f\u0131nda, hemen harekete ge\u00e7mek i\u00e7in haz\u0131rl\u0131kl\u0131 olun! \ud83d\udcc5\ud83d\udcdd<\/p>\n<h2>Al\u0131m Kriterleri ve \u015eartlar<\/h2>\n<p>Al\u0131mlarda belirli kriterler aranacak. Adaylar\u0131n, ba\u015fvurdu\u011fu bran\u015fla ilgili mezuniyet belgeleri, KPSS puan\u0131, \u00f6zge\u00e7mi\u015fleri gibi belgeleri haz\u0131r bulundurmas\u0131 gerekiyor. \u00d6zellikle KPSS puan\u0131, sa\u011fl\u0131k bakanl\u0131\u011f\u0131 personel al\u0131m\u0131 2026 s\u00fcrecinde \u00f6nemli bir yer tutacak. Puan aral\u0131klar\u0131n\u0131n neler olaca\u011f\u0131 hakk\u0131nda hen\u00fcz net bir bilgi yok; ancak beklentiler y\u00fcksek. \ud83c\udf93\ud83d\udcca<\/p>\n<h2>\u0130\u015f Temposu ve \u00c7al\u0131\u015fma Ko\u015fullar\u0131<\/h2>\n<p>S\u00f6zle\u015fmeli olan sa\u011fl\u0131k \u00e7al\u0131\u015fanlar\u0131 i\u00e7in i\u015f temposu yo\u011fun olacakt\u0131r. Sa\u011fl\u0131k sekt\u00f6r\u00fcnde \u00e7al\u0131\u015fman\u0131n getirdi\u011fi sorumluluklar, bilgi birikimleri do\u011frultusunda sa\u011fl\u0131k profesyonellerinin yetkinli\u011fini art\u0131racakt\u0131r. \u00c7al\u0131\u015fanlar\u0131n, belli ba\u015fl\u0131 avantajlar elde etmesi bekleniyor. \u00d6rne\u011fin, sosyal g\u00fcvenlik haklar\u0131na sahip olman\u0131n yan\u0131 s\u0131ra, kariyer geli\u015fim f\u0131rsatlar\u0131 da sunulacak. \ud83c\udf89<\/p>\n<h2>Gelecek Perspektifi<\/h2>\n<p>\u00dclkemizde sa\u011fl\u0131k alan\u0131nda s\u00fcrekli geli\u015fmeler ya\u015fan\u0131yor. 2026 y\u0131l\u0131 itibar\u0131yla Sa\u011fl\u0131k Bakanl\u0131\u011f\u0131 taraf\u0131ndan yap\u0131lacak bu personel al\u0131m\u0131, sa\u011fl\u0131k sisteminin daha da g\u00fc\u00e7lenmesine olanak sa\u011flayacak. \u0130\u015fte bu nedenle, sa\u011fl\u0131k bakanl\u0131\u011f\u0131 personel al\u0131m\u0131 2026 s\u00fcreci sa\u011fl\u0131k sekt\u00f6r\u00fcnde kariyer hedefleyenler i\u00e7in \u00f6nemli bir f\u0131rsat olacak. \ud83c\udf1f<\/p>\n<h2>SSS (S\u0131k\u00e7a Sorulan Sorular)<\/h2>\n<h3>1. Sa\u011fl\u0131k Bakanl\u0131\u011f\u0131 personel al\u0131m\u0131 2026 ne zaman ba\u015flayacak?<\/h3>\n<p>Ba\u015fvuru tarihleri hen\u00fcz a\u00e7\u0131klanmam\u0131\u015ft\u0131r. Resmi duyurular\u0131 takip etmeniz \u00f6nemlidir.<\/p>\n<h3>2. Hangi bran\u015flar al\u0131nacak?<\/h3>\n<p>Hem\u015firelik, pratisyen hekimlik, uzman hekimlik ve eczac\u0131l\u0131k gibi farkl\u0131 bran\u015flardan personel al\u0131nacakt\u0131r.<\/p>\n<h3>3. Ba\u015fvuru i\u00e7in ne gibi belgeler gerekiyor?<\/h3>\n<p>KPSS puan\u0131, mezuniyet belgesi ve \u00f6zge\u00e7mi\u015f gibi belgelerin yan\u0131 s\u0131ra, bran\u015f\u0131n\u0131za \u00f6zel \u015fartlar\u0131 kontrol etmelisiniz.<\/p>\n<h3>4. S\u00f6zle\u015fmeli pozisyonlarda \u00e7al\u0131\u015fma ko\u015fullar\u0131 nas\u0131l olacak?<\/h3>\n<p>Yo\u011fun bir tempoya sahip olacak, fakat kariyer f\u0131rsatlar\u0131 ve sosyal haklar da sa\u011flanacakt\u0131r.<\/p>\n","protected":false},"excerpt":{"rendered":"<p>Sa\u011fl\u0131k bakanl\u0131\u011f\u0131 personel al\u0131m\u0131 2026 i\u00e7in haz\u0131rl\u0131klar ba\u015flad\u0131! \ud83c\udfe5 Ge\u00e7ti\u011fimiz g\u00fcnlerde Sa\u011fl\u0131k Bakanl\u0131\u011f\u0131, 26,673 s\u00f6zle\u015fmeli sa\u011fl\u0131k \u00e7al\u0131\u015fan\u0131 alaca\u011f\u0131n\u0131 duyurdu. Bu duyuru, bir\u00e7ok sa\u011fl\u0131k mezunu i\u00e7in b\u00fcy\u00fck bir f\u0131rsat anlam\u0131na geliyor. Peki, bu s\u00fcre\u00e7te bizleri neler bekliyor? \u0130\u015fte detaylar! \ud83d\ude80 Al\u0131m Yap\u0131lacak Bran\u015flar Sa\u011fl\u0131k Bakanl\u0131\u011f\u0131, \u00e7e\u015fitli bran\u015flarda personel al\u0131m\u0131nda bulunacak. Hem\u015fireler, pratisyen hekimler, uzman hekimler, eczac\u0131lar&#8230;<\/p>\n","protected":false},"author":1,"featured_media":0,"comment_status":"open","ping_status":"open","sticky":false,"template":"","format":"standard","meta":{"footnotes":""},"categories":[84],"tags":[],"class_list":["post-3310","post","type-post","status-publish","format-standard","hentry","category-haber"],"_links":{"self":[{"href":"https:\/\/derstakip.app\/blog\/wp-json\/wp\/v2\/posts\/3310","targetHints":{"allow":["GET"]}}],"collection":[{"href":"https:\/\/derstakip.app\/blog\/wp-json\/wp\/v2\/posts"}],"about":[{"href":"https:\/\/derstakip.app\/blog\/wp-json\/wp\/v2\/types\/post"}],"author":[{"embeddable":true,"href":"https:\/\/derstakip.app\/blog\/wp-json\/wp\/v2\/users\/1"}],"replies":[{"embeddable":true,"href":"https:\/\/derstakip.app\/blog\/wp-json\/wp\/v2\/comments?post=3310"}],"version-history":[{"count":0,"href":"https:\/\/derstakip.app\/blog\/wp-json\/wp\/v2\/posts\/3310\/revisions"}],"wp:attachment":[{"href":"https:\/\/derstakip.app\/blog\/wp-json\/wp\/v2\/media?parent=3310"}],"wp:term":[{"taxonomy":"category","embeddable":true,"href":"https:\/\/derstakip.app\/blog\/wp-json\/wp\/v2\/categories?post=3310"},{"taxonomy":"post_tag","embeddable":true,"href":"https:\/\/derstakip.app\/blog\/wp-json\/wp\/v2\/tags?post=3310"}],"curies":[{"name":"wp","href":"https:\/\/api.w.org\/{rel}","templated":true}]}}