{"id":3144,"date":"2025-10-04T12:39:36","date_gmt":"2025-10-04T09:39:36","guid":{"rendered":"https:\/\/derstakip.app\/blog\/2025-yks-calisma-programi-1-dunya-savasina-etkili-hazirlik-yontemleri\/"},"modified":"2025-10-04T12:39:36","modified_gmt":"2025-10-04T09:39:36","slug":"2025-yks-calisma-programi-1-dunya-savasina-etkili-hazirlik-yontemleri","status":"publish","type":"post","link":"https:\/\/derstakip.app\/blog\/2025-yks-calisma-programi-1-dunya-savasina-etkili-hazirlik-yontemleri\/","title":{"rendered":"2025 YKS \u00c7al\u0131\u015fma Program\u0131: 1. D\u00fcnya Sava\u015f\u0131&#8217;na Etkili Haz\u0131rl\u0131k Y\u00f6ntemleri"},"content":{"rendered":"<p>2025 YKS \u00c7al\u0131\u015fma Program\u0131 i\u00e7erisinde 1. D\u00fcnya Sava\u015f\u0131 konusuna etkili bir \u015fekilde haz\u0131rlanmak, Tarih-2 dersinde ba\u015far\u0131l\u0131 olman\u0131z i\u00e7in olduk\u00e7a kritik. 2025 AYT \u00c7al\u0131\u015fma Program\u0131 kapsam\u0131nda bu a\u015famalar\u0131 do\u011fru bir \u015fekilde uygulamak, hem bilgi da\u011farc\u0131\u011f\u0131n\u0131z\u0131 geni\u015fletecek hem de s\u0131nav stratejinizi g\u00fc\u00e7lendirecektir. Bir\u00e7ok \u00f6\u011frenci i\u00e7in tarih dersleri genellikle yo\u011fun ve karma\u015f\u0131k bilgiler i\u00e7erir. Ama merak etmeyin, bu yaz\u0131da 1. D\u00fcnya Sava\u015f\u0131\u2019na nas\u0131l haz\u0131rlanabilece\u011finizi ad\u0131m ad\u0131m inceleyece\u011fiz! \ud83c\udf0d<\/p>\n<h2>1. D\u00fcnya Sava\u015f\u0131\u2019n\u0131n Temel Kavramlar\u0131<\/h2>\n<p>\u00d6ncelikle, 1. D\u00fcnya Sava\u015f\u0131\u2019n\u0131n temel kavramlar\u0131n\u0131 ve olaylar\u0131n\u0131 anlamak, bu konuda sa\u011flam bir temel olu\u015fturacakt\u0131r. Sava\u015f\u0131n nedenleri, cepheler, \u00f6nemli olaylar ve sonu\u00e7lar \u00fczerinde durmal\u0131s\u0131n\u0131z. Bu konular\u0131 a\u00e7\u0131klayan k\u0131sa notlar, zihninizde bilgileri taze tutman\u0131za yard\u0131mc\u0131 olur.<\/p>\n<h3>\u00d6nemli Tarihler ve Olaylar<\/h3>\n<p>1. D\u00fcnya Sava\u015f\u0131\u2019nda her tarih ve olay\u0131n bir \u00f6nemi vard\u0131r. Tarihleri ezberlemek yerine, olaylar\u0131n tarihleri ile birlikte anlam\u0131n\u0131 kavramak \u00e7ok daha etkili bir y\u00f6ntemdir. \u00d6rne\u011fin, 28 Temmuz 1914\u2019te Avusturya-Macaristan&#8217;\u0131n S\u0131rbistan&#8217;a sava\u015f ilan etmesi, sadece bir tarih de\u011fil, ayn\u0131 zamanda sava\u015f\u0131n patlak vermesine neden olan karma\u015f\u0131k ili\u015fkilerin de ba\u015flang\u0131c\u0131d\u0131r. Bu t\u00fcr olaylar\u0131 g\u00f6rselle\u015ftirerek bir zaman \u00e7izelgesi olu\u015fturabilirsiniz. \ud83d\uddd3\ufe0f<\/p>\n<h2>\u00c7al\u0131\u015fma Teknikleri<\/h2>\n<p>1. D\u00fcnya Sava\u015f\u0131 konusuna y\u00f6nelik \u00e7al\u0131\u015f\u0131rken kullanabilece\u011finiz baz\u0131 etkili tekniklerden bahsedelim:<\/p>\n<h3>Not Alma Y\u00f6ntemleri<\/h3>\n<p>Not al\u0131rken, \u00f6nemli bilgileri vurgulamak ve renkli kalemler kullanmak, bilgilerinizi daha \u00e7ekici hale getirebilir. Ayr\u0131ca, notlar\u0131n\u0131z\u0131 d\u00fczenleyerek d\u00f6nem d\u00f6nem g\u00f6zden ge\u00e7irmeniz, bilgilerin ak\u0131lda kal\u0131c\u0131l\u0131\u011f\u0131n\u0131 art\u0131r\u0131r. B\u00f6ylece, an\u0131nda geri d\u00f6n\u00fcp g\u00f6z atabilirsiniz. G\u00f6zden ge\u00e7irme, \u00f6\u011frenmenin en \u00f6nemli a\u015famalar\u0131ndan biridir.<\/p>\n<h3>G\u00f6rsel Ara\u00e7lar ve Haritalar<\/h3>\n<p>G\u00f6rsel \u00f6\u011frenmeye y\u00f6nelik par\u00e7alar, bellek a\u015faman\u0131z\u0131 da g\u00fc\u00e7lendirebilir. Haritalar ve infografikler kullanarak sava\u015f cephelerini \u00f6\u011frenmek, hayal g\u00fcc\u00fcn\u00fcz\u00fc geli\u015ftirir. Ayr\u0131ca, bunlar\u0131 arkada\u015flar\u0131n\u0131zla payla\u015fmak, birlikte \u00e7al\u0131\u015farak bilgilerinizi peki\u015ftirmenizi sa\u011flar.<\/p>\n<h2>Pratik Yapman\u0131n \u00d6nemi<\/h2>\n<p>Yaln\u0131zca teorik bilgilere odaklanmak yeterli de\u011fildir. \u00c7\u00f6zd\u00fc\u011f\u00fcn\u00fcz soru say\u0131s\u0131n\u0131 art\u0131rarak ger\u00e7ek s\u0131nav deneyimi ya\u015famaya ba\u015flayabilirsiniz. Bu, hem s\u0131nav tekniklerinizi geli\u015ftirir hem de zaman y\u00f6netimi konusunda size yard\u0131mc\u0131 olur. Soru bankalar\u0131ndan yararlan\u0131n, deneme s\u0131navlar\u0131 yap\u0131n ve bu a\u015famada hatalar\u0131n\u0131z\u0131 g\u00f6zden ge\u00e7irin.<\/p>\n<h3>Deneme S\u0131navlar\u0131 ile \u0130lerleme Kaydetme<\/h3>\n<p>Deneme s\u0131navlar\u0131, 2025 AYT \u00c7al\u0131\u015fma Program\u0131 i\u00e7in bir olmazsa olmazd\u0131r. Bu s\u0131navlar sayesinde, hangi konularda hata yapt\u0131\u011f\u0131n\u0131z\u0131 \u00f6\u011frenebilir ve o konulara daha fazla odaklanabilirsiniz. Akl\u0131n\u0131zda her zaman hat\u0131rlaman\u0131z gereken bir \u015fey var: Hatalar, \u00f6\u011frenmemizin en etkili yollar\u0131ndan biridir!<\/p>\n<h2>\u00d6zellikle Dikkat Edilmesi Gerekenler<\/h2>\n<p>1. D\u00fcnya Sava\u015f\u0131 hakk\u0131nda derinlemesine bilgi sahibi olman\u0131n yan\u0131nda, analiz yetene\u011finizi geli\u015ftirmek de bir o kadar \u00f6nemlidir. Sava\u015f\u0131n sosyo-politik etkilerini anlamak, konuyla ilgili daha kapsaml\u0131 bilgi edinmenizi sa\u011flar. Devrik c\u00fcmleler \u00fczerinden d\u00fc\u015f\u00fcnmek de bilginizin derinle\u015fmesi i\u00e7in faydal\u0131d\u0131r.<\/p>\n<h3>Arkada\u015f Grubuyla \u00c7al\u0131\u015fmak<\/h3>\n<p>Birlikte \u00e7al\u0131\u015farak konular\u0131 tart\u0131\u015fmak, bilgilerinizi daha iyi anlaman\u0131za yard\u0131mc\u0131 olur. Arkada\u015f grubunuzla 1. D\u00fcnya Sava\u015f\u0131\u2019n\u0131 tart\u0131\u015fabilir veya birlikte notlar \u00e7\u0131karabilirsiniz. D\u00fczenli sosyal etkile\u015fim, \u00f6\u011frendi\u011finiz bilgilerin peki\u015fmesini sa\u011flar. \ud83d\udcac<\/p>\n<h2>Sonu\u00e7<\/h2>\n<p>Son olarak, 2025 YKS \u00c7al\u0131\u015fma Program\u0131 kapsam\u0131nda 1. D\u00fcnya Sava\u015f\u0131\u2019na etkili bir \u015fekilde haz\u0131rlanmak i\u00e7in yukar\u0131da bahsedilen y\u00f6ntemleri uygulamaktan \u00e7ekinmeyin. Planl\u0131 \u00e7al\u0131\u015farak hedeflerinize ula\u015fabilirsiniz. Unutmay\u0131n, her g\u00fcn bir ad\u0131m daha atmak sizi ba\u015far\u0131ya yakla\u015ft\u0131racakt\u0131r!<\/p>\n","protected":false},"excerpt":{"rendered":"<p>2025 YKS \u00c7al\u0131\u015fma Program\u0131 i\u00e7erisinde 1. D\u00fcnya Sava\u015f\u0131 konusuna etkili bir \u015fekilde haz\u0131rlanmak, Tarih-2 dersinde ba\u015far\u0131l\u0131 olman\u0131z i\u00e7in olduk\u00e7a kritik. 2025 AYT \u00c7al\u0131\u015fma Program\u0131 kapsam\u0131nda bu a\u015famalar\u0131 do\u011fru bir \u015fekilde uygulamak, hem bilgi da\u011farc\u0131\u011f\u0131n\u0131z\u0131 geni\u015fletecek hem de s\u0131nav stratejinizi g\u00fc\u00e7lendirecektir. Bir\u00e7ok \u00f6\u011frenci i\u00e7in tarih dersleri genellikle yo\u011fun ve karma\u015f\u0131k bilgiler i\u00e7erir. Ama merak etmeyin, bu&#8230;<\/p>\n","protected":false},"author":1,"featured_media":3143,"comment_status":"open","ping_status":"open","sticky":false,"template":"","format":"standard","meta":{"footnotes":""},"categories":[58,55],"tags":[],"class_list":["post-3144","post","type-post","status-publish","format-standard","has-post-thumbnail","hentry","category-tyt-fizik-calisma-programi","category-tyt-calisma-programi"],"_links":{"self":[{"href":"https:\/\/derstakip.app\/blog\/wp-json\/wp\/v2\/posts\/3144","targetHints":{"allow":["GET"]}}],"collection":[{"href":"https:\/\/derstakip.app\/blog\/wp-json\/wp\/v2\/posts"}],"about":[{"href":"https:\/\/derstakip.app\/blog\/wp-json\/wp\/v2\/types\/post"}],"author":[{"embeddable":true,"href":"https:\/\/derstakip.app\/blog\/wp-json\/wp\/v2\/users\/1"}],"replies":[{"embeddable":true,"href":"https:\/\/derstakip.app\/blog\/wp-json\/wp\/v2\/comments?post=3144"}],"version-history":[{"count":0,"href":"https:\/\/derstakip.app\/blog\/wp-json\/wp\/v2\/posts\/3144\/revisions"}],"wp:featuredmedia":[{"embeddable":true,"href":"https:\/\/derstakip.app\/blog\/wp-json\/wp\/v2\/media\/3143"}],"wp:attachment":[{"href":"https:\/\/derstakip.app\/blog\/wp-json\/wp\/v2\/media?parent=3144"}],"wp:term":[{"taxonomy":"category","embeddable":true,"href":"https:\/\/derstakip.app\/blog\/wp-json\/wp\/v2\/categories?post=3144"},{"taxonomy":"post_tag","embeddable":true,"href":"https:\/\/derstakip.app\/blog\/wp-json\/wp\/v2\/tags?post=3144"}],"curies":[{"name":"wp","href":"https:\/\/api.w.org\/{rel}","templated":true}]}}