{"id":304,"date":"2023-03-26T12:30:00","date_gmt":"2023-03-26T09:30:00","guid":{"rendered":"https:\/\/derstakip.app\/blog\/?p=304"},"modified":"2023-03-26T13:28:06","modified_gmt":"2023-03-26T10:28:06","slug":"tyt-fizik-konu-dagilimi-yks-fiz","status":"publish","type":"post","link":"https:\/\/derstakip.app\/blog\/tyt-fizik-konu-dagilimi-yks-fiz\/","title":{"rendered":"TYT Fizik Konu Da\u011f\u0131l\u0131m\u0131: 2023 YKS Fizik Soru Da\u011f\u0131l\u0131m\u0131"},"content":{"rendered":"\n<p>Yaz\u0131n\u0131n devam\u0131nda verdi\u011fimiz tablo, Temel Yeterlilik S\u0131nav\u0131&#8217;n\u0131n fizik m\u00fcfredat\u0131n\u0131 kapsayan konular\u0131n ve bu TYT fizik konular\u0131n genel a\u00e7\u0131klamas\u0131n\u0131n yan\u0131 s\u0131ra 2018-2022 y\u0131llar\u0131 aras\u0131ndaki \u00e7\u0131km\u0131\u015f soru say\u0131lar\u0131n\u0131 i\u00e7ermekte. TYT Fizik konu da\u011f\u0131l\u0131m\u0131n\u0131n yan\u0131nda hangi konunun hangi s\u0131n\u0131fa ait oldu\u011fu veriler de tabloda bulunmakta. Tablodaki veriler, \u00f6\u011frencilerin fizik s\u0131navlar\u0131na haz\u0131rlan\u0131rken hangi konulara daha fazla \u00f6nem vermeleri gerekti\u011fi konusunda fikir sahibi olmalar\u0131na yard\u0131mc\u0131 olabilir.<\/p>\n\n\n\n<p>Tablodaki verilere bakt\u0131\u011f\u0131m\u0131zda, &#8220;Hareket ve Kuvvet&#8221; konusunun 2018-2022 y\u0131llar\u0131 aras\u0131nda her sene \u00e7\u0131km\u0131\u015f oldu\u011funu g\u00f6r\u00fcyoruz. Bu da bu konunun s\u0131navda b\u00fcy\u00fck bir \u00f6neme sahip oldu\u011funu g\u00f6stermektedir. Ayr\u0131ca, &#8220;Madde ve \u00d6zellikleri&#8221; ve &#8220;Is\u0131, S\u0131cakl\u0131k ve Genle\u015fme&#8221; konular\u0131 da s\u0131navlarda s\u0131k s\u0131k kar\u015f\u0131la\u015f\u0131lan konular aras\u0131nda yer almaktad\u0131r. TYT Fizik konu da\u011f\u0131l\u0131m\u0131n\u0131 g\u00f6rebilece\u011finiz tabloda YKS fizik&#8217;te hangi konular\u0131n ne s\u0131kl\u0131kla \u00e7\u0131kt\u0131\u011f\u0131n\u0131 detayl\u0131ca ele alaca\u011f\u0131z.<\/p>\n\n\n\n<p>Bununla birlikte, &#8220;Elektrik Ak\u0131m\u0131 ve Devreler&#8221; ve &#8220;M\u0131knat\u0131slar ve Manyetizma&#8221; gibi konular\u0131n YKS fizik&#8217;te \u00e7\u0131km\u0131\u015f soru say\u0131lar\u0131 d\u00fc\u015f\u00fck g\u00f6r\u00fcnmektedir. Ancak, bu konular\u0131n da \u00f6nemini g\u00f6z ard\u0131 etmemek gerekir \u00e7\u00fcnk\u00fc baz\u0131 s\u0131navlarda bu konulardan sorular \u00e7\u0131kabilir.<\/p>\n\n\n\n<p><\/p>\n\n\n\n<figure class=\"wp-block-image size-large\"><img decoding=\"async\" width=\"1024\" height=\"576\" src=\"https:\/\/derstakip.app\/blog\/wp-content\/uploads\/2023\/03\/tyt-fizik-son-yillarin-konu-dagilimi-1024x576.jpg\" alt=\"tyt fizik son y\u0131llar\u0131n konu da\u011f\u0131l\u0131m\u0131\" class=\"wp-image-309\" srcset=\"https:\/\/derstakip.app\/blog\/wp-content\/uploads\/2023\/03\/tyt-fizik-son-yillarin-konu-dagilimi-1024x576.jpg 1024w, https:\/\/derstakip.app\/blog\/wp-content\/uploads\/2023\/03\/tyt-fizik-son-yillarin-konu-dagilimi-300x169.jpg 300w, https:\/\/derstakip.app\/blog\/wp-content\/uploads\/2023\/03\/tyt-fizik-son-yillarin-konu-dagilimi-768x432.jpg 768w, https:\/\/derstakip.app\/blog\/wp-content\/uploads\/2023\/03\/tyt-fizik-son-yillarin-konu-dagilimi-1536x864.jpg 1536w, https:\/\/derstakip.app\/blog\/wp-content\/uploads\/2023\/03\/tyt-fizik-son-yillarin-konu-dagilimi.jpg 1600w\" sizes=\"(max-width: 1024px) 100vw, 1024px\" \/><\/figure>\n\n\n\n<h2 class=\"wp-block-heading\">TYT Fizik Konu Da\u011f\u0131l\u0131m\u0131 Tablosu<\/h2>\n\n\n\n<p>Bu tablo \u00f6\u011frencilerin fizik s\u0131navlar\u0131na haz\u0131rlan\u0131rken hangi konulara daha fazla \u00f6nem vermeleri gerekti\u011fi konusunda fikir sahibi olmalar\u0131na yard\u0131mc\u0131 olacakt\u0131r. Yaz\u0131n\u0131n devam\u0131nda TYT Fizik soru da\u011f\u0131l\u0131m\u0131na g\u00f6re hangi konuya daha \u00e7ok \u00f6nem verilebilece\u011fini konu\u015faca\u011f\u0131z. Ancak, bu veriler sadece bir rehber niteli\u011findedir ve \u00f6\u011frencilerin s\u0131nava haz\u0131rlan\u0131rken t\u00fcm TYT fizik konular\u0131n\u0131 iyi bir \u015fekilde anlamalar\u0131 ve \u00e7al\u0131\u015fmalar\u0131 \u00f6nemlidir.<\/p>\n\n\n\n<figure class=\"wp-block-table\"><table><thead><tr><th scope=\"col\">Konu Ba\u015fl\u0131\u011f\u0131<\/th><th scope=\"col\">\u0130\u015flendi\u011fi S\u0131n\u0131f<\/th><th scope=\"col\">2018<\/th><th scope=\"col\">2019<\/th><th scope=\"col\">2020<\/th><th scope=\"col\">2021<\/th><th scope=\"col\">2022<\/th><\/tr><\/thead><tbody><tr><td>Fizik Bilimine Giri\u015f <\/td><td>9. S\u0131n\u0131f<\/td><td>1<\/td><td>\u2013<\/td><td>1<\/td><td>\u2013<\/td><td>\u2013<\/td><\/tr><tr><td>Madde ve \u00d6zellikleri<\/td><td>9. S\u0131n\u0131f<\/td><td>\u2013<\/td><td>1<\/td><td>\u2013<\/td><td>1<\/td><td>1<\/td><\/tr><tr><td>Hareket ve Kuvvet<\/td><td>9. S\u0131n\u0131f<\/td><td>1<\/td><td>1<\/td><td>1<\/td><td>1<\/td><td>1<\/td><\/tr><tr><td>\u0130\u015f, G\u00fc\u00e7 ve Enerji I<\/td><td>9. S\u0131n\u0131f<\/td><td>\u2013<\/td><td>1<\/td><td>\u2013<\/td><td>\u2013<\/td><td>\u2013<\/td><\/tr><tr><td>Is\u0131, S\u0131cakl\u0131k ve Genle\u015fme<\/td><td>9. S\u0131n\u0131f<\/td><td>1<\/td><td>1<\/td><td>\u2013<\/td><td>1<\/td><td>1<\/td><\/tr><tr><td>Elektrostatik<\/td><td>9. S\u0131n\u0131f<\/td><td>1<\/td><td>\u2013<\/td><td>\u2013<\/td><td>\u2013<\/td><td>1<\/td><\/tr><tr><td>Elektrik Ak\u0131m\u0131 ve Devreler<\/td><td>10. S\u0131n\u0131f<\/td><td>\u2013<\/td><td>1<\/td><td>1<\/td><td>1<\/td><td>\u2013<\/td><\/tr><tr><td>M\u0131knat\u0131slar ve Manyetizma<\/td><td>10. S\u0131n\u0131f<\/td><td>\u2013<\/td><td>\u2013<\/td><td>\u2013<\/td><td>\u2013<\/td><td>\u2013<\/td><\/tr><tr><td>Bas\u0131n\u00e7<\/td><td>10. S\u0131n\u0131f<\/td><td>\u2013<\/td><td>\u2013<\/td><td>1<\/td><td>1<\/td><td>1<\/td><\/tr><tr><td>Kald\u0131rma Kuvveti<\/td><td>10. S\u0131n\u0131f<\/td><td>1<\/td><td>\u2013<\/td><td>1<\/td><td>\u2013<\/td><td>\u2013<\/td><\/tr><tr><td>Dalgalara Giri\u015f ve Yay Dalgalar\u0131<\/td><td>10. S\u0131n\u0131f<\/td><td>\u2013<\/td><td>\u2013<\/td><td>1<\/td><td>1<\/td><td>\u2013<\/td><\/tr><tr><td>Su, Ses ve Deprem Dalgalar\u0131<\/td><td>10. S\u0131n\u0131f<\/td><td>\u2013<\/td><td>\u2013<\/td><td>\u2013<\/td><td>\u2013<\/td><td>1<\/td><\/tr><tr><td>Ayd\u0131nlanma, G\u00f6lge ve D\u00fczlem Aynalar<\/td><td>10. S\u0131n\u0131f<\/td><td>1<\/td><td>1<\/td><td>\u2013<\/td><td>\u2013<\/td><td>1<\/td><\/tr><tr><td>K\u00fcresel Aynalar<\/td><td>10. S\u0131n\u0131f<\/td><td>\u2013<\/td><td>\u2013<\/td><td>\u2013<\/td><td>\u2013<\/td><td>\u2013<\/td><\/tr><tr><td>I\u015f\u0131\u011f\u0131n K\u0131r\u0131lmas\u0131 ve Renkler<\/td><td>10. S\u0131n\u0131f<\/td><td>1<\/td><td>1<\/td><td>1<\/td><td>\u2013<\/td><td>\u2013<\/td><\/tr><tr><td>Mercekler ve Optik Ara\u00e7lar<\/td><td>10. S\u0131n\u0131f<\/td><td>\u2013<\/td><td>\u2013<\/td><td>\u2013<\/td><td>1<\/td><td>\u2013<\/td><\/tr><\/tbody><\/table><figcaption class=\"wp-element-caption\">Temel Yeterlilik S\u0131nav\u0131 y\u0131llara g\u00f6re soru da\u011f\u0131l\u0131m\u0131<\/figcaption><\/figure>\n\n\n\n<h2 class=\"wp-block-heading\">YKS Fizik Konu \u00d6nem S\u0131ras\u0131<\/h2>\n\n\n\n<p>Tablodaki verilere g\u00f6re, kaba bir \u015fekilde TYT fizik hangi konulara \u00e7al\u0131\u015fmal\u0131y\u0131m sorusunun cevab\u0131n\u0131 yorumlayabiliriz. Tabii ki unutmamak gerekir ki son 5 senede \u00e7\u0131kmayan konular\u0131n gelecek s\u0131nav olan 2023 Temel Yeterlilik S\u0131nav\u0131&#8217;nda \u00e7\u0131kma ihtimali az\u0131msanmayacak derecede bulunmakta. Bu y\u00fczden 2023 TYT Fizik hangi konulara \u00e7al\u0131\u015f\u0131lmal\u0131, a\u015fa\u011f\u0131daki s\u0131raya g\u00f6re incelenebilir:<\/p>\n\n\n\n<ol class=\"wp-block-list\">\n<li>Hareket ve Kuvvet: Bu konu, s\u0131navlarda en s\u0131k \u00e7\u0131kan konulardan biridir. YKS Fizikte temel bir konu olan hareket ve kuvvet, g\u00fcnl\u00fck hayatta da s\u0131k\u00e7a kar\u015f\u0131la\u015f\u0131lan kavramlard\u0131r. Bu nedenle bu konunun \u00f6\u011frenilmesi, fizik dersinde ba\u015far\u0131l\u0131 olmak i\u00e7in \u00f6nemlidir.<\/li>\n\n\n\n<li>Madde ve \u00d6zellikleri: Maddenin \u00f6zellikleri, YKS fizik dersinin temel konular\u0131ndan biridir. Bu konu, s\u0131navlarda s\u0131k\u00e7a \u00e7\u0131kar ve \u00f6\u011frencilerin ba\u015far\u0131l\u0131 olmas\u0131 i\u00e7in \u00f6\u011frenilmesi gereken \u00f6nemli bir konudur.<\/li>\n\n\n\n<li>Is\u0131, S\u0131cakl\u0131k ve Genle\u015fme: Bu konu da s\u0131navlarda y\u00fcksek oranda \u00e7\u0131kmaktad\u0131r ve \u00f6\u011frencilerin \u00e7al\u0131\u015fmalar\u0131 gereken bir konudur. Is\u0131, s\u0131cakl\u0131k ve genle\u015fme kavramlar\u0131, g\u00fcnl\u00fck hayatta s\u0131k\u00e7a kar\u015f\u0131la\u015f\u0131lan kavramlard\u0131r ve bu nedenle \u00f6\u011frenilmesi, fizik dersinde ba\u015far\u0131l\u0131 olmak i\u00e7in \u00f6nemlidir.<\/li>\n\n\n\n<li>Ayd\u0131nlanma, G\u00f6lge ve D\u00fczlem Aynalar: Bu konu, TYT Fizik&#8217;te s\u0131k\u00e7a \u00e7\u0131kan bir konudur ve \u00f6\u011frencilerin \u00e7al\u0131\u015fmalar\u0131 gereken bir konudur. Ayd\u0131nlanma, g\u00f6lge ve d\u00fczlem aynalar, fizik dersinin temel konular\u0131ndan biridir ve \u00f6\u011frenilmesi, s\u0131navlarda ba\u015far\u0131l\u0131 olmak i\u00e7in \u00f6nemlidir.<\/li>\n\n\n\n<li>Bas\u0131n\u00e7: Bu konu son y\u0131llarda s\u0131navlarda daha s\u0131k \u00e7\u0131kmaya ba\u015flam\u0131\u015ft\u0131r ve \u00f6\u011frencilerin \u00e7al\u0131\u015fmalar\u0131 gereken bir konudur. Bas\u0131n\u00e7 kavram\u0131, g\u00fcnl\u00fck hayatta da s\u0131k\u00e7a kullan\u0131lan bir kavramd\u0131r ve \u00f6\u011frenilmesi, fizik dersinde ba\u015far\u0131l\u0131 olmak i\u00e7in \u00f6nemlidir.<\/li>\n<\/ol>\n\n\n\n<p><a href=\"https:\/\/derstakip.app\/blog\/blog\/2023\/03\/20\/tyt-fizik-bitir-konular-ders-programi-calisma\/\" data-type=\"post\" data-id=\"7\">TYT Fizik Detayl\u0131 \u00c7al\u0131\u015fma Rehberi Yaz\u0131m\u0131za G\u00f6z Atabilirsin<\/a><\/p>\n\n\n\n<p>Bu konular, \u00f6\u011frencilerin fizik dersinde ba\u015far\u0131l\u0131 olmalar\u0131 i\u00e7in en \u00f6nemli konulard\u0131r. Bu konular\u0131n \u00f6\u011frenilmesi, s\u0131navlarda y\u00fcksek ba\u015far\u0131 sa\u011flaman\u0131n yan\u0131 s\u0131ra, g\u00fcnl\u00fck hayatta da kar\u015f\u0131la\u015f\u0131lan kavramlar\u0131n anla\u015f\u0131lmas\u0131na yard\u0131mc\u0131 olacakt\u0131r.<\/p>\n\n\n\n<p><\/p>\n\n\n\n<figure class=\"wp-block-image size-large\"><img decoding=\"async\" width=\"1024\" height=\"576\" src=\"https:\/\/derstakip.app\/blog\/wp-content\/uploads\/2023\/03\/derstakip-odaklanma-uygulamasi-1024x576.jpg\" alt=\"\" class=\"wp-image-306\" srcset=\"https:\/\/derstakip.app\/blog\/wp-content\/uploads\/2023\/03\/derstakip-odaklanma-uygulamasi-1024x576.jpg 1024w, https:\/\/derstakip.app\/blog\/wp-content\/uploads\/2023\/03\/derstakip-odaklanma-uygulamasi-300x169.jpg 300w, https:\/\/derstakip.app\/blog\/wp-content\/uploads\/2023\/03\/derstakip-odaklanma-uygulamasi-768x432.jpg 768w, https:\/\/derstakip.app\/blog\/wp-content\/uploads\/2023\/03\/derstakip-odaklanma-uygulamasi-1536x864.jpg 1536w, https:\/\/derstakip.app\/blog\/wp-content\/uploads\/2023\/03\/derstakip-odaklanma-uygulamasi.jpg 1600w\" sizes=\"(max-width: 1024px) 100vw, 1024px\" \/><\/figure>\n\n\n\n<h2 class=\"wp-block-heading\">Ders Takip ile Hangi Konulara \u00c7al\u0131\u015ft\u0131\u011f\u0131n\u0131z\u0131 Takip Edin<\/h2>\n\n\n\n<p><a href=\"https:\/\/derstakip.app\">Ders Takip<\/a>, kullan\u0131c\u0131lar\u0131n \u00e7al\u0131\u015fma s\u00fcrelerini takip edebilmelerine ve verimliliklerini art\u0131rabilmelerine yard\u0131mc\u0131 olan bir uygulamad\u0131r. Ak\u0131ll\u0131 bir zamanlay\u0131c\u0131, \u00e7al\u0131\u015fma s\u00fcresi ve \u00e7\u00f6z\u00fclen sorular \u00fczerine istatistikler ve ileriye d\u00f6n\u00fck kaydetme \u00f6zellikleri gibi \u00f6zellikler i\u00e7erir. Uygulama, hem <a href=\"https:\/\/apple.co\/3Dveli8\" target=\"_blank\" rel=\"noopener\">App Store<\/a> hem de <a href=\"https:\/\/bit.ly\/3gCsiBE\" target=\"_blank\" rel=\"noopener\">Google Play<\/a>&#8216;den indirilebilir.<br><br>Ders Takip uygulamas\u0131, TYT Fizik \u00e7al\u0131\u015fmalar\u0131 i\u00e7in olduk\u00e7a faydal\u0131 olabilir. Uygulaman\u0131n sundu\u011fu \u00f6zellikler sayesinde \u00f6\u011frencilerin \u00e7al\u0131\u015fma verimleri artt\u0131r\u0131labilece\u011fi gibi, \u00e7al\u0131\u015fma planlama konusunda da yard\u0131mc\u0131 olabilir.<\/p>\n\n\n\n<p>\u00d6rne\u011fin, uygulaman\u0131n ak\u0131ll\u0131 zamanlay\u0131c\u0131s\u0131 sayesinde \u00f6\u011frenciler \u00e7al\u0131\u015fma s\u00fcrelerini takip edebilirler ve belirli bir s\u00fcre boyunca \u00e7al\u0131\u015ft\u0131ktan sonra mola vermeleri gerekti\u011fini hat\u0131rlat\u0131r. Bu, \u00f6\u011frencilerin \u00e7al\u0131\u015fma s\u00fcrelerini d\u00fczenli olarak ayarlamalar\u0131na ve kendilerine verimli bir \u00e7al\u0131\u015fma s\u00fcreci olu\u015fturmalar\u0131na yard\u0131mc\u0131 olabilir.<\/p>\n\n\n\n<p>Ayr\u0131ca, uygulaman\u0131n \u00e7\u00f6z\u00fclen sorular \u00fczerine istatistikler sunmas\u0131, \u00f6\u011frencilerin hangi konularda daha \u00e7ok \u00e7al\u0131\u015fmalar\u0131 gerekti\u011fini anlamalar\u0131na ve kendilerini daha iyi haz\u0131rlamalar\u0131na yard\u0131mc\u0131 olabilir. Uygulama ayr\u0131ca, \u00f6\u011frencilerin kaydettikleri sorular\u0131 ileriye d\u00f6n\u00fck olarak saklamalar\u0131na olanak tan\u0131r, b\u00f6ylece s\u0131nav \u00f6ncesi tekrar yapmak istedikleri sorular\u0131 kolayca bulabilirler.<\/p>\n\n\n\n<p>T\u00fcm bu \u00f6zellikler, odaklanma yard\u0131mc\u0131s\u0131 Ders Takip uygulamas\u0131n\u0131n TYT Fizik \u00e7al\u0131\u015fmalar\u0131nda \u00f6\u011frencilere yard\u0131mc\u0131 olabilecek bir ara\u00e7 oldu\u011funu g\u00f6stermektedir.<\/p>\n\n\n\n<figure class=\"wp-block-image size-large\"><img decoding=\"async\" width=\"1024\" height=\"576\" src=\"https:\/\/derstakip.app\/blog\/wp-content\/uploads\/2023\/03\/tyt-fizik-tum-konular-1024x576.jpg\" alt=\"\" class=\"wp-image-307\" srcset=\"https:\/\/derstakip.app\/blog\/wp-content\/uploads\/2023\/03\/tyt-fizik-tum-konular-1024x576.jpg 1024w, https:\/\/derstakip.app\/blog\/wp-content\/uploads\/2023\/03\/tyt-fizik-tum-konular-300x169.jpg 300w, https:\/\/derstakip.app\/blog\/wp-content\/uploads\/2023\/03\/tyt-fizik-tum-konular-768x432.jpg 768w, https:\/\/derstakip.app\/blog\/wp-content\/uploads\/2023\/03\/tyt-fizik-tum-konular-1536x864.jpg 1536w, https:\/\/derstakip.app\/blog\/wp-content\/uploads\/2023\/03\/tyt-fizik-tum-konular.jpg 1600w\" sizes=\"(max-width: 1024px) 100vw, 1024px\" \/><\/figure>\n\n\n\n<h2 class=\"wp-block-heading\">TYT Fizik T\u00fcm Konular Genel \u0130nceleme<\/h2>\n\n\n\n<p>Yaz\u0131n\u0131n bu k\u0131sm\u0131nda TYT Fizik s\u0131nav\u0131nda kar\u015f\u0131la\u015fabilece\u011finiz t\u00fcm konular\u0131 derledik. Optik, mekanik, elektromanyetizma, \u0131s\u0131 ve termodinamik, dalga hareketleri, modern fizik ve kinematik gibi bir\u00e7ok konu, TYT Fizik s\u0131nav\u0131nda yer al\u0131r. Bu konular, do\u011fa ve evrenin davran\u0131\u015f\u0131 ve \u00f6zellikleri \u00fczerine yap\u0131lan ara\u015ft\u0131rmalar\u0131 i\u00e7erir. S\u0131nava haz\u0131rlan\u0131rken, konular\u0131 anlamak ve temel prensiplerini \u00f6\u011frenmek \u00f6nemlidir. Ayr\u0131ca, deneylerin yap\u0131lmas\u0131 ve fiziksel olaylar\u0131n g\u00f6zlemlenmesi, konular\u0131n daha iyi anla\u015f\u0131lmas\u0131na yard\u0131mc\u0131 olur. Bu konuda <a target=\"_blank\" rel=\"noreferrer noopener\" href=\"https:\/\/youtube.com\">YouTube<\/a> \u00fczerinden <a target=\"_blank\" rel=\"noreferrer noopener\" href=\"https:\/\/www.youtube.com\/watch?v=r_Fhd62C3Fk\">Ertan Sinan \u015eahin,<\/a> <a target=\"_blank\" rel=\"noreferrer noopener\" href=\"https:\/\/www.youtube.com\/watch?v=dwyenQSkWn4&amp;list=PL5kIOunpmSBON_uyufuL2PLVOcVOyzYCl\">Benim Hocam<\/a> gibi bir\u00e7ok kanaldan faydalanabilirsiniz. TYT Fizik s\u0131nav\u0131na haz\u0131rlan\u0131rken, konular\u0131 derleyerek ve bol bol pratik yaparak ba\u015far\u0131l\u0131 bir sonu\u00e7 elde edebilirsiniz.<\/p>\n\n\n\n<h3 class=\"wp-block-heading\">Fizik Bilimine Giri\u015f<\/h3>\n\n\n\n<p>Fizik bilimi, do\u011fal d\u00fcnyay\u0131 anlamaya y\u00f6nelik bir bilim dal\u0131d\u0131r. Fiziksel olaylar\u0131n temelinde yatan yasalar\u0131 inceleyerek, do\u011fan\u0131n i\u015fleyi\u015fine dair bir anlay\u0131\u015f geli\u015ftirir. Fizik bilimi, yaln\u0131zca do\u011fal d\u00fcnyay\u0131 anlamakla kalmaz, ayn\u0131 zamanda teknolojik geli\u015fmelerin de temelini olu\u015fturur. TYT Fizik konular\u0131 aras\u0131nda s\u0131navda az \u00e7\u0131kan konulardan biridir.<\/p>\n\n\n\n<p>Elektrik, manyetizma, \u0131\u015f\u0131k, enerji, hareket gibi konular\u0131n yan\u0131 s\u0131ra, atom alt\u0131 d\u00fczeydeki par\u00e7ac\u0131klar\u0131n davran\u0131\u015flar\u0131 da fizik biliminin konusudur. Fizik biliminin tarihi \u00e7ok eskiye dayan\u0131r. Antik Yunan\u2019dan ba\u015flayarak, bilim insanlar\u0131 y\u00fczy\u0131llar boyunca g\u00f6zlem ve deneyler yaparak, do\u011fan\u0131n i\u015fleyi\u015fini anlamaya \u00e7al\u0131\u015ft\u0131lar. Fizik bilimi, modern d\u00fcnyada da hala b\u00fcy\u00fck bir \u00f6neme sahip olup, bir\u00e7ok alanda kullan\u0131lmaktad\u0131r.<\/p>\n\n\n\n<h3 class=\"wp-block-heading\">Madde ve \u00d6zellikleri<\/h3>\n\n\n\n<p>Maddelerin temel \u00f6zellikleri TYT Fizik s\u0131nav\u0131nda s\u0131k \u00e7\u0131kan bir di\u011fer konudur. Maddelerin fiziksel ve kimyasal \u00f6zelliklerini ifade eder. Maddelerin yo\u011funlu\u011fu, hacmi, k\u00fctle, erime ve kaynama noktas\u0131, \u00f6zg\u00fcl \u0131s\u0131 gibi \u00f6zellikler, maddelerin tan\u0131mlanmas\u0131 ve s\u0131n\u0131fland\u0131r\u0131lmas\u0131 a\u00e7\u0131s\u0131ndan \u00f6nemlidir. Maddeler, kat\u0131, s\u0131v\u0131 ve gaz halinde olabilirler ve her halde farkl\u0131 \u00f6zellikler sergilerler. \u00d6rne\u011fin, kat\u0131 maddeler, belirli bir \u015fekle ve hacme sahiptirler ve s\u0131v\u0131lara g\u00f6re daha serttirler. S\u0131v\u0131lar ise, belirli bir \u015fekle sahip de\u011fillerdir ve hacimlerini alana g\u00f6re de\u011fi\u015ftirirler. Gazlar ise, herhangi bir \u015fekle ve hacme sahip de\u011fillerdir, ancak belirli bir bas\u0131n\u00e7 alt\u0131nda bulunabilirler. Maddelerin \u00f6zellikleri, hem do\u011fal d\u00fcnyay\u0131 anlamak hem de teknolojik geli\u015fmeler i\u00e7in son derece \u00f6nemlidir.<\/p>\n\n\n\n<h3 class=\"wp-block-heading\">Hareket ve Kuvvet<\/h3>\n\n\n\n<p>Hareket ve kuvvet, fizik biliminin temel konular\u0131ndan biridir. Hareket, bir cismin pozisyonunun zamanla de\u011fi\u015fmesi olarak tan\u0131mlan\u0131r ve bu de\u011fi\u015fim h\u0131z ve ivme ile ifade edilir. Kuvvet ise, hareketi de\u011fi\u015ftiren veya cisimlere hareket kazand\u0131ran bir etkidir. Kuvvet, bir cismin h\u0131z\u0131n\u0131, y\u00f6n\u00fcn\u00fc ve \u015feklini de\u011fi\u015ftirebilir. Bu konu TYT fizik soru da\u011f\u0131l\u0131m\u0131 tablosuna g\u00f6re en s\u0131k \u00e7\u0131kan konulardan biridir.<\/p>\n\n\n\n<p>Newton\u2019un hareket yasalar\u0131, hareket ve kuvvet aras\u0131ndaki ili\u015fkiyi a\u00e7\u0131klar. \u0130lk yasa, cisimlerin hareket halinde veya dura\u011fan halde kalacaklar\u0131na dair bir ilke belirtir. \u0130kinci yasa, kuvvetin hareketi nas\u0131l etkiledi\u011fini g\u00f6sterir ve \u00fc\u00e7\u00fcnc\u00fc yasa, her eylemin bir tepkiye neden oldu\u011funu ifade eder. Hareket ve kuvvet, bir\u00e7ok alanda kullan\u0131lan temel kavramlard\u0131r. \u00d6rne\u011fin, m\u00fchendislik, havac\u0131l\u0131k, otomotiv, uzay ara\u015ft\u0131rmalar\u0131 gibi alanlarda hareket ve kuvvet kavramlar\u0131na dayal\u0131 bir\u00e7ok tasar\u0131m yap\u0131lmaktad\u0131r.<\/p>\n\n\n\n<h3 class=\"wp-block-heading\">\u0130\u015f, G\u00fc\u00e7 ve Enerji I<\/h3>\n\n\n\n<p>YKS Fizikte i\u015f, g\u00fc\u00e7 ve enerji kavramlar\u0131, birbirleriyle yak\u0131ndan ili\u015fkilidir. \u0130\u015f, bir kuvvetin bir nesneyi belirli bir mesafede hareket ettirmesi olarak tan\u0131mlan\u0131r. G\u00fc\u00e7 ise, i\u015fin zamanla olan oran\u0131d\u0131r. Yani, ayn\u0131 i\u015fi daha k\u0131sa s\u00fcrede yapmak i\u00e7in daha fazla g\u00fcce ihtiya\u00e7 vard\u0131r. Enerji ise, bir sistemin i\u015f yapabilme yetene\u011fidir.<\/p>\n\n\n\n<p>Kinetik enerji, hareket halindeki cisimlerin enerjisini ifade ederken, potansiyel enerji, bir nesnenin y\u00fckseklik, konum veya \u015fekil de\u011fi\u015fiklikleri nedeniyle sahip oldu\u011fu enerjiyi ifade eder. Mekanik enerji korunumu yasas\u0131, bir sistemin ba\u015flang\u0131\u00e7taki enerjisi ile sonundaki enerjisi aras\u0131ndaki ili\u015fkiyi ifade eder. \u0130\u015f, g\u00fc\u00e7 ve enerji kavramlar\u0131, bir\u00e7ok alanda kullan\u0131lan temel kavramlard\u0131r. \u00d6rne\u011fin, enerji kaynaklar\u0131, enerji d\u00f6n\u00fc\u015f\u00fcmleri, elektrik enerjisi, kimyasal enerji gibi konulara dayal\u0131 bir\u00e7ok uygulama yap\u0131lmaktad\u0131r.<\/p>\n\n\n\n<h3 class=\"wp-block-heading\">Is\u0131, S\u0131cakl\u0131k ve Genle\u015fme<\/h3>\n\n\n\n<p>Is\u0131, s\u0131cakl\u0131k ve genle\u015fme, maddenin temel \u00f6zelliklerindendir. Maddenin \u0131s\u0131s\u0131n\u0131n \u00f6l\u00e7\u00fcm\u00fc, s\u0131cakl\u0131k \u00f6l\u00e7\u00fcm\u00fc ve \u0131s\u0131 al\u0131\u015fveri\u015fi, \u0131s\u0131 termodinami\u011fi kapsam\u0131nda incelenir. S\u0131cakl\u0131k, bir maddenin molek\u00fcllerinin ortalama kinetik enerjilerinin bir \u00f6l\u00e7\u00fcs\u00fcd\u00fcr. Bu nedenle, s\u0131cakl\u0131k artt\u0131k\u00e7a maddenin molek\u00fcllerinin hareketi de artar. Is\u0131, s\u0131cakl\u0131k farklar\u0131ndan kaynaklanan enerji ak\u0131\u015f\u0131d\u0131r. Is\u0131 genle\u015fmesi ise, maddenin s\u0131cakl\u0131k de\u011fi\u015fimine g\u00f6re hacminin de\u011fi\u015fmesidir. Bu konu tyt fizik konu da\u011f\u0131l\u0131m\u0131 listesinde yine s\u0131k \u00e7\u0131kan konular aras\u0131ndad\u0131r.<\/p>\n\n\n\n<p>Maddenin genle\u015fme katsay\u0131s\u0131, s\u0131cakl\u0131k de\u011fi\u015fimine g\u00f6re maddenin hacim de\u011fi\u015fikli\u011fini ifade eder. Bu katsay\u0131, maddenin \u00f6zelliklerine g\u00f6re de\u011fi\u015fir. \u00d6rne\u011fin, \u00e7elik \u00e7ok az genle\u015firken, al\u00fcminyum daha fazla genle\u015fir. Is\u0131, g\u00fcnl\u00fck ya\u015famda bir\u00e7ok alanda kullan\u0131l\u0131r. \u00d6rne\u011fin, \u0131s\u0131nma ve so\u011futma sistemleri, buzdolaplar\u0131, f\u0131r\u0131nlar ve motorlar gibi konular, \u0131s\u0131 prensiplerine dayan\u0131r.<\/p>\n\n\n\n<h3 class=\"wp-block-heading\">Elektrostatik<\/h3>\n\n\n\n<p>Elektrostatik, elektrik y\u00fcklerinin davran\u0131\u015f\u0131n\u0131 inceler. Elektrik y\u00fckleri, negatif ve pozitif y\u00fckler olarak iki t\u00fcrl\u00fcd\u00fcr. Coulomb Yasas\u0131, elektrik y\u00fcklerinin birbirlerine olan etkile\u015fimini tan\u0131mlar. Bu yasa, y\u00fckler aras\u0131ndaki kuvveti, y\u00fcklerin b\u00fcy\u00fckl\u00fcklerine ve aralar\u0131ndaki mesafeye ba\u011fl\u0131 olarak hesaplar.<\/p>\n\n\n\n<p>Elektriksel alan, bir y\u00fck\u00fcn di\u011fer y\u00fckler \u00fczerinde yaratt\u0131\u011f\u0131 kuvvet alan\u0131d\u0131r. Elektrik potansiyeli ise, bir y\u00fck\u00fcn di\u011fer y\u00fckler \u00fczerindeki potansiyel enerjisini ifade eder. Kapasit\u00f6rler, elektrik y\u00fcklerini depolamak i\u00e7in kullan\u0131lan elektriksel bile\u015fenlerdir. Elektrostatik, bir\u00e7ok alanda kullan\u0131l\u0131r. \u00d6rne\u011fin, elektrik \u00fcretimi, elektronik, telekom\u00fcnikasyon, t\u0131p ve savunma gibi alanlarda elektrostatik kavramlar\u0131na dayal\u0131 bir\u00e7ok uygulama yap\u0131lmaktad\u0131r.<\/p>\n\n\n\n<h3 class=\"wp-block-heading\">Elektrik Ak\u0131m\u0131 ve Devreler<\/h3>\n\n\n\n<p>Elektrik ak\u0131m\u0131 ve devreler, elektrik y\u00fcklerinin hareketini inceler. Elektrik ak\u0131m\u0131, bir y\u00fck\u00fcn bir noktadan di\u011ferine hareket etmesiyle olu\u015fan ak\u0131md\u0131r. Diren\u00e7, bir devrenin ak\u0131m\u0131n\u0131 s\u0131n\u0131rlayan bir \u00f6zelliktir. Ohm Yasas\u0131, ak\u0131m\u0131n gerilime ve dirence ba\u011fl\u0131 oldu\u011funu tan\u0131mlar. Seri ve paralel ba\u011fl\u0131 devreler, farkl\u0131 devre yap\u0131lar\u0131d\u0131r ve her birinin farkl\u0131 \u00f6zellikleri vard\u0131r.<\/p>\n\n\n\n<p>G\u00fc\u00e7, devrenin enerji t\u00fcketimini ifade eder ve ak\u0131m ve gerilim aras\u0131ndaki ili\u015fki ile hesaplan\u0131r. Manyetik alanlar ise, elektrik ak\u0131m\u0131 taraf\u0131ndan olu\u015fturulur ve manyetik kuvveti ifade eder. Elektrik ak\u0131m\u0131 ve devreler, bir\u00e7ok alanda kullan\u0131l\u0131r. \u00d6rne\u011fin, elektrik \u00fcretimi, elektronik, telekom\u00fcnikasyon, t\u0131p ve savunma gibi alanlarda elektrik ak\u0131m\u0131 ve devreleri kavramlar\u0131na dayal\u0131 bir\u00e7ok uygulama yap\u0131lmaktad\u0131r.<\/p>\n\n\n\n<h3 class=\"wp-block-heading\">M\u0131knat\u0131slar ve Manyetizma<\/h3>\n\n\n\n<p>Bu konu son 5 y\u0131lda g\u00f6r\u00fcnmemekte. Her ne kadar TYT fizik konu da\u011f\u0131l\u0131m\u0131 listesinde kendisini g\u00f6remesek de 2023 TYT s\u0131nav\u0131nda \u00e7\u0131kma ihtimali bulunmakta. Manyetik alan, manyetik kuvvet, m\u0131knat\u0131slar\u0131n manyetik \u00f6zellikleri ve elektromanyetik ind\u00fcksiyon gibi konular\u0131 kapsar. Manyetik alan, manyetik kutuplardan kaynaklanan bir kuvvet alan\u0131d\u0131r. Manyetik kuvvet, manyetik alanlardan kaynaklan\u0131r ve bir manyetik kutbu olan bir m\u0131knat\u0131s\u0131n di\u011fer bir manyetik kutbunun \u00e7ekim etkisine maruz kalmas\u0131 sonucu olu\u015fur.<\/p>\n\n\n\n<p>M\u0131knat\u0131slar\u0131n manyetik \u00f6zellikleri, m\u0131knat\u0131s\u0131n kutuplar\u0131ndan kaynaklanan manyetik alan\u0131n etkilerini ifade eder. Elektromanyetik ind\u00fcksiyon ise, manyetik alan\u0131n de\u011fi\u015fimi sonucu olu\u015fan elektrik ak\u0131m\u0131n\u0131 ifade eder. Bu, Faraday Yasas\u0131 taraf\u0131ndan tan\u0131mlan\u0131r. M\u0131knat\u0131slar ve manyetizma, bir\u00e7ok alanda kullan\u0131l\u0131r. \u00d6rne\u011fin, elektrik \u00fcretimi, elektronik, manyetik rezonans g\u00f6r\u00fcnt\u00fcleme (MRI), manyetik sens\u00f6rler ve manyetik levitasyon gibi alanlarda manyetizma kavramlar\u0131na dayal\u0131 bir\u00e7ok uygulama yap\u0131lmaktad\u0131r.<\/p>\n\n\n\n<h3 class=\"wp-block-heading\">Bas\u0131n\u00e7<\/h3>\n\n\n\n<p>Bas\u0131n\u00e7, bir y\u00fczeye etki eden kuvvetin, y\u00fczey alan\u0131na b\u00f6l\u00fcm\u00fc ile elde edilen bir b\u00fcy\u00fckl\u00fckt\u00fcr. Bas\u0131n\u00e7, birimi Pascal (Pa) ile ifade edilir ve genellikle N\/m\u00b2 olarak yaz\u0131l\u0131r. Bas\u0131n\u00e7 kavram\u0131, bir\u00e7ok farkl\u0131 alanda \u00f6nemli bir rol oynar. \u00d6rne\u011fin, havac\u0131l\u0131kta, hidrolik sistemlerde, kimya end\u00fcstrisinde ve t\u0131pta bas\u0131n\u00e7 kavram\u0131 kullan\u0131l\u0131r.<\/p>\n\n\n\n<p>Bas\u0131n\u00e7 \u00f6l\u00e7\u00fcm\u00fc, bir\u00e7ok farkl\u0131 y\u00f6ntemle yap\u0131labilir. En yayg\u0131n kullan\u0131lan y\u00f6ntemlerden biri, bir s\u0131v\u0131 s\u00fctununun y\u00fcksekli\u011finin bas\u0131nc\u0131n\u0131 \u00f6l\u00e7mek i\u00e7in kullan\u0131lan manometredir. Ba\u015fka bir y\u00f6ntem ise, bir cihaz\u0131n i\u00e7indeki gaz\u0131n davran\u0131\u015f\u0131n\u0131 \u00f6l\u00e7erek bas\u0131nc\u0131 hesaplamakt\u0131r.<\/p>\n\n\n\n<p>Gaz bas\u0131nc\u0131, gaz molek\u00fcllerinin bir y\u00fczeye \u00e7arpmas\u0131 sonucu olu\u015fan bas\u0131n\u00e7t\u0131r. Gaz molek\u00fclleri, y\u00fcksek h\u0131zlar\u0131 nedeniyle geni\u015f alanda hareket ederler ve bu nedenle gaz bas\u0131nc\u0131, s\u0131v\u0131 bas\u0131nc\u0131na g\u00f6re daha d\u00fc\u015f\u00fckt\u00fcr. S\u0131v\u0131 bas\u0131nc\u0131 ise, bir s\u0131v\u0131n\u0131n y\u00fczeye uygulad\u0131\u011f\u0131 kuvvetin y\u00fczey alan\u0131na b\u00f6l\u00fcnmesiyle elde edilen bas\u0131n\u00e7t\u0131r. S\u0131v\u0131 bas\u0131nc\u0131, s\u0131v\u0131 molek\u00fcllerinin yava\u015f hareket etmesi nedeniyle daha y\u00fcksektir.<\/p>\n\n\n\n<p>Bernoulli prensibi, bir s\u0131v\u0131n\u0131n veya gaz\u0131n h\u0131z\u0131n\u0131n artt\u0131\u011f\u0131 yerde bas\u0131nc\u0131n d\u00fc\u015ft\u00fc\u011f\u00fcn\u00fc ifade eder. Bu prensip, u\u00e7ak kanatlar\u0131, r\u00fczgar t\u00fcrbinleri ve di\u011fer bir\u00e7ok cihaz\u0131n \u00e7al\u0131\u015fma prensibi olarak kullan\u0131l\u0131r. Hidrostatik bas\u0131n\u00e7, bir s\u0131v\u0131n\u0131n derinli\u011fi artt\u0131k\u00e7a artan bas\u0131n\u00e7t\u0131r. Bu bas\u0131n\u00e7, s\u0131v\u0131n\u0131n a\u011f\u0131rl\u0131\u011f\u0131 nedeniyle olu\u015fur ve deniz seviyesinden daha derin sulara inildik\u00e7e artar.<\/p>\n\n\n\n<h3 class=\"wp-block-heading\">Kald\u0131rma Kuvveti<\/h3>\n\n\n\n<p>Kald\u0131rma kuvveti, bir s\u0131v\u0131 veya gaz\u0131n, bir nesneyi yukar\u0131 do\u011fru iten kuvvettir. Kald\u0131rma kuvveti, Archimedes prensibi olarak bilinen prensibe dayan\u0131r. Archimedes prensibi, bir nesnenin su veya bir s\u0131v\u0131 i\u00e7indeki a\u011f\u0131rl\u0131\u011f\u0131n\u0131n, nesnenin yer ald\u0131\u011f\u0131 s\u0131v\u0131n\u0131n a\u011f\u0131rl\u0131\u011f\u0131na e\u015fit oldu\u011funu ifade eder. Bu prensip, y\u00fczme, gemi yap\u0131m\u0131, su alt\u0131 ke\u015fifleri ve benzeri bir\u00e7ok alanda kullan\u0131l\u0131r.<\/p>\n\n\n\n<p>Y\u00fczerlik prensipleri, bir nesnenin suyun y\u00fczeyinde y\u00fczebilmesi i\u00e7in gereken kuvvetleri inceler. Y\u00fczerlik prensipleri, nesnenin yo\u011funlu\u011fu ve s\u0131v\u0131n\u0131n yo\u011funlu\u011fu aras\u0131ndaki farka ba\u011fl\u0131d\u0131r. E\u011fer bir nesnenin yo\u011funlu\u011fu s\u0131v\u0131n\u0131n yo\u011funlu\u011fundan d\u00fc\u015f\u00fckse, nesne y\u00fczeyde kalacakt\u0131r. E\u011fer bir nesnenin yo\u011funlu\u011fu s\u0131v\u0131n\u0131n yo\u011funlu\u011fundan y\u00fcksekse, nesne batacakt\u0131r.<\/p>\n\n\n\n<h3 class=\"wp-block-heading\">Dalgalara Giri\u015f ve Yay Dalgalar\u0131<\/h3>\n\n\n\n<p>Bu konu YKS fizik konular\u0131 aras\u0131nda s\u0131navda en az \u00e7\u0131kan konudur. Yine de \u00e7al\u0131\u015fmakta fayda vard\u0131r. E\u011fer AYT Fizik \u00e7al\u0131\u015f\u0131yorsan\u0131z bu Dalga Mekani\u011finin temelini anlamak i\u00e7in bu konuyu iyice \u00e7al\u0131\u015fman\u0131z gerekmekte. Dalga, titre\u015fim hareketi sonucu olu\u015fan enerjinin yay\u0131lmas\u0131d\u0131r. Dalga tipleri aras\u0131nda mekanik dalga, elektromanyetik dalga ve manyetik dalga gibi \u00e7e\u015fitler yer al\u0131r. Dalga \u00f6zellikleri ise, dalga boyu, frekans ve dalga h\u0131z\u0131 gibi b\u00fcy\u00fckl\u00fcklerdir.<\/p>\n\n\n\n<p>Yay dalga denklemi, bir yay\u0131n titre\u015fim hareketi sonucu olu\u015fan dalga hareketini ifade eder. Bu denklem, yay\u0131n elastik \u00f6zellikleri ve k\u00fctlesine ba\u011fl\u0131d\u0131r. Yay dalga denklemi, yay\u0131n titre\u015fimlerinin frekans\u0131, dalga boyu ve yay\u0131n gerilmesi gibi fakt\u00f6rlere ba\u011fl\u0131 olarak hesaplan\u0131r.<\/p>\n\n\n\n<p>Dalga tipleri, dalga hareketlerinin karakteristik \u00f6zelliklerine g\u00f6re s\u0131n\u0131fland\u0131r\u0131l\u0131r. Mekanik dalgalar, bir ortamda titre\u015fim hareketi sonucu olu\u015fur. Elektromanyetik dalgalar ise, elektromanyetik alanlardaki titre\u015fimlerden olu\u015fur. Manyetik dalgalar ise, manyetik alanlar\u0131n titre\u015fimleri sonucu olu\u015fur.<\/p>\n\n\n\n<p>Dalga \u00f6zellikleri aras\u0131nda dalga boyu, frekans ve dalga h\u0131z\u0131 yer al\u0131r. Dalga boyu, bir dalga hareketinin tekrarlanan periyotlar\u0131n\u0131n uzunlu\u011fudur. Frekans, bir dalga hareketinin birim zamanda tekrarlanan say\u0131s\u0131n\u0131 ifade eder. Dalga h\u0131z\u0131 ise, bir dalga hareketinin birim zamanda ilerledi\u011fi mesafedir.<\/p>\n\n\n\n<h3 class=\"wp-block-heading\">Su, Ses ve Deprem Dalgalar\u0131<\/h3>\n\n\n\n<p>Su dalgalar\u0131, denizdeki dalgalardan kaynaklan\u0131r. Su dalgalar\u0131, r\u00fczgar, yer kabu\u011fundaki hareketler ve di\u011fer etkenler taraf\u0131ndan olu\u015fur. Bu dalgalar\u0131n \u00f6zellikleri, dalga boyu, frekans ve dalga h\u0131z\u0131 gibi b\u00fcy\u00fckl\u00fcklere ba\u011fl\u0131d\u0131r.<\/p>\n\n\n\n<p>Ses dalgalar\u0131, bir ortamda hareket eden ses dalgalar\u0131d\u0131r. Ses dalgalar\u0131, genellikle bir ses kayna\u011f\u0131ndan \u00e7\u0131kar ve havada yay\u0131l\u0131r. Bu dalgalar\u0131n \u00f6zellikleri, dalga boyu, frekans ve dalga h\u0131z\u0131 gibi b\u00fcy\u00fckl\u00fcklere ba\u011fl\u0131d\u0131r.<\/p>\n\n\n\n<p>Deprem dalgalar\u0131 ise, yer kabu\u011funda meydana gelen depremler sonucu olu\u015fan dalgalar\u0131 ifade eder. Bu dalgalar\u0131n \u00f6zellikleri, dalga boyu, frekans ve dalga h\u0131z\u0131 gibi b\u00fcy\u00fckl\u00fcklere ba\u011fl\u0131d\u0131r. Deprem dalgalar\u0131n\u0131n \u00f6l\u00e7\u00fcm\u00fc, sismik cihazlar kullan\u0131larak yap\u0131l\u0131r ve bu \u00f6l\u00e7\u00fcmler, deprem aktivitesinin izlenmesinde hayati bir rol oynar.<\/p>\n\n\n\n<p>Sonu\u00e7 olarak, bas\u0131n\u00e7, kald\u0131rma kuvveti, dalga tipleri ve dalgalar\u0131n \u00f6zellikleri, farkl\u0131 alanlarda \u00f6nemli bir rol oynayan kavramlard\u0131r. Bu alanlara \u00f6rnek olarak havac\u0131l\u0131k, hidrolik sistemler, gemi yap\u0131m\u0131, dalga enerjisi ve deprem \u00e7al\u0131\u015fmalar\u0131 g\u00f6sterilebilir. Bu konular\u0131n anla\u015f\u0131lmas\u0131, teknolojik geli\u015fmelerin tasarlanmas\u0131 ve y\u00fcr\u00fct\u00fclmesinde hayati bir \u00f6neme sahiptir.<\/p>\n\n\n\n<h3 class=\"wp-block-heading\">Ayd\u0131nlanma, G\u00f6lge ve D\u00fczlem Aynalar<\/h3>\n\n\n\n<p>Ayd\u0131nlanma, \u0131\u015f\u0131\u011f\u0131n nesnelere \u00e7arparak yans\u0131mas\u0131 veya b\u00f6l\u00fcnmesi sonucu olu\u015fan bir fenomendir. I\u015f\u0131k h\u0131z\u0131, \u0131\u015f\u0131\u011f\u0131n h\u0131z\u0131d\u0131r ve yakla\u015f\u0131k olarak 299,792 km\/s&#8217;dir. G\u00f6lge olu\u015fumu ise, bir nesnenin \u0131\u015f\u0131\u011f\u0131n ge\u00e7mesini engelleyerek arkas\u0131ndaki alanda karanl\u0131k bir b\u00f6lgenin olu\u015fmas\u0131na neden olur.<\/p>\n\n\n\n<p>D\u00fczlem aynalar\u0131n \u00f6zellikleri aras\u0131nda, d\u00fcz bir y\u00fczeye sahip olmalar\u0131 ve \u0131\u015f\u0131\u011f\u0131n yans\u0131mas\u0131 say\u0131labilir. D\u00fczlem aynalar, nesnelerin g\u00f6r\u00fcnt\u00fclerinin olu\u015fturulmas\u0131nda kullan\u0131l\u0131r. D\u00fczlem aynalarda g\u00f6r\u00fcnt\u00fc olu\u015fumu, \u0131\u015f\u0131\u011f\u0131n ayna y\u00fczeyine \u00e7arparak yans\u0131mas\u0131 sonucu olu\u015fur. G\u00f6r\u00fcnt\u00fc, nesnenin aynaya g\u00f6re simetrik bir \u015fekilde yans\u0131t\u0131l\u0131r.<\/p>\n\n\n\n<h3 class=\"wp-block-heading\">K\u00fcresel Aynalar<\/h3>\n\n\n\n<p>K\u00fcresel aynalar\u0131n \u00f6zellikleri aras\u0131nda, k\u00fcresel bir y\u00fczeye sahip olmalar\u0131 ve \u0131\u015f\u0131\u011f\u0131n yans\u0131mas\u0131 say\u0131labilir. K\u00fcresel aynalar, \u00f6zellikle teleskop, d\u00fcrb\u00fcn ve ara\u00e7 dikiz aynalar\u0131nda kullan\u0131l\u0131r. K\u00fcresel aynalarda g\u00f6r\u00fcnt\u00fc olu\u015fumu, \u0131\u015f\u0131\u011f\u0131n ayna y\u00fczeyine \u00e7arparak yans\u0131mas\u0131 sonucu olu\u015fur. G\u00f6r\u00fcnt\u00fc, nesnenin k\u00fcresel y\u00fczeye g\u00f6re simetrik bir \u015fekilde yans\u0131t\u0131l\u0131r.<\/p>\n\n\n\n<p>K\u00fcresel aynalar\u0131n kullan\u0131m\u0131, \u00e7e\u015fitli alanlarda yayg\u0131n olarak kullan\u0131l\u0131r. \u00d6rne\u011fin, teleskoplar ve mikroskoplar gibi optik ara\u00e7lar\u0131n tasar\u0131m\u0131nda, k\u00fcresel aynalar kullan\u0131l\u0131r. Ayr\u0131ca, ara\u00e7 dikiz aynalar\u0131 da k\u00fcresel aynalar sayesinde daha geni\u015f bir g\u00f6r\u00fc\u015f a\u00e7\u0131s\u0131 sa\u011flar.<\/p>\n\n\n\n<h3 class=\"wp-block-heading\">I\u015f\u0131\u011f\u0131n K\u0131r\u0131lmas\u0131 ve Renkler<\/h3>\n\n\n\n<p>I\u015f\u0131\u011f\u0131n k\u0131r\u0131lmas\u0131, \u0131\u015f\u0131\u011f\u0131n farkl\u0131 ortamlardan ge\u00e7erken h\u0131z\u0131n\u0131n de\u011fi\u015fmesi sonucu olu\u015fur. Prizmalar, \u0131\u015f\u0131\u011f\u0131 farkl\u0131 renklere ay\u0131rmak i\u00e7in kullan\u0131l\u0131r. Renklerin tan\u0131m\u0131, \u0131\u015f\u0131\u011f\u0131n dalga boyuna ba\u011fl\u0131d\u0131r. K\u0131sa dalga boylar\u0131na sahip \u0131\u015f\u0131k mor ve mavi renkler olu\u015ftururken, uzun dalga boylar\u0131na sahip \u0131\u015f\u0131k k\u0131rm\u0131z\u0131 ve turuncu renkler olu\u015fturur.<\/p>\n\n\n\n<p>Renk olu\u015fumu, \u0131\u015f\u0131\u011f\u0131n bir y\u00fczeye \u00e7arp\u0131p yans\u0131mas\u0131 veya absorbe edilmesi sonucu olu\u015fur. Renklerin kar\u0131\u015f\u0131m\u0131, farkl\u0131 renklerin bir araya gelerek yeni renklerin olu\u015fmas\u0131na neden olur. \u00d6rne\u011fin, mavi ve sar\u0131 renklerin kar\u0131\u015f\u0131m\u0131 ye\u015fil renk olu\u015fturur.<\/p>\n\n\n\n<h3 class=\"wp-block-heading\">Mercekler ve Optik Ara\u00e7lar<\/h3>\n\n\n\n<p>Merceklerin \u00f6zellikleri aras\u0131nda, iki y\u00fczeyi olan ve \u0131\u015f\u0131\u011f\u0131n k\u0131r\u0131lmas\u0131 yoluyla nesnelerin b\u00fcy\u00fckl\u00fc\u011f\u00fcn\u00fc veya uzakl\u0131\u011f\u0131n\u0131 de\u011fi\u015ftirebilen optik elemanlar olmalar\u0131 say\u0131labilir. Merceklerde g\u00f6r\u00fcnt\u00fc olu\u015fumu, \u0131\u015f\u0131\u011f\u0131n merce\u011fin y\u00fczeyine \u00e7arparak k\u0131r\u0131lmas\u0131 ve nesnenin merce\u011fe g\u00f6re simetrik bir \u015fekilde yans\u0131t\u0131lmas\u0131 sonucu olu\u015fur. AYT Fizik&#8217;te mant\u0131\u011f\u0131n\u0131 anlamad\u0131\u011f\u0131m\u0131z zaman bu konu can\u0131m\u0131z\u0131 s\u0131kabilir. TYT fizik konu da\u011f\u0131l\u0131m\u0131nda az g\u00f6r\u00fclen konulardan biri olsa da bu konuyu g\u00f6zard\u0131 etmemek gerekmekte.<\/p>\n\n\n\n<p>Optik ara\u00e7lar, merceklerin kullan\u0131ld\u0131\u011f\u0131 ara\u00e7lard\u0131r ve genellikle g\u00f6r\u00fcnt\u00fcleme veya g\u00f6zlem ama\u00e7l\u0131d\u0131r. D\u00fcrb\u00fcnler, teleskoplar ve mikroskoplar gibi ara\u00e7lar, merceklerin \u00f6zelliklerine ba\u011fl\u0131 olarak tasarlan\u0131r. D\u00fcrb\u00fcnler, uzaktaki nesnelerin daha net g\u00f6r\u00fcnmesini sa\u011flar. Teleskoplar, g\u00f6kbilimcilerin g\u00f6ky\u00fcz\u00fcndeki nesneleri g\u00f6zlemlemesine ve incelemesine olanak tan\u0131r. Mikroskoplar ise, k\u00fc\u00e7\u00fck nesnelerin b\u00fcy\u00fct\u00fclerek daha detayl\u0131 bir \u015fekilde incelenmesine olanak sa\u011flar.<\/p>\n\n\n\n<p>Mercekler ve optik ara\u00e7lar, bir\u00e7ok alanda kullan\u0131lan \u00f6nemli ara\u00e7lard\u0131r. \u00d6rne\u011fin, t\u0131p alan\u0131nda mikroskoplar, hastal\u0131klar\u0131n tan\u0131s\u0131nda ve tedavisinde \u00f6nemli bir rol oynar. Ayr\u0131ca, astronomi alan\u0131nda teleskoplar, evrende ke\u015ffedilecek yeni nesnelerin ortaya \u00e7\u0131kar\u0131lmas\u0131na ve incelemesine yard\u0131mc\u0131 olur. Bunlar\u0131n yan\u0131 s\u0131ra, foto\u011fraf makinesi gibi bir\u00e7ok cihazda da mercekler ve optik ara\u00e7lar kullan\u0131l\u0131r.<\/p>\n","protected":false},"excerpt":{"rendered":"<p>Yaz\u0131n\u0131n devam\u0131nda verdi\u011fimiz tablo, Temel Yeterlilik S\u0131nav\u0131&#8217;n\u0131n fizik m\u00fcfredat\u0131n\u0131 kapsayan konular\u0131n ve bu TYT fizik konular\u0131n genel a\u00e7\u0131klamas\u0131n\u0131n yan\u0131 s\u0131ra 2018-2022 y\u0131llar\u0131 aras\u0131ndaki \u00e7\u0131km\u0131\u015f soru say\u0131lar\u0131n\u0131 i\u00e7ermekte. TYT Fizik konu da\u011f\u0131l\u0131m\u0131n\u0131n yan\u0131nda hangi konunun hangi s\u0131n\u0131fa ait oldu\u011fu veriler de tabloda bulunmakta. Tablodaki veriler, \u00f6\u011frencilerin fizik s\u0131navlar\u0131na haz\u0131rlan\u0131rken hangi konulara daha fazla \u00f6nem vermeleri gerekti\u011fi&#8230;<\/p>\n","protected":false},"author":1,"featured_media":308,"comment_status":"open","ping_status":"open","sticky":false,"template":"","format":"standard","meta":{"footnotes":""},"categories":[5,6],"tags":[],"class_list":["post-304","post","type-post","status-publish","format-standard","has-post-thumbnail","hentry","category-tyt","category-fizik"],"_links":{"self":[{"href":"https:\/\/derstakip.app\/blog\/wp-json\/wp\/v2\/posts\/304","targetHints":{"allow":["GET"]}}],"collection":[{"href":"https:\/\/derstakip.app\/blog\/wp-json\/wp\/v2\/posts"}],"about":[{"href":"https:\/\/derstakip.app\/blog\/wp-json\/wp\/v2\/types\/post"}],"author":[{"embeddable":true,"href":"https:\/\/derstakip.app\/blog\/wp-json\/wp\/v2\/users\/1"}],"replies":[{"embeddable":true,"href":"https:\/\/derstakip.app\/blog\/wp-json\/wp\/v2\/comments?post=304"}],"version-history":[{"count":3,"href":"https:\/\/derstakip.app\/blog\/wp-json\/wp\/v2\/posts\/304\/revisions"}],"predecessor-version":[{"id":311,"href":"https:\/\/derstakip.app\/blog\/wp-json\/wp\/v2\/posts\/304\/revisions\/311"}],"wp:featuredmedia":[{"embeddable":true,"href":"https:\/\/derstakip.app\/blog\/wp-json\/wp\/v2\/media\/308"}],"wp:attachment":[{"href":"https:\/\/derstakip.app\/blog\/wp-json\/wp\/v2\/media?parent=304"}],"wp:term":[{"taxonomy":"category","embeddable":true,"href":"https:\/\/derstakip.app\/blog\/wp-json\/wp\/v2\/categories?post=304"},{"taxonomy":"post_tag","embeddable":true,"href":"https:\/\/derstakip.app\/blog\/wp-json\/wp\/v2\/tags?post=304"}],"curies":[{"name":"wp","href":"https:\/\/api.w.org\/{rel}","templated":true}]}}