{"id":2885,"date":"2025-09-11T17:13:00","date_gmt":"2025-09-11T14:13:00","guid":{"rendered":"https:\/\/derstakip.app\/blog\/tus-2-donem-sinav-sonuclari-aciklandi-mi-ne-zaman-duyurulacak\/"},"modified":"2025-09-11T17:13:00","modified_gmt":"2025-09-11T14:13:00","slug":"tus-2-donem-sinav-sonuclari-aciklandi-mi-ne-zaman-duyurulacak","status":"publish","type":"post","link":"https:\/\/derstakip.app\/blog\/tus-2-donem-sinav-sonuclari-aciklandi-mi-ne-zaman-duyurulacak\/","title":{"rendered":"TUS 2. D\u00f6nem S\u0131nav Sonu\u00e7lar\u0131 A\u00e7\u0131kland\u0131 m\u0131? Ne Zaman Duyurulacak?"},"content":{"rendered":"<p>Dikkatler TUS 2. d\u00f6nem s\u0131nav sonu\u00e7lar\u0131 \u00fczerine yo\u011funla\u015fm\u0131\u015f durumda! Adaylar, s\u0131nav sonu\u00e7lar\u0131n\u0131n a\u00e7\u0131klanaca\u011f\u0131 tarihi merakla bekliyor. T\u00fcrkiye&#8217;deki bir\u00e7ok t\u0131p \u00f6\u011frenci ve mezunu, bu sonu\u00e7lara g\u00f6re geleceklerini \u015fekillendirecek. Peki TUS 2. d\u00f6nem s\u0131nav sonu\u00e7lar\u0131 ne zaman a\u00e7\u0131klanacak? \u0130\u015fte t\u00fcm detaylar!<\/p>\n<h2>TUS 2. D\u00f6nem S\u0131nav Sonu\u00e7lar\u0131 Hakk\u0131nda Bilgi<\/h2>\n<p>TUS 2. d\u00f6nem s\u0131nav\u0131, \u00f6zellikle t\u0131p fak\u00fcltelerinin son s\u0131n\u0131f \u00f6\u011frencileri i\u00e7in kritik \u00f6neme sahip. Her y\u0131l bir\u00e7ok aday, bu s\u0131nav sonucuna g\u00f6re uzmanl\u0131k alanlar\u0131n\u0131 belirliyor. Adaylar\u0131n s\u0131nav\u0131 ge\u00e7ip ge\u00e7medi\u011fiyle ilgili belirsizlik, herkesin akl\u0131nda soru i\u015faretleri olu\u015fturdu. \u00d6SYM, bu s\u0131nav\u0131n sonu\u00e7lar\u0131n\u0131 beklenen tarihler aras\u0131nda a\u00e7\u0131klama s\u00f6z\u00fc vermi\u015fti.<\/p>\n<h3>\u00d6SYM&#8217;nin A\u00e7\u0131klamalar\u0131<\/h3>\n<p>\u00d6SYM, TUS 2. d\u00f6nem s\u0131nav sonu\u00e7lar\u0131n\u0131n a\u00e7\u0131klanaca\u011f\u0131 tarihi duyurdu. S\u0131nav sonu\u00e7lar\u0131n\u0131n 18 Mart 2025 tarihinde eri\u015fime a\u00e7\u0131laca\u011f\u0131 belirtiliyor. Dolay\u0131s\u0131yla, t\u00fcm adaylar ve aileleri i\u00e7in bu tarih olduk\u00e7a kritik bir \u00f6neme sahip. 18 Mart\u2019tan itibaren, adaylar <a href=\"https:\/\/sonuc.osym.gov.tr\" target=\"_blank\" rel=\"noopener\">\u00d6SYM\u2019nin resmi sitesi<\/a> \u00fczerinden sonu\u00e7lar\u0131n\u0131 \u00f6\u011frenebilecek.<\/p>\n<h3>TUS Sonu\u00e7lar\u0131n\u0131n Sorgulanmas\u0131<\/h3>\n<p>Adaylar, s\u0131nav sonu\u00e7lar\u0131n\u0131 T.C. Kimlik Numaras\u0131 ve \u015fifreleri arac\u0131l\u0131\u011f\u0131yla \u00f6\u011frenebilecek. \u00d6SYM mobil uygulamalar\u0131yla da bu bilgilere ula\u015fmak m\u00fcmk\u00fcn. Ancak unutulmamal\u0131d\u0131r ki, adaylara sonu\u00e7 belgesi g\u00f6nderilmeyecek. Sonu\u00e7lar\u0131n yaln\u0131zca internet \u00fczerinden kontrol edilmesi gerekmektedir.<\/p>\n<h4>Sonu\u00e7 Belgesi Kontrol Sistemi<\/h4>\n<p>\u00d6SYM, s\u0131nav sonu\u00e7 belgelerinin do\u011frulanmas\u0131n\u0131 sa\u011flamak i\u00e7in \u201cSonu\u00e7 Belgesi Kontrol Sistemi\u201d uygulamas\u0131n\u0131 hayata ge\u00e7irecek. Adaylar bu sistemi kullanarak sonu\u00e7 belgelerini do\u011frulayabilecekler. Detaylar i\u00e7in <a href=\"https:\/\/sonuc.osym.gov.tr\" target=\"_blank\" rel=\"noopener\">buraya t\u0131klay\u0131n<\/a>.<\/p>\n<h2>TUS 2. D\u00f6nem S\u0131nav Sonu\u00e7lar\u0131n\u0131n \u00d6nemi<\/h2>\n<p>TUS s\u0131nav sonu\u00e7lar\u0131, t\u0131p \u00f6\u011frencilerinin kariyerine y\u00f6n verecek \u00f6nemli bir fakt\u00f6r. Uzmanl\u0131k alanlar\u0131n\u0131n belirlenmesi s\u00fcrecinde, ba\u015far\u0131l\u0131 bir sonu\u00e7 almak \u015fart. Bununla birlikte, s\u0131navdan elde edilen puanlar; her aday i\u00e7in farkl\u0131 f\u0131rsatlar do\u011furabilir. Bu nedenle, sonu\u00e7lar\u0131n a\u00e7\u0131klanmas\u0131yla birlikte bir\u00e7ok aday kendi geleceklerini \u015fekillendirecek. \u00d6SYM, de\u011ferlendirme s\u00fcrecinin nihayetinde adil bir sonu\u00e7 sunarak t\u00fcm adaylar\u0131n haklar\u0131n\u0131 koruyacakt\u0131r.<\/p>\n<h3>Sonu\u00e7 A\u00e7\u0131klama S\u00fcreci<\/h3>\n<p>Sonu\u00e7lar\u0131n 18 Mart 2025\u2019te a\u00e7\u0131klanaca\u011f\u0131 kesinle\u015fti. Peki, sonu\u00e7lar a\u00e7\u0131klan\u0131r a\u00e7\u0131klanmaz adaylar\u0131n bekleyece\u011fi bir geli\u015fme olabilir mi? \u00d6SYM&#8217;nin genellikle sonu\u00e7lar\u0131 zaman\u0131nda a\u00e7\u0131klad\u0131\u011f\u0131 biliniyor, fakat bu s\u0131nav i\u00e7in herhangi bir erken a\u00e7\u0131klama olmad\u0131\u011f\u0131n\u0131 belirtmekte fayda var. Sonu\u00e7lar a\u00e7\u0131klan\u0131rken duyacaklar\u0131n\u0131zdan emin olmal\u0131s\u0131n\u0131z!<\/p>\n<h4>S\u0131nav Sonu\u00e7lar\u0131 ile \u0130lgili Beklentiler<\/h4>\n<p>Bir\u00e7ok aday, s\u0131navlar\u0131n\u0131n sonu\u00e7lar\u0131n\u0131n a\u00e7\u0131klanmas\u0131ndan sonra yapacaklar\u0131 planlar\u0131 g\u00f6zden ge\u00e7irecek. Bu s\u00fcre\u00e7, adaylar\u0131n uzmanl\u0131k alanlar\u0131na y\u00f6nelme noktas\u0131nda olduk\u00e7a \u00f6nemli bir a\u015fama olacakt\u0131r. Doktorluk kariyerine ad\u0131m atan her aday, s\u0131nav sonu\u00e7lar\u0131na g\u00f6re yeni hedefler belirleyecek.<\/p>\n<h2>TUS 2. D\u00f6nem S\u0131nav\u0131 ve Gelecek Planlar\u0131<\/h2>\n<p>S\u0131nav sonu\u00e7lar\u0131n\u0131n a\u00e7\u0131klanmas\u0131n\u0131n ard\u0131ndan, ba\u015far\u0131l\u0131 olan adaylar i\u00e7in bir\u00e7ok f\u0131rsat do\u011facak. Uzmanl\u0131k alanlar\u0131nda e\u011fitim almak i\u00e7in ba\u015fvurular ger\u00e7ekle\u015ftirilecek. Sonu\u00e7lar\u0131n nas\u0131l sonu\u00e7land\u0131\u011f\u0131, t\u0131p \u00f6\u011frencilerinin kariyer yolunda \u00f6nemli bir ad\u0131m atmalar\u0131n\u0131 sa\u011flayacak.<\/p>\n<h3>Sonu\u00e7lar\u0131n Adaylar \u00dczerindeki Etkisi<\/h3>\n<p>Bir\u00e7ok \u00f6\u011frenci, ald\u0131\u011f\u0131 not ile ilgili heyecanl\u0131. Ge\u00e7ti\u011fimiz y\u0131llarda oldu\u011fu gibi bu y\u0131l da s\u0131nav sonras\u0131nda, \u00f6\u011frencilerin kayg\u0131lar\u0131n\u0131n artmas\u0131nda etkili bir unsur olacak. S\u0131nav sonu\u00e7lar\u0131, gelecekteki profesyonel hayatlar\u0131na y\u00f6n verecek. \u00d6zellikle hangi bran\u015fta uzmanla\u015facaklar\u0131na karar verirken sonu\u00e7lar\u0131n \u00f6nemi tart\u0131\u015f\u0131lmaz.<\/p>\n<h2>SSS<\/h2>\n<h3>TUS 2. d\u00f6nem s\u0131nav sonu\u00e7lar\u0131 ne zaman a\u00e7\u0131klanacak?<\/h3>\n<p>TUS 2. d\u00f6nem s\u0131nav sonu\u00e7lar\u0131n\u0131n 18 Mart 2025\u2019te a\u00e7\u0131klanaca\u011f\u0131 duyurulmu\u015ftur.<\/p>\n<h3>Sonu\u00e7lar\u0131 nas\u0131l \u00f6\u011frenebilirim?<\/h3>\n<p>Sonu\u00e7lar, \u00d6SYM\u2019nin resmi sitesi \u00fczerinden T.C. Kimlik Numaras\u0131 ve \u015fifreyle \u00f6\u011frenilecektir.<\/p>\n<h3>Sonu\u00e7 belgesi g\u00f6nderilecek mi?<\/h3>\n<p>Hay\u0131r, adaylara sonu\u00e7 belgeleri g\u00f6nderilmeyecek; sonu\u00e7lar internet \u00fczerinden kontrol edilecektir.<\/p>\n","protected":false},"excerpt":{"rendered":"<p>Dikkatler TUS 2. d\u00f6nem s\u0131nav sonu\u00e7lar\u0131 \u00fczerine yo\u011funla\u015fm\u0131\u015f durumda! Adaylar, s\u0131nav sonu\u00e7lar\u0131n\u0131n a\u00e7\u0131klanaca\u011f\u0131 tarihi merakla bekliyor. T\u00fcrkiye&#8217;deki bir\u00e7ok t\u0131p \u00f6\u011frenci ve mezunu, bu sonu\u00e7lara g\u00f6re geleceklerini \u015fekillendirecek. Peki TUS 2. d\u00f6nem s\u0131nav sonu\u00e7lar\u0131 ne zaman a\u00e7\u0131klanacak? \u0130\u015fte t\u00fcm detaylar! TUS 2. D\u00f6nem S\u0131nav Sonu\u00e7lar\u0131 Hakk\u0131nda Bilgi TUS 2. d\u00f6nem s\u0131nav\u0131, \u00f6zellikle t\u0131p fak\u00fcltelerinin son s\u0131n\u0131f&#8230;<\/p>\n","protected":false},"author":1,"featured_media":2884,"comment_status":"open","ping_status":"open","sticky":false,"template":"","format":"standard","meta":{"footnotes":""},"categories":[84],"tags":[],"class_list":["post-2885","post","type-post","status-publish","format-standard","has-post-thumbnail","hentry","category-haber"],"_links":{"self":[{"href":"https:\/\/derstakip.app\/blog\/wp-json\/wp\/v2\/posts\/2885","targetHints":{"allow":["GET"]}}],"collection":[{"href":"https:\/\/derstakip.app\/blog\/wp-json\/wp\/v2\/posts"}],"about":[{"href":"https:\/\/derstakip.app\/blog\/wp-json\/wp\/v2\/types\/post"}],"author":[{"embeddable":true,"href":"https:\/\/derstakip.app\/blog\/wp-json\/wp\/v2\/users\/1"}],"replies":[{"embeddable":true,"href":"https:\/\/derstakip.app\/blog\/wp-json\/wp\/v2\/comments?post=2885"}],"version-history":[{"count":0,"href":"https:\/\/derstakip.app\/blog\/wp-json\/wp\/v2\/posts\/2885\/revisions"}],"wp:featuredmedia":[{"embeddable":true,"href":"https:\/\/derstakip.app\/blog\/wp-json\/wp\/v2\/media\/2884"}],"wp:attachment":[{"href":"https:\/\/derstakip.app\/blog\/wp-json\/wp\/v2\/media?parent=2885"}],"wp:term":[{"taxonomy":"category","embeddable":true,"href":"https:\/\/derstakip.app\/blog\/wp-json\/wp\/v2\/categories?post=2885"},{"taxonomy":"post_tag","embeddable":true,"href":"https:\/\/derstakip.app\/blog\/wp-json\/wp\/v2\/tags?post=2885"}],"curies":[{"name":"wp","href":"https:\/\/api.w.org\/{rel}","templated":true}]}}