{"id":285,"date":"2023-03-23T13:22:41","date_gmt":"2023-03-23T13:22:41","guid":{"rendered":"https:\/\/derstakip.app\/blog\/?p=285"},"modified":"2023-03-24T23:53:25","modified_gmt":"2023-03-24T20:53:25","slug":"veliler-ortaokul-ogrenci-takibi","status":"publish","type":"post","link":"https:\/\/derstakip.app\/blog\/veliler-ortaokul-ogrenci-takibi\/","title":{"rendered":"Velilerin ortaokul \u00f6\u011frencilerini takip etmesi: Neden \u00f6nemlidir? 6 \u00d6neri"},"content":{"rendered":"\n<h2 class=\"wp-block-heading\">Velilerin Ortaokul \u00d6\u011frencilerini Takip Etmesi: Neden \u00d6nemlidir?<\/h2>\n\n\n\n<p>Ortaokul \u00e7a\u011f\u0131ndaki \u00f6\u011frencilerin e\u011fitim hayatlar\u0131nda bir\u00e7ok zorlu\u011fun \u00fcstesinden gelmeleri gerekiyor. Bu d\u00f6nemde \u00f6\u011frencilerin akademik ba\u015far\u0131lar\u0131 kadar, sosyal ve duygusal geli\u015fimleri de b\u00fcy\u00fck bir \u00f6nem ta\u015f\u0131yor. Bu nedenle, velilerin ortaokul \u00f6\u011frencilerini takip etmesi son derece \u00f6nemlidir.<\/p>\n\n\n\n<p>Veliler, \u00e7ocuklar\u0131n\u0131n e\u011fitim hayat\u0131 boyunca onlar\u0131n ba\u015far\u0131lar\u0131na katk\u0131 sa\u011flamal\u0131d\u0131r. Ortaokul \u00e7a\u011f\u0131, \u00e7ocuklar\u0131n gelecekteki lise ve \u00fcniversite hayatlar\u0131 i\u00e7in temel olu\u015fturdu\u011fu bir d\u00f6nemdir. Bu nedenle, velilerin \u00e7ocuklar\u0131n\u0131n e\u011fitim hayatlar\u0131nda aktif bir rol oynamalar\u0131 gerekmektedir.<\/p>\n\n\n\n<p>Velilerin ortaokul \u00f6\u011frencilerini takip etmeleri, \u00f6\u011frencilerin akademik ba\u015far\u0131lar\u0131na do\u011frudan etki eder. \u00d6\u011frencilerin derslerindeki performanslar\u0131n\u0131 takip eden veliler, \u00f6\u011frencilerin hangi konularda zorland\u0131klar\u0131n\u0131 ve hangi konularda ba\u015far\u0131l\u0131 olduklar\u0131n\u0131 g\u00f6rebilirler. Bu da velilerin \u00f6\u011frencilerine uygun bir \u015fekilde destek olmalar\u0131n\u0131 sa\u011flar.<\/p>\n\n\n\n<p>Ayr\u0131ca, velilerin \u00f6\u011frencilerini takip etmeleri \u00e7ocuklar\u0131n davran\u0131\u015flar\u0131n\u0131 da g\u00f6zlemlemelerine yard\u0131mc\u0131 olur. Ortaokul \u00e7a\u011f\u0131, \u00e7ocuklar\u0131n sosyal ve duygusal geli\u015fimlerinde b\u00fcy\u00fck bir etkendir. Veliler, \u00e7ocuklar\u0131n\u0131n arkada\u015fl\u0131k ili\u015fkilerini, okulda ve evdeki davran\u0131\u015flar\u0131n\u0131 takip ederek, \u00e7ocuklar\u0131na do\u011fru y\u00f6nlendirmelerde bulunabilirler.<\/p>\n\n\n\n<p>Velilerin \u00e7ocuklar\u0131n\u0131n e\u011fitim hayatlar\u0131na aktif bir \u015fekilde kat\u0131lmalar\u0131, \u00f6\u011frencilerin gelecekteki hayatlar\u0131n\u0131 \u015fekillendirmede b\u00fcy\u00fck bir rol oynar. Veliler, \u00e7ocuklar\u0131n\u0131n ilgi alanlar\u0131n\u0131 ve yeteneklerini ke\u015ffederek, onlar\u0131 gelecekteki mesleklerine y\u00f6nlendirebilirler. B\u00f6ylece, \u00e7ocuklar\u0131n\u0131n ilgi duyduklar\u0131 alanlarda ba\u015far\u0131l\u0131 olmalar\u0131n\u0131 sa\u011flayabilirler.<\/p>\n\n\n\n<p>Sonu\u00e7 olarak, velilerin \u00e7ocuklar\u0131na rehberlik yapmas\u0131 ve onlar\u0131 takip etmeleri son derece \u00f6nemlidir. \u00d6\u011frencilerin akademik ba\u015far\u0131lar\u0131na ve sosyal-duygusal geli\u015fimlerine do\u011frudan etkisi olan bu s\u00fcre\u00e7te, velilerin \u00e7ocuklar\u0131na do\u011fru y\u00f6nlendirmelerde bulunmalar\u0131 gerekmektedir. Veliler, \u00e7ocuklar\u0131na destek olmak i\u00e7in derslerindeki ba\u015far\u0131lar\u0131n\u0131 takip etmeli, davran\u0131\u015flar\u0131n\u0131 g\u00f6zlemlemeli ve ilgi alanlar\u0131n\u0131 ke\u015ffederek geleceklerine y\u00f6n vermelerine yard\u0131mc\u0131 olmal\u0131d\u0131rlar.<\/p>\n\n\n\n<h2 class=\"wp-block-heading\">T\u00fcrkiye&#8217;de Ortaokul Hangi S\u0131n\u0131flar\u0131 Kapsar?<\/h2>\n\n\n\n<p>T\u00fcrkiye&#8217;deki e\u011fitim sistemi, 12 y\u0131ll\u0131k zorunlu kademeli e\u011fitim olarak \u00fc\u00e7 kademeye ayr\u0131lm\u0131\u015ft\u0131r. Bu kademeler \u015fu \u015fekildedir:<\/p>\n\n\n\n<ol class=\"wp-block-list\">\n<li>\u0130lkokul: \u0130lkokul, e\u011fitim hayat\u0131n\u0131n ilk d\u00f6rt y\u0131l\u0131n\u0131 kapsar. Bu d\u00f6nemde \u00f6\u011frenciler, 1. 2. 3. ve 4. s\u0131n\u0131flarda e\u011fitim al\u0131rlar. \u0130lkokulda \u00f6\u011frencilere temel matematik, fen bilimleri, T\u00fcrk\u00e7e, sosyal bilgiler ve g\u00f6rsel sanatlar gibi dersler verilir.<\/li>\n\n\n\n<li>Ortaokul: Ortaokul, e\u011fitim hayat\u0131n\u0131n ikinci k\u0131sm\u0131n\u0131 olu\u015fturur ve d\u00f6rt y\u0131l s\u00fcrer. Bu kademede \u00f6\u011frenciler, 5. 6. 7. ve 8. s\u0131n\u0131flarda e\u011fitim al\u0131rlar. Ortaokulda \u00f6\u011frencilere fen bilimleri, T\u00fcrk\u00e7e, matematik, sosyal bilgiler, yabanc\u0131 dil, beden e\u011fitimi, m\u00fczik ve g\u00f6rsel sanatlar gibi dersler verilir.<\/li>\n\n\n\n<li>Lise: Lise, e\u011fitim hayat\u0131n\u0131n son k\u0131sm\u0131n\u0131 olu\u015fturur ve d\u00f6rt y\u0131l s\u00fcrer. Bu kademede \u00f6\u011frenciler, 9. 10. 11. ve 12. s\u0131n\u0131flarda e\u011fitim al\u0131rlar. Lise \u00f6\u011frencileri, se\u00e7meli derslerle birlikte T\u00fcrk dili ve edebiyat\u0131, matematik, yabanc\u0131 dil, tarih, felsefe, din k\u00fclt\u00fcr\u00fc ve ahlak bilgisi, fizik, kimya, biyoloji, co\u011frafya, m\u00fczik, beden e\u011fitimi, resim ve g\u00f6rsel sanatlar gibi dersler al\u0131rlar.<\/li>\n<\/ol>\n\n\n\n<p>Bu \u015fekilde \u00fc\u00e7 kademeye ayr\u0131lan e\u011fitim sistemi, \u00f6\u011frencilere e\u011fitim hayatlar\u0131 boyunca farkl\u0131 konular\u0131 \u00f6\u011frenme imkan\u0131 sunar ve onlar\u0131 ilgi alanlar\u0131na g\u00f6re y\u00f6nlendirir. Bu sayede \u00f6\u011frenciler, ilgi duyduklar\u0131 konulara daha fazla zaman ay\u0131rabilir ve e\u011fitim hayatlar\u0131 boyunca kendilerini geli\u015ftirme f\u0131rsat\u0131 bulabilirler.<\/p>\n\n\n\n<h2 class=\"wp-block-heading\">Ortaokul E\u011fitimi: Veli Rehberli\u011fi, Ortaokul Rehberlik ve Derslerin \u00d6nemi<\/h2>\n\n\n\n<p>Ortaokul, \u00f6\u011frencilerin liseye haz\u0131rlanmalar\u0131 i\u00e7in \u00f6nemli bir ad\u0131m oldu\u011fu kadar, ailelerin de \u00e7ocuklar\u0131n\u0131n e\u011fitimleri hakk\u0131nda bilgi sahibi olmalar\u0131 i\u00e7in \u00f6nemli bir f\u0131rsatt\u0131r. Bu nedenle, ortaokullarda veli rehberli\u011fi hizmetleri sunulur.<\/p>\n\n\n\n<p>Veli rehberli\u011fi, ebeveynlerin \u00e7ocuklar\u0131n\u0131n e\u011fitim s\u00fcrecinde kar\u015f\u0131la\u015fabilecekleri sorunlara \u00e7\u00f6z\u00fcm yollar\u0131 bulmalar\u0131na yard\u0131mc\u0131 olur. Ayr\u0131ca, velilerin \u00e7ocuklar\u0131na daha iyi destek olabilmeleri i\u00e7in e\u011fitim konular\u0131nda bilgilendirilirler. Veli rehberli\u011fi, \u00e7ocuklar\u0131n akademik, sosyal ve duygusal geli\u015fimlerini desteklemek amac\u0131yla \u00f6\u011frenci rehberlik hizmetleri ile i\u015f birli\u011fi yapar.<\/p>\n\n\n\n<p>Ortaokullarda sunulan bir di\u011fer hizmet de ortaokul rehberlik hizmetleridir. Ortaokul rehberlik hizmetleri, \u00f6\u011frencilerin akademik, sosyal ve psikolojik geli\u015fimlerini desteklemek i\u00e7in tasarlanm\u0131\u015ft\u0131r. Bu hizmetler, \u00f6\u011frencilerin kar\u015f\u0131la\u015fabilecekleri sorunlara \u00e7\u00f6z\u00fcm yollar\u0131 bulmalar\u0131na yard\u0131mc\u0131 olur ve onlar\u0131n geleceklerini \u015fekillendirmelerine katk\u0131 sa\u011flar.<\/p>\n\n\n\n<h2 class=\"wp-block-heading\">Ortaokulda Hangi Dersler Var<\/h2>\n\n\n\n<p>Ortaokulda verilen derslerin \u00e7e\u015fitlili\u011fi ve \u00f6nemi de ortaokulun \u00f6nemini artt\u0131ran fakt\u00f6rlerdendir. T\u00fcrk\u00e7e, matematik, fen bilimleri, sosyal bilgiler, yabanc\u0131 dil, beden e\u011fitimi, m\u00fczik ve g\u00f6rsel sanatlar gibi derslerin verilmesi, \u00f6\u011frencilerin farkl\u0131 konularda bilgi sahibi olmalar\u0131n\u0131 sa\u011flar. Bu derslerin amac\u0131, \u00f6\u011frencilerin bili\u015fsel, duyu\u015fsal, sosyal ve psikomotor geli\u015fimlerini desteklemektir. Peki ortaokulda hangi dersler var?<\/p>\n\n\n\n<p>T\u00fcrk\u00e7e dersleri, \u00f6\u011frencilerin okuma, yazma, dinleme ve konu\u015fma becerilerini geli\u015ftirmeyi hedefler. Matematik dersleri, \u00f6\u011frencilere say\u0131lar, geometri ve \u00f6l\u00e7me gibi konular \u00f6\u011fretilir. Fen bilimleri dersleri, \u00f6\u011frencilerin do\u011fal olaylar\u0131 ve evreni anlamalar\u0131n\u0131 sa\u011flar. Sosyal bilgiler dersleri, tarih, co\u011frafya, vatanda\u015fl\u0131k ve insan haklar\u0131 gibi konular\u0131 ele al\u0131r. Yabanc\u0131 dil dersleri, \u00f6\u011frencilerin dil \u00f6\u011frenme becerilerini geli\u015ftirmeyi ama\u00e7lar. Beden e\u011fitimi dersleri, \u00f6\u011frencilerin fiziksel geli\u015fimlerini desteklerken, m\u00fczik ve g\u00f6rsel sanatlar dersleri, \u00f6\u011frencilerin sanatsal y\u00f6nlerini ke\u015ffetmelerine ve geli\u015ftirmelerine yard\u0131mc\u0131 olur.<\/p>\n\n\n\n<p>Ortaokulda verilen derslerin yan\u0131 s\u0131ra, \u00f6\u011frencilerin ilgi alanlar\u0131na g\u00f6re se\u00e7meli dersler de sunulur. Bu dersler, \u00f6\u011frencilerin farkl\u0131 konular\u0131 ke\u015ffetmelerine ve ilgi alanlar\u0131na g\u00f6re kendilerini geli\u015ftirmelerine f\u0131rsat verir. \u00d6\u011frenciler, se\u00e7meli derslerle birlikte kendilerini ifade etme ve d\u00fc\u015f\u00fcncelerini a\u00e7\u0131k\u00e7a ifade etme becerilerini de geli\u015ftirirler.<\/p>\n\n\n\n<p>T\u00fcm bu hizmetler ve dersler, ortaokulun \u00f6\u011frencilerin akademik, sosyal ve duygusal geli\u015fimlerine katk\u0131 sa\u011flamas\u0131 i\u00e7in tasarlanm\u0131\u015ft\u0131r. Ortaokul, \u00f6\u011frencilerin lise ve \u00fcniversite e\u011fitimleri i\u00e7in haz\u0131rlanmalar\u0131 yan\u0131 s\u0131ra, hayata haz\u0131rlanmalar\u0131 i\u00e7in de \u00f6nemli bir ad\u0131md\u0131r. Bu \u015fekilde ortaokulda hangi dersler var sorusunun cevab\u0131n\u0131 da vermi\u015f olduk.<\/p>\n\n\n\n<figure class=\"wp-block-image size-large\"><img decoding=\"async\" width=\"1024\" height=\"576\" src=\"https:\/\/derstakip.app\/blog\/wp-content\/uploads\/2023\/03\/ortaokul-takibi-veli-rolu-1024x576.jpg\" alt=\"\" class=\"wp-image-288\" srcset=\"https:\/\/derstakip.app\/blog\/wp-content\/uploads\/2023\/03\/ortaokul-takibi-veli-rolu-1024x576.jpg 1024w, https:\/\/derstakip.app\/blog\/wp-content\/uploads\/2023\/03\/ortaokul-takibi-veli-rolu-300x169.jpg 300w, https:\/\/derstakip.app\/blog\/wp-content\/uploads\/2023\/03\/ortaokul-takibi-veli-rolu-768x432.jpg 768w, https:\/\/derstakip.app\/blog\/wp-content\/uploads\/2023\/03\/ortaokul-takibi-veli-rolu-1536x864.jpg 1536w, https:\/\/derstakip.app\/blog\/wp-content\/uploads\/2023\/03\/ortaokul-takibi-veli-rolu.jpg 1920w\" sizes=\"(max-width: 1024px) 100vw, 1024px\" \/><\/figure>\n\n\n\n<p><\/p>\n\n\n\n<h2 class=\"wp-block-heading\">Ortaokul \u00d6\u011frencilerinin Takibinde Velilerin Rol\u00fc<\/h2>\n\n\n\n<p>Ortaokul \u00e7a\u011f\u0131ndaki \u00f6\u011frencilerin e\u011fitim hayatlar\u0131nda velilerin rol\u00fc b\u00fcy\u00fck bir \u00f6nem ta\u015f\u0131yor. Bu d\u00f6nemde \u00f6\u011frencilerin akademik ba\u015far\u0131lar\u0131 kadar, sosyal ve duygusal geli\u015fimleri de velilerin aktif bir \u015fekilde desteklemeleri gereken konular aras\u0131nda yer al\u0131yor.<\/p>\n\n\n\n<p>Velilerin ortaokul \u00f6\u011frencilerinin takibindeki rol\u00fc, \u00f6\u011frencilerin ba\u015far\u0131lar\u0131na ve geleceklerine do\u011frudan etki ediyor. Veliler, \u00e7ocuklar\u0131n\u0131n e\u011fitim hayat\u0131 boyunca onlar\u0131n ba\u015far\u0131lar\u0131na katk\u0131 sa\u011flamal\u0131d\u0131r. Bu katk\u0131, \u00f6\u011frencilerin derslerindeki ba\u015far\u0131lar\u0131ndan ziyade, \u00f6\u011frencilerin akademik hayatlar\u0131na do\u011fru bir \u015fekilde y\u00f6n vererek, onlar\u0131n gelecekteki meslekleriyle ilgili kararlar vermelerine yard\u0131mc\u0131 olmakt\u0131r.<\/p>\n\n\n\n<p>\u00d6\u011frencilerin akademik hayatlar\u0131 velilerin takibi alt\u0131nda olmal\u0131d\u0131r. Veliler, \u00f6\u011frencilerin derslerindeki performanslar\u0131n\u0131 takip ederek, hangi konularda zorland\u0131klar\u0131n\u0131 ve hangi konularda ba\u015far\u0131l\u0131 olduklar\u0131n\u0131 g\u00f6rebilirler. Bu da velilerin \u00f6\u011frencilerine uygun bir \u015fekilde destek olmalar\u0131n\u0131 sa\u011flar. \u00d6rne\u011fin, \u00f6\u011frencilerin zay\u0131f olduklar\u0131 konular hakk\u0131nda ekstra yard\u0131m almalar\u0131n\u0131 sa\u011flayabilirler. B\u00f6ylece, \u00f6\u011frencilerin eksikleri giderilebilir ve akademik ba\u015far\u0131lar\u0131 artt\u0131r\u0131labilir.<\/p>\n\n\n\n<p>Velilerin, \u00f6\u011frencilerin sosyal ve duygusal geli\u015fimlerini de takip etmeleri son derece \u00f6nemlidir. Ortaokul \u00e7a\u011f\u0131, \u00e7ocuklar\u0131n sosyal ve duygusal geli\u015fimlerinde b\u00fcy\u00fck bir etkendir. Veliler, \u00e7ocuklar\u0131n\u0131n arkada\u015fl\u0131k ili\u015fkilerini, okulda ve evdeki davran\u0131\u015flar\u0131n\u0131 takip ederek, \u00e7ocuklar\u0131na do\u011fru y\u00f6nlendirmelerde bulunabilirler. \u00d6rne\u011fin, \u00f6\u011frencilerin problem \u00e7\u00f6zme becerileri, \u00f6z sayg\u0131lar\u0131, empati yetenekleri gibi konularda destek olabilirler.<\/p>\n\n\n\n<p>Veliler ayr\u0131ca, \u00e7ocuklar\u0131n\u0131n ilgi alanlar\u0131n\u0131 ve yeteneklerini ke\u015ffederek, onlar\u0131 gelecekteki mesleklerine y\u00f6nlendirebilirler. B\u00f6ylece, \u00e7ocuklar\u0131n\u0131n ilgi duyduklar\u0131 alanlarda ba\u015far\u0131l\u0131 olmalar\u0131n\u0131 sa\u011flayabilirler. Veliler, \u00e7ocuklar\u0131n\u0131n ilgi alanlar\u0131n\u0131 ke\u015ffetmek i\u00e7in onlarla konu\u015fabilir, onlar\u0131n hobilerine ve faaliyetlerine kat\u0131labilirler. B\u00f6ylece, \u00e7ocuklar\u0131n\u0131n yeteneklerini do\u011fru bir \u015fekilde kullanmalar\u0131na yard\u0131mc\u0131 olabilirler.<\/p>\n\n\n\n<p>Sonu\u00e7 olarak, ortaokul \u00f6\u011frencilerinin takibinde velilerin rol\u00fc son derece \u00f6nemlidir. Veliler, \u00e7ocuklar\u0131n\u0131n akademik ba\u015far\u0131lar\u0131na, sosyal ve duygusal geli\u015fimlerine do\u011frudan etki edebilmektedirler. Veliler, \u00f6\u011frencilerin derslerindeki ba\u015far\u0131lar\u0131n\u0131 takip etmeli, davran\u0131\u015flar\u0131n\u0131 g\u00f6zlemlemeli ve ilgi alanlar\u0131n\u0131 ke\u015ffederek geleceklerine y\u00f6n vermelerine yard\u0131mc\u0131 olmal\u0131d\u0131rlar. Velilerin bu konuda aktif bir \u015fekilde yer almas\u0131, \u00e7ocuklar\u0131n e\u011fitim hayatlar\u0131n\u0131 olumlu bir \u015fekilde etkileyecektir.<\/p>\n\n\n\n<h2 class=\"wp-block-heading\">Velilerin \u00c7ocuklar\u0131n\u0131n Akademik Ba\u015far\u0131s\u0131n\u0131 Takip Etmeleri<\/h2>\n\n\n\n<ul class=\"wp-block-list\">\n<li>\u00c7ocuklar\u0131n notlar\u0131n\u0131 d\u00fczenli olarak kontrol edin. E\u011fer rapor kart\u0131n\u0131z\u0131n nas\u0131l yorumlanaca\u011f\u0131ndan emin de\u011filseniz, \u00f6\u011fretmen veya dan\u0131\u015fman yard\u0131m\u0131 isteyin.<\/li>\n\n\n\n<li>\u00d6devlerinde yard\u0131mc\u0131 olun. E\u011fer \u00e7ocu\u011funuz belirli bir konuda zorluk ya\u015f\u0131yorsa, nedenini \u00f6\u011frenmeye \u00e7al\u0131\u015f\u0131n ve gerekti\u011finde yard\u0131m edin.<\/li>\n\n\n\n<li>Okul \u00e7al\u0131\u015fmalar\u0131n\u0131 takip etmek i\u00e7in okuma, not alma ve takip etme gibi iyi \u00e7al\u0131\u015fma al\u0131\u015fkanl\u0131klar\u0131n\u0131 te\u015fvik edin (telefon g\u00f6r\u00fc\u015fmeleri veya e-postalar arac\u0131l\u0131\u011f\u0131yla yap\u0131labilecek bir \u015feydir).<\/li>\n<\/ul>\n\n\n\n<h2 class=\"wp-block-heading\">Velilerin \u00c7ocuklar\u0131n\u0131n Sosyal ve Duygusal Geli\u015fimlerini Takip Etmeleri<\/h2>\n\n\n\n<p>\u00c7ocuklar da aileleri taraf\u0131ndan desteklenmelidir. Bu nedenle, \u00e7ocuklarla konu\u015farak ve g\u00fcnl\u00fck ya\u015famlar\u0131nda neler ya\u015fad\u0131klar\u0131n\u0131 sormak, okuldaki deneyimlerinin sizin d\u00fc\u015f\u00fcnd\u00fc\u011f\u00fcn\u00fczden farkl\u0131 olabilece\u011fini anlaman\u0131za yard\u0131mc\u0131 olacakt\u0131r. \u00d6\u011fretmen veya di\u011fer ebeveynlerin yapt\u0131klar\u0131ndan farkl\u0131 bir yakla\u015f\u0131m benimseyerek, \u00e7ocu\u011funuzun geli\u015fimini benzersiz bir \u015fekilde desteklemeniz de faydal\u0131 olabilir.<\/p>\n\n\n\n<h3 class=\"wp-block-heading\">Velilerin \u00c7ocuklar\u0131n\u0131n Performanslar\u0131n\u0131 Geli\u015ftirmeleri<\/h3>\n\n\n\n<ul class=\"wp-block-list\">\n<li>Akademik ba\u015far\u0131y\u0131 te\u015fvik edin.<\/li>\n\n\n\n<li>Rehberlik ve destek sa\u011flay\u0131n.<\/li>\n\n\n\n<li>\u0130lerlemeyi izleyin.<\/li>\n<\/ul>\n\n\n\n<h3 class=\"wp-block-heading\">Velilerin \u00c7ocuklar\u0131n\u0131n Motivasyonunu Art\u0131rmalar\u0131<\/h3>\n\n\n\n<ul class=\"wp-block-list\">\n<li>Ba\u015far\u0131lar\u0131 tan\u0131y\u0131n ve \u00f6d\u00fcllendirin.<\/li>\n\n\n\n<li>Olumlu bir tutum sergileyin.<\/li>\n\n\n\n<li>Eri\u015filebilir hedefler belirleyin ve \u00e7ocu\u011funuzun bu hedefleri ba\u015farmas\u0131na yard\u0131mc\u0131 olun.<\/li>\n<\/ul>\n\n\n\n<h3 class=\"wp-block-heading\">Velilerin \u00c7ocuklar\u0131n\u0131n Zaman Y\u00f6netimini \u00d6\u011frenmeleri<\/h3>\n\n\n\n<ul class=\"wp-block-list\">\n<li>\u00c7ocu\u011funuzun hedefler belirlemesine ve bir plan olu\u015fturmas\u0131na te\u015fvik edin.<\/li>\n\n\n\n<li>Organizasyon becerileri \u00f6\u011fretin.<\/li>\n\n\n\n<li>Takvimleri etkili bir \u015fekilde kullan\u0131n ve \u00f6devleri takip edin.<\/li>\n<\/ul>\n\n\n\n<h3 class=\"wp-block-heading\">Velilerin \u00c7ocuklar\u0131n\u0131n Problem \u00c7\u00f6zme Yeteneklerini Geli\u015ftirmeleri<\/h3>\n\n\n\n<ul class=\"wp-block-list\">\n<li>\u00c7ocu\u011funuzun ba\u011f\u0131ms\u0131z d\u00fc\u015f\u00fcnmesini te\u015fvik edin.<\/li>\n\n\n\n<li>Sorun \u00e7\u00f6zme becerileri geli\u015ftirmesine yard\u0131mc\u0131 olmak i\u00e7in, &#8220;Kolu iki kat h\u0131zl\u0131 \u00e7evirirsek ne olur?&#8221; veya &#8220;Bu oyuncak daha iyi \u00e7al\u0131\u015fmas\u0131 i\u00e7in nas\u0131l yapabiliriz?&#8221; gibi mant\u0131k ve ele\u015ftirel d\u00fc\u015f\u00fcnmeyi gerektiren sorular sorun.<\/li>\n\n\n\n<li>E\u011fer \u00e7ocu\u011funuz bir s\u0131n\u0131f arkada\u015f\u0131 veya arkada\u015f\u0131yla sorun ya\u015farsa, di\u011fer \u00e7ocuklarla kavga etmek yerine, sorunun \u00e7\u00f6z\u00fcm\u00fcne yard\u0131mc\u0131 olacak bir yeti\u015fkine ba\u015fvurmas\u0131n\u0131 te\u015fvik edin.<\/li>\n<\/ul>\n\n\n\n<h3 class=\"wp-block-heading\">Velilerin \u00c7ocuklar\u0131n\u0131n Okul Hayat\u0131na Adapte Olmalar\u0131n\u0131 Sa\u011flamalar\u0131<\/h3>\n\n\n\n<ul class=\"wp-block-list\">\n<li>\u00c7ocu\u011funuzun arkada\u015f edinmesine yard\u0131mc\u0131 olun.<\/li>\n\n\n\n<li>Aktivitelere kat\u0131l\u0131m\u0131 te\u015fvik edin.<\/li>\n\n\n\n<li>Okul i\u015fleri hakk\u0131nda rehberlik sa\u011flay\u0131n ve \u00f6devlerini zaman\u0131nda tamamlamas\u0131n\u0131 te\u015fvik edin.<\/li>\n<\/ul>\n\n\n\n<h3 class=\"wp-block-heading\">Velilerin \u00c7ocuklar\u0131n\u0131n \u0130leti\u015fim Yeteneklerini Geli\u015ftirmeleri<\/h3>\n\n\n\n<ul class=\"wp-block-list\">\n<li>\u00c7ocuklara kendilerini ifade etmeyi \u00f6\u011fretin.<\/li>\n\n\n\n<li>\u00c7ocuklar\u0131n ba\u015fkalar\u0131n\u0131 anlamas\u0131na yard\u0131mc\u0131 olun.<\/li>\n\n\n\n<li>Aktif dinleme konusunda te\u015fvik edin.<\/li>\n<\/ul>\n\n\n\n<figure class=\"wp-block-image size-large\"><img decoding=\"async\" width=\"1024\" height=\"576\" src=\"https:\/\/derstakip.app\/blog\/wp-content\/uploads\/2023\/03\/okul-disi-etkinliklerin-onemi-1024x576.jpg\" alt=\"\" class=\"wp-image-289\" srcset=\"https:\/\/derstakip.app\/blog\/wp-content\/uploads\/2023\/03\/okul-disi-etkinliklerin-onemi-1024x576.jpg 1024w, https:\/\/derstakip.app\/blog\/wp-content\/uploads\/2023\/03\/okul-disi-etkinliklerin-onemi-300x169.jpg 300w, https:\/\/derstakip.app\/blog\/wp-content\/uploads\/2023\/03\/okul-disi-etkinliklerin-onemi-768x432.jpg 768w, https:\/\/derstakip.app\/blog\/wp-content\/uploads\/2023\/03\/okul-disi-etkinliklerin-onemi-1536x864.jpg 1536w, https:\/\/derstakip.app\/blog\/wp-content\/uploads\/2023\/03\/okul-disi-etkinliklerin-onemi.jpg 1920w\" sizes=\"(max-width: 1024px) 100vw, 1024px\" \/><\/figure>\n\n\n\n<h2 class=\"wp-block-heading\">Velilerin \u00c7ocuklar\u0131n\u0131n Okul D\u0131\u015f\u0131 Etkinliklere Kat\u0131lmalar\u0131n\u0131 Desteklemeleri<\/h2>\n\n\n\n<p>\u00c7ocuklar\u0131n\u0131z\u0131n okul d\u0131\u015f\u0131 etkinliklere kat\u0131lmas\u0131n\u0131 te\u015fvik etmenin \u00f6nemi vurgulanamaz. Bu etkinlikler, \u00e7ocu\u011funuzun ilgi alanlar\u0131n\u0131 ke\u015ffetmesine ve ileride i\u015fe yarayacak beceriler geli\u015ftirmesine yard\u0131mc\u0131 olabilir. Ancak, g\u00fcvenli\u011fe dair rehberlik sa\u011flarken de dikkatli olman\u0131z \u00f6nemlidir. \u00c7ocuklar\u0131n okul i\u015fleriyle ilgili olarak evdeki deste\u011finizin yan\u0131 s\u0131ra, iyi \u00e7al\u0131\u015fma al\u0131\u015fkanl\u0131klar\u0131 ve \u00f6\u011frenme stratejileri geli\u015ftirmelerine yard\u0131mc\u0131 olmak i\u00e7in \u00f6\u011fretmenlerle d\u00fczenli ileti\u015fim halinde olmal\u0131s\u0131n\u0131z. Bu, akademik olarak nas\u0131l ba\u015far\u0131l\u0131 olduklar\u0131n\u0131 tart\u0131\u015fmak i\u00e7in d\u00fczenli olarak okul toplant\u0131lar\u0131na kat\u0131larak yap\u0131labilir.<\/p>\n\n\n\n<h2 class=\"wp-block-heading\">Velilerin \u00c7ocuklar\u0131n\u0131n \u00d6zg\u00fcvenini Art\u0131rmalar\u0131<\/h2>\n\n\n\n<p>\u00c7ocu\u011funuzun \u00f6zg\u00fcvenini art\u0131rmak i\u00e7in \u015funlar\u0131 yapabilirsiniz:<\/p>\n\n\n\n<ul class=\"wp-block-list\">\n<li>Olumlu bir tutum sergileyin. \u00c7ocu\u011funuzun \u00e7abalar\u0131n\u0131 ve ba\u015far\u0131lar\u0131n\u0131 \u00f6v\u00fcn, hatta k\u00fc\u00e7\u00fck olsalar bile.<\/li>\n\n\n\n<li>\u00c7ocuklara hatalar\u0131n normal oldu\u011funu \u00f6\u011fretin. \u00c7ocu\u011funuz hata yapt\u0131\u011f\u0131nda panik yapmay\u0131n &#8211; herkesin ba\u015f\u0131na gelebilece\u011fini anlat\u0131n!<\/li>\n\n\n\n<li>Okul i\u015fleri d\u0131\u015f\u0131nda ilgilendikleri \u015feylere de ilgi g\u00f6sterin. E\u011fer \u00e7ocu\u011funuz sanata veya sporlara ilgi duyuyorsa, onlar\u0131 te\u015fvik edin!<\/li>\n<\/ul>\n\n\n\n<h2 class=\"wp-block-heading\">Velinin Rehberlik ve Ortaokul Rehberlik Hizmetleri<\/h2>\n\n\n\n<p>Velilerin, \u00e7ocuklar\u0131n\u0131n geli\u015fimindeki en \u00f6nemli payda\u015flardan biri olduklar\u0131 tart\u0131\u015f\u0131lmaz bir ger\u00e7ektir. Ancak g\u00fcn\u00fcm\u00fczde, \u00e7ocuklar\u0131n farkl\u0131 zorluklarla kar\u015f\u0131la\u015ft\u0131\u011f\u0131 bir d\u00fcnyada, velilerin \u00e7ocuklar\u0131na do\u011fru rehberlik sa\u011flamalar\u0131 giderek zorla\u015fmaktad\u0131r. Bu noktada, velilerin ortaokul rehberlik hizmetlerinden yararlanarak \u00e7ocuklar\u0131na destek olmalar\u0131 olduk\u00e7a \u00f6nemlidir.<\/p>\n\n\n\n<p>Ortaokul d\u00f6nemi, \u00e7ocuklar\u0131n fiziksel, sosyal, duygusal ve akademik a\u00e7\u0131dan bir\u00e7ok de\u011fi\u015fim ya\u015fad\u0131\u011f\u0131 bir d\u00f6nemdir. Bu nedenle, velilerin bu d\u00f6nemde \u00e7ocuklar\u0131n\u0131n ihtiya\u00e7lar\u0131na uygun bir \u015fekilde davranmalar\u0131 ve do\u011fru rehberlik sa\u011flamalar\u0131 olduk\u00e7a kritiktir. Velilerin, \u00e7ocuklar\u0131na y\u00f6nelik rehberlik hizmetlerinden yararlanarak, \u00e7ocuklar\u0131n\u0131n akademik ba\u015far\u0131lar\u0131n\u0131 art\u0131rabilecekleri, sosyal ve duygusal geli\u015fimlerine katk\u0131 sa\u011flayabilecekleri gibi bir\u00e7ok fayda elde edebilecekleri unutulmamal\u0131d\u0131r.<\/p>\n\n\n\n<p>Veli rehberlik hizmetleri, velilerin \u00e7ocuklar\u0131na do\u011fru y\u00f6nlendirmeler yapmalar\u0131na yard\u0131mc\u0131 olurken, \u00e7ocuklar\u0131n da okul hayatlar\u0131ndaki ba\u015far\u0131lar\u0131n\u0131 art\u0131rmalar\u0131na destek olur. Ortaokul rehberlik hizmetleri ise bu d\u00f6nemdeki \u00e7ocuklar\u0131n \u00f6zellikle akademik, sosyal ve duygusal geli\u015fimleri ile ilgili konularda destek sa\u011flar. Bu destekler sayesinde, \u00e7ocuklar\u0131n \u00f6zg\u00fcvenleri artar, okul ba\u015far\u0131lar\u0131 y\u00fckselir ve gelecekteki hedeflerine daha kolay bir \u015fekilde ula\u015fabilirler.<\/p>\n\n\n\n<p>Velilerin, ortaokul d\u00f6neminde \u00e7ocuklar\u0131na do\u011fru rehberlik sa\u011flamalar\u0131 i\u00e7in, veli rehberlik hizmetlerinden yararlanmalar\u0131 olduk\u00e7a \u00f6nemlidir. Bu hizmetler sayesinde, veliler \u00e7ocuklar\u0131n\u0131n ihtiya\u00e7lar\u0131na uygun bir \u015fekilde davranarak, onlar\u0131n geli\u015fimine katk\u0131 sa\u011flayabilirler. Ayr\u0131ca, bu hizmetler sayesinde veliler de \u00e7ocuklar\u0131yla daha iyi ileti\u015fim kurabilir ve onlar\u0131n hayatlar\u0131na daha aktif bir \u015fekilde kat\u0131labilirler.<\/p>\n\n\n\n<p>Sonu\u00e7 olarak, velilerin ortaokul d\u00f6nemindeki \u00e7ocuklar\u0131na do\u011fru rehberlik sa\u011flamalar\u0131 olduk\u00e7a \u00f6nemlidir. Velilerin bu s\u00fcre\u00e7te veli rehberlik hizmetlerinden yararlanarak, \u00e7ocuklar\u0131na do\u011fru y\u00f6nlendirmeler yapmalar\u0131 ve onlar\u0131n geli\u015fimine katk\u0131 sa\u011flamalar\u0131, \u00e7ocuklar\u0131n gelecekteki ba\u015far\u0131lar\u0131 i\u00e7in olduk\u00e7a kritiktir.<\/p>\n\n\n\n<h2 class=\"wp-block-heading\">Ders Takip: Veli Rehberlik \u0130\u00e7in Yard\u0131mc\u0131 <\/h2>\n\n\n\n<p><a href=\"http:\/\/derstakip.app\">DersTakip<\/a>, \u00f6\u011frencilerin ve velilerin e\u011fitim hayatlar\u0131na destek olmak i\u00e7in geli\u015ftirilmi\u015f bir uygulamad\u0131r. Bu uygulama, \u00f6\u011frencilerin derslerine daha iyi odaklanmalar\u0131n\u0131, \u00f6\u011frenme s\u00fcre\u00e7lerini daha verimli hale getirmelerini ve ba\u015far\u0131lar\u0131n\u0131 art\u0131rmalar\u0131n\u0131 sa\u011flamaktad\u0131r. Ayr\u0131ca, velilerin de \u00e7ocuklar\u0131n\u0131n e\u011fitim hayatlar\u0131na daha aktif bir \u015fekilde kat\u0131lmalar\u0131na olanak tan\u0131yan bir platformdur.<\/p>\n\n\n\n<p>Derstakip.app&#8217;in \u00f6zellikleri aras\u0131nda, \u00f6\u011frencilerin derslerini takip edebilecekleri, \u00f6devlerini ve s\u0131navlar\u0131n\u0131 planlayabilecekleri bir takvim, \u00f6\u011fretmenlerinden ald\u0131klar\u0131 notlar\u0131 kaydedebilecekleri bir not defteri, akademik ba\u015far\u0131lar\u0131n\u0131 takip edebilecekleri bir raporlama sistemi ve hatta konu anlat\u0131m videolar\u0131 ve soru \u00e7\u00f6z\u00fcmleri gibi bir\u00e7ok e\u011fitici materyal yer almaktad\u0131r.<\/p>\n\n\n\n<p>Veliler de bu uygulama sayesinde, \u00e7ocuklar\u0131n\u0131n derslerini takip edebilir, \u00f6devlerini ve s\u0131navlar\u0131n\u0131 planlayabilir, \u00f6\u011fretmenleri ile ileti\u015fim halinde olabilir ve \u00e7ocuklar\u0131n\u0131n akademik ba\u015far\u0131lar\u0131n\u0131 takip edebilirler. Ayr\u0131ca, veliler, uygulama \u00fczerinden \u00f6\u011fretmenlerle toplant\u0131lar ayarlayabilir ve \u00e7ocuklar\u0131n\u0131n \u00f6\u011fretmenleri ile daha yak\u0131n bir ileti\u015fim kurabilirler.<\/p>\n\n\n\n<p>Derstakip.app&#8217;in kullan\u0131m\u0131 olduk\u00e7a kolayd\u0131r ve herkesin kullanabilece\u011fi bir aray\u00fcze sahiptir. Ayr\u0131ca, uygulaman\u0131n mobil versiyonu da bulunmaktad\u0131r, bu sayede \u00f6\u011frenciler ve veliler, diledikleri zaman ve yerde uygulamay\u0131 kullanarak e\u011fitim hayatlar\u0131n\u0131 takip edebilirler. <\/p>\n\n\n\n<p>Bu nedenlerle, velilerin ve \u00f6\u011frencilerin Derstakip.app&#8217;i kullanmalar\u0131 olduk\u00e7a \u00f6nemlidir. Bu uygulama, \u00f6\u011frencilerin akademik ba\u015far\u0131lar\u0131n\u0131 art\u0131rmalar\u0131na, velilerin \u00e7ocuklar\u0131n\u0131n e\u011fitim hayatlar\u0131na daha aktif bir \u015fekilde kat\u0131lmalar\u0131na olanak tan\u0131r. Derstakip.app&#8217;i kullanarak, \u00f6\u011frencilerin ve velilerin e\u011fitim hayatlar\u0131na destek olabilirsiniz. Uygulamaya hem <a href=\"https:\/\/apple.co\/3Dveli8\" target=\"_blank\" rel=\"noopener\">App Store<\/a> hem de <a href=\"https:\/\/bit.ly\/3gCsiBE\" target=\"_blank\" rel=\"noopener\">Play Store<\/a>&#8216;dan eri\u015febilirsiniz.<\/p>\n","protected":false},"excerpt":{"rendered":"<p>Velilerin Ortaokul \u00d6\u011frencilerini Takip Etmesi: Neden \u00d6nemlidir? Ortaokul \u00e7a\u011f\u0131ndaki \u00f6\u011frencilerin e\u011fitim hayatlar\u0131nda bir\u00e7ok zorlu\u011fun \u00fcstesinden gelmeleri gerekiyor. Bu d\u00f6nemde \u00f6\u011frencilerin akademik ba\u015far\u0131lar\u0131 kadar, sosyal ve duygusal geli\u015fimleri de b\u00fcy\u00fck bir \u00f6nem ta\u015f\u0131yor. Bu nedenle, velilerin ortaokul \u00f6\u011frencilerini takip etmesi son derece \u00f6nemlidir. Veliler, \u00e7ocuklar\u0131n\u0131n e\u011fitim hayat\u0131 boyunca onlar\u0131n ba\u015far\u0131lar\u0131na katk\u0131 sa\u011flamal\u0131d\u0131r. Ortaokul \u00e7a\u011f\u0131, \u00e7ocuklar\u0131n gelecekteki&#8230;<\/p>\n","protected":false},"author":1,"featured_media":287,"comment_status":"open","ping_status":"open","sticky":false,"template":"","format":"standard","meta":{"footnotes":""},"categories":[30],"tags":[],"class_list":["post-285","post","type-post","status-publish","format-standard","has-post-thumbnail","hentry","category-veli"],"_links":{"self":[{"href":"https:\/\/derstakip.app\/blog\/wp-json\/wp\/v2\/posts\/285","targetHints":{"allow":["GET"]}}],"collection":[{"href":"https:\/\/derstakip.app\/blog\/wp-json\/wp\/v2\/posts"}],"about":[{"href":"https:\/\/derstakip.app\/blog\/wp-json\/wp\/v2\/types\/post"}],"author":[{"embeddable":true,"href":"https:\/\/derstakip.app\/blog\/wp-json\/wp\/v2\/users\/1"}],"replies":[{"embeddable":true,"href":"https:\/\/derstakip.app\/blog\/wp-json\/wp\/v2\/comments?post=285"}],"version-history":[{"count":3,"href":"https:\/\/derstakip.app\/blog\/wp-json\/wp\/v2\/posts\/285\/revisions"}],"predecessor-version":[{"id":325,"href":"https:\/\/derstakip.app\/blog\/wp-json\/wp\/v2\/posts\/285\/revisions\/325"}],"wp:featuredmedia":[{"embeddable":true,"href":"https:\/\/derstakip.app\/blog\/wp-json\/wp\/v2\/media\/287"}],"wp:attachment":[{"href":"https:\/\/derstakip.app\/blog\/wp-json\/wp\/v2\/media?parent=285"}],"wp:term":[{"taxonomy":"category","embeddable":true,"href":"https:\/\/derstakip.app\/blog\/wp-json\/wp\/v2\/categories?post=285"},{"taxonomy":"post_tag","embeddable":true,"href":"https:\/\/derstakip.app\/blog\/wp-json\/wp\/v2\/tags?post=285"}],"curies":[{"name":"wp","href":"https:\/\/api.w.org\/{rel}","templated":true}]}}