{"id":2821,"date":"2025-09-07T14:13:10","date_gmt":"2025-09-07T11:13:10","guid":{"rendered":"https:\/\/derstakip.app\/blog\/2025-kpss-a-grubu-genel-yetenek-genel-kultur-oturumu-nasil-gecti-zor-muydu\/"},"modified":"2025-09-07T14:13:10","modified_gmt":"2025-09-07T11:13:10","slug":"2025-kpss-a-grubu-genel-yetenek-genel-kultur-oturumu-nasil-gecti-zor-muydu","status":"publish","type":"post","link":"https:\/\/derstakip.app\/blog\/2025-kpss-a-grubu-genel-yetenek-genel-kultur-oturumu-nasil-gecti-zor-muydu\/","title":{"rendered":"2025 KPSS A Grubu Genel Yetenek-Genel K\u00fclt\u00fcr Oturumu Nas\u0131l Ge\u00e7ti? Zor Muydu?"},"content":{"rendered":"<p>2025 KPSS A Grubu Genel Yetenek-Genel K\u00fclt\u00fcr Oturumu, s\u0131nava kat\u0131lan adaylar aras\u0131nda olduk\u00e7a merak edilen bir konu haline geldi. S\u0131nav sonras\u0131nda olu\u015fan <strong>2025 KPSS s\u0131nav yorumlar\u0131<\/strong>, pek \u00e7ok aday\u0131n ba\u015far\u0131l\u0131 olup olamad\u0131\u011f\u0131na dair tahminler y\u00fcr\u00fctmesine neden oldu. Peki, s\u0131nav ger\u00e7ekten zor muydu? \u0130\u015fte s\u0131navdan gelen ilk izlenimlere dayal\u0131 bir de\u011ferlendirme.<\/p>\n<h2>S\u0131nav\u0131n Genel De\u011ferlendirmesi<\/h2>\n<p>S\u0131nav g\u00fcn\u00fc, adaylar kayg\u0131 ve heyecan i\u00e7inde beklediler. Soru tiplerinin zenginli\u011fi, baz\u0131 \u00f6\u011frencileri zorlad\u0131. Yanl\u0131\u015f cevaplar do\u011fru cevaplar\u0131 etkiledi. Adaylar, g\u00f6zlemlerine g\u00f6re, genel yetenek b\u00f6l\u00fcm\u00fcnde mant\u0131k sorular\u0131n\u0131n daha fazla yer ald\u0131\u011f\u0131n\u0131 belirttiler. E\u011fitici ve yarat\u0131c\u0131 sorular, baz\u0131 kat\u0131l\u0131mc\u0131lar\u0131 rahats\u0131z etti. Genel k\u00fclt\u00fcr k\u0131sm\u0131nda ise g\u00fcncel olaylara dair sorular\u0131n fazla olmas\u0131 dikkat \u00e7ekti.<\/p>\n<h3>Soru Da\u011f\u0131l\u0131m\u0131 ve Zorluk Seviyesi<\/h3>\n<p>Sorular\u0131n da\u011f\u0131l\u0131m\u0131, bir\u00e7ok aday\u0131n kafas\u0131nda soru i\u015fareti olu\u015fturdu. Her ne kadar baz\u0131 adaylar sorular\u0131 kolay bulsa da, bir k\u0131s\u0131m ise \u00e7\u0131k\u0131\u015fta olduk\u00e7a zorland\u0131klar\u0131n\u0131 ifade ettiler. \u00d6rne\u011fin, T\u00fcrk\u00e7e b\u00f6l\u00fcm\u00fcndeki soyut sorular, yorum yapma yetene\u011fini \u00f6n plana \u00e7\u0131kard\u0131. Sosyal bilimler k\u0131sm\u0131nda ise daha \u00e7ok haf\u0131zaya dayal\u0131 sorular g\u00fcndeme geldi. Neticede, baz\u0131 adaylar\u0131n ge\u00e7mi\u015f y\u0131llara oranla daha fazla zorland\u0131\u011f\u0131 s\u00f6ylenebilir.<\/p>\n<h4>Adaylar\u0131n Renkli Yorumlar\u0131<\/h4>\n<p>Adaylar aras\u0131nda yap\u0131lan de\u011ferlendirmelerde dikkat \u00e7eken yorumlar oldu. \u201cHerkesin do\u011fru cevap say\u0131s\u0131n\u0131 merak etti\u011fini d\u00fc\u015f\u00fcn\u00fcyordum ama bu sefer sorular ger\u00e7ekten d\u00fc\u015f\u00fcnd\u00fcr\u00fcc\u00fcyd\u00fc.\u201d diyen bir \u00f6\u011frenci, yarat\u0131c\u0131 yanlar\u0131n\u0131n \u00f6n planda oldu\u011fu bir s\u0131nav deneyimi ya\u015fad\u0131\u011f\u0131n\u0131 belirtti. &#8220;\u00d6zellikle sorunlar\u0131n mant\u0131k y\u00fcr\u00fctmeye y\u00f6nelik olmas\u0131 beni zorlad\u0131.&#8221; c\u00fcmlesini kurmas\u0131 ise bir\u00e7ok ki\u015finin deneyimlerine \u0131\u015f\u0131k tuttu.<\/p>\n<h2>Gelecekteki De\u011fi\u015fimlerin Etkisi<\/h2>\n<p>2025 KPSS s\u0131nav\u0131, daha \u00f6nceki y\u0131llara g\u00f6re baz\u0131 yenilikler i\u00e7eriyor. Adaylar, bu yeniliklerin s\u0131nav\u0131n zorluk seviyesini etkileyip etkilemeyece\u011fi konusunda merak i\u00e7inde. Gelen ele\u015ftirilerle \u00d6SYM\u2019nin bu durumu de\u011ferlendirmesi bekleniyor. Bu t\u00fcr de\u011fi\u015fiklikler, \u00e7ok say\u0131da \u00e7al\u0131\u015fmay\u0131 ve haz\u0131rl\u0131\u011f\u0131 gerektiriyor. \u0130lkdefa bu kadar fazla genel k\u00fclt\u00fcr sorusu soruldu\u011funu g\u00f6z \u00f6n\u00fcnde bulundurursak, \u00f6rt\u00fc\u015fen konularda haz\u0131rl\u0131k yapan \u00f6\u011frencileri etkilemi\u015f olabilir.<\/p>\n<h3>Destekleyici Ara\u00e7lar: DersTakip<\/h3>\n<p>\u00c7al\u0131\u015fma s\u00fcresi ve verimlilik konusunda, <a href=\"https:\/\/www.derstakip.com\" target=\"_blank\" rel=\"noopener\">DersTakip<\/a> uygulamas\u0131, bu s\u00fcre\u00e7te \u00f6\u011frencilere b\u00fcy\u00fck kolayl\u0131klar sa\u011fl\u0131yor. Ak\u0131ll\u0131 seans takibi ve ilerleme analizleriyle, s\u0131nav haz\u0131rl\u0131klar\u0131n\u0131 daha verimli bir hale getiriyor. Bu anlamda, DersTakip\u2019i kullanmak isteyenleri te\u015fvik eden bir\u00e7ok \u00f6\u011frencinin yorumlar\u0131 mevcut. <\/p>\n<h4>Hedef Belirleme ve Ba\u015far\u0131<\/h4>\n<p>Adaylar, belirledikleri hedefler do\u011frultusunda ilerleyerek olduk\u00e7a motive oldular. &#8220;G\u00fcnl\u00fck ve haftal\u0131k hedefler belirlemek, s\u0131nav i\u00e7in beni \u00e7ok motive etti.&#8221; diyen gen\u00e7ler, bu t\u00fcr uygulamalar\u0131n destekleyici etkisi sayesinde ba\u015far\u0131 oranlar\u0131n\u0131n artaca\u011f\u0131n\u0131 d\u00fc\u015f\u00fcnd\u00fcklerini belirtti.<\/p>\n<h2>Sonu\u00e7: Gelecek \u00dczerine<\/h2>\n<p>\u00d6n\u00fcm\u00fczdeki g\u00fcnlerde 2025 KPSS s\u0131nav sonu\u00e7lar\u0131 a\u00e7\u0131klanacak ve herkes s\u0131nav\u0131n nas\u0131l ge\u00e7ti\u011fini \u00f6\u011frenmi\u015f olacak. Adaylar aras\u0131nda belirsizlik h\u00e2l\u00e2 s\u00fcrerken, geli\u015fmelerin ya\u015fanmas\u0131 bekleniyor. \u00d6\u011frencilerin bu s\u0131nav \u00fczerinden ald\u0131klar\u0131 dersler, gelecek y\u0131llardaki s\u0131navlar i\u00e7in de etkili olacak. Bu y\u0131lki ciddi \u00e7al\u0131\u015fma temposu ve \u00e7\u00f6z\u00fcme y\u00f6nelik yakla\u015f\u0131mlar, olarak yorumlamak m\u00fcmk\u00fcn. <\/p>\n<h2>SSS (S\u0131k\u00e7a Sorulan Sorular)<\/h2>\n<ul>\n<li><strong>2025 KPSS s\u0131nav yorumlar\u0131 nerede yer al\u0131yor?<\/strong> Adaylar\u0131n yorumlar\u0131n\u0131 sosyal medya platformlar\u0131nda ve forumlarda g\u00f6rebilirsiniz.<\/li>\n<li><strong>S\u0131nav\u0131n zorluk seviyesi neydi?<\/strong> Baz\u0131 adaylar zor bulurken, baz\u0131lar\u0131 daha \u00f6nceki y\u0131llara g\u00f6re daha kolay oldu\u011funu belirtti.<\/li>\n<li><strong>DersTakip uygulamas\u0131 nas\u0131l yard\u0131mc\u0131 oluyor?<\/strong> \u00c7al\u0131\u015fma s\u00fcrelerinizi takip ederek s\u00fcrecinizi optimize etmenize yard\u0131mc\u0131 olur.<\/li>\n<li><strong>Sonu\u00e7lar ne zaman a\u00e7\u0131klanacak?<\/strong> 2025 KPSS sonu\u00e7lar\u0131n\u0131n a\u00e7\u0131klanma tarihi, s\u0131navdan yakla\u015f\u0131k bir ay sonrad\u0131r.<\/li>\n<\/ul>\n","protected":false},"excerpt":{"rendered":"<p>2025 KPSS A Grubu Genel Yetenek-Genel K\u00fclt\u00fcr Oturumu, s\u0131nava kat\u0131lan adaylar aras\u0131nda olduk\u00e7a merak edilen bir konu haline geldi. S\u0131nav sonras\u0131nda olu\u015fan 2025 KPSS s\u0131nav yorumlar\u0131, pek \u00e7ok aday\u0131n ba\u015far\u0131l\u0131 olup olamad\u0131\u011f\u0131na dair tahminler y\u00fcr\u00fctmesine neden oldu. Peki, s\u0131nav ger\u00e7ekten zor muydu? \u0130\u015fte s\u0131navdan gelen ilk izlenimlere dayal\u0131 bir de\u011ferlendirme. S\u0131nav\u0131n Genel De\u011ferlendirmesi S\u0131nav g\u00fcn\u00fc,&#8230;<\/p>\n","protected":false},"author":1,"featured_media":2820,"comment_status":"open","ping_status":"open","sticky":false,"template":"","format":"standard","meta":{"footnotes":""},"categories":[84],"tags":[],"class_list":["post-2821","post","type-post","status-publish","format-standard","has-post-thumbnail","hentry","category-haber"],"_links":{"self":[{"href":"https:\/\/derstakip.app\/blog\/wp-json\/wp\/v2\/posts\/2821","targetHints":{"allow":["GET"]}}],"collection":[{"href":"https:\/\/derstakip.app\/blog\/wp-json\/wp\/v2\/posts"}],"about":[{"href":"https:\/\/derstakip.app\/blog\/wp-json\/wp\/v2\/types\/post"}],"author":[{"embeddable":true,"href":"https:\/\/derstakip.app\/blog\/wp-json\/wp\/v2\/users\/1"}],"replies":[{"embeddable":true,"href":"https:\/\/derstakip.app\/blog\/wp-json\/wp\/v2\/comments?post=2821"}],"version-history":[{"count":0,"href":"https:\/\/derstakip.app\/blog\/wp-json\/wp\/v2\/posts\/2821\/revisions"}],"wp:featuredmedia":[{"embeddable":true,"href":"https:\/\/derstakip.app\/blog\/wp-json\/wp\/v2\/media\/2820"}],"wp:attachment":[{"href":"https:\/\/derstakip.app\/blog\/wp-json\/wp\/v2\/media?parent=2821"}],"wp:term":[{"taxonomy":"category","embeddable":true,"href":"https:\/\/derstakip.app\/blog\/wp-json\/wp\/v2\/categories?post=2821"},{"taxonomy":"post_tag","embeddable":true,"href":"https:\/\/derstakip.app\/blog\/wp-json\/wp\/v2\/tags?post=2821"}],"curies":[{"name":"wp","href":"https:\/\/api.w.org\/{rel}","templated":true}]}}