{"id":2817,"date":"2025-09-07T01:38:54","date_gmt":"2025-09-06T22:38:54","guid":{"rendered":"https:\/\/derstakip.app\/blog\/2025-yks-calisma-programi-turk-dis-politikasi-ile-gecmisi-kesfedin\/"},"modified":"2025-09-07T01:38:54","modified_gmt":"2025-09-06T22:38:54","slug":"2025-yks-calisma-programi-turk-dis-politikasi-ile-gecmisi-kesfedin","status":"publish","type":"post","link":"https:\/\/derstakip.app\/blog\/2025-yks-calisma-programi-turk-dis-politikasi-ile-gecmisi-kesfedin\/","title":{"rendered":"2025 YKS \u00c7al\u0131\u015fma Program\u0131: T\u00fcrk D\u0131\u015f Politikas\u0131 ile Ge\u00e7mi\u015fi Ke\u015ffedin"},"content":{"rendered":"<p>2025 YKS \u00c7al\u0131\u015fma Program\u0131 ile s\u0131navlara haz\u0131rl\u0131k s\u00fcrecine girdi\u011fimiz bu g\u00fcnlerde, \u00f6zellikle 2025 TYT \u00c7al\u0131\u015fma Program\u0131 i\u00e7inde T\u00fcrk D\u0131\u015f Politikas\u0131 gibi kritik bir konuya odaklanmak olduk\u00e7a \u00f6nemli. \ud83c\udf93 T\u00fcrk D\u0131\u015f Politikas\u0131, T\u00fcrkiye&#8217;nin d\u00fcnya \u00fczerindeki yerini ve etkisini anlamam\u0131za yard\u0131mc\u0131 olurken, ayn\u0131 zamanda ge\u00e7mi\u015fi ke\u015ffetmemize de olanak tan\u0131yor. Bu yaz\u0131da, etkili bir \u00e7al\u0131\u015fma stratejisi ile bu \u00f6nemli konuya nas\u0131l yakla\u015fabilece\u011finizi payla\u015faca\u011f\u0131m.<\/p>\n<h2>T\u00fcrk D\u0131\u015f Politikas\u0131n\u0131n Temellerini Anlamak<\/h2>\n<p>T\u00fcrk D\u0131\u015f Politikas\u0131, tarih boyunca pek \u00e7ok de\u011fi\u015fim g\u00f6sterdi. Osmanl\u0131 \u0130mparatorlu\u011fu&#8217;ndan bu yana geli\u015fen s\u00fcre\u00e7, modern T\u00fcrkiye Cumhuriyeti ile farkl\u0131 bir boyut kazand\u0131. \u00d6ncelikle, T\u00fcrk D\u0131\u015f Politikas\u0131n\u0131n temellerini anlamak i\u00e7in Osmanl\u0131 d\u00f6nemindeki d\u0131\u015f ili\u015fkileri incelemekte fayda var. \ud83e\udd14<\/p>\n<p>Osmanl\u0131 \u0130mparatorlu\u011fu&#8217;nun, Avrupa ve Asya&#8217;daki stratejik hamleleri, T\u00fcrkiye&#8217;nin g\u00fcn\u00fcm\u00fczdeki konumunu etkileyen en \u00f6nemli fakt\u00f6rlerden biri. Ba\u011flant\u0131lar\u0131n nas\u0131l kuruldu\u011funu bilmek, g\u00fcn\u00fcm\u00fczdeki geli\u015fmeleri de daha iyi anlaman\u0131z\u0131 sa\u011flayacak.<\/p>\n<h3>G\u00fcn\u00fcm\u00fcz T\u00fcrk D\u0131\u015f Politikas\u0131n\u0131 Analiz Etmek<\/h3>\n<p>2000&#8217;li y\u0131llardan itibaren T\u00fcrkiye&#8217;nin d\u0131\u015f politikadaki de\u011fi\u015fimlerini incelemek \u00f6nemli bir di\u011fer ad\u0131m. \u00d6zellikle Ortado\u011fu, Avrupa ve Amerika ile olan ili\u015fkilerdeki dinamikler, T\u00fcrk D\u0131\u015f Politikas\u0131n\u0131 etkileyen unsurlar aras\u0131nda. \ud83d\udcc8 T\u00fcrkiye&#8217;nin nas\u0131l bir d\u0131\u015f politika anlay\u0131\u015f\u0131 benimsedi\u011fini anlamak, g\u00fcn\u00fcm\u00fcz jeopolitik ko\u015fullar\u0131n\u0131 daha iyi kavraman\u0131z\u0131 sa\u011flar.<\/p>\n<p>Devrik c\u00fcmleler aras\u0131nda kaybolmadan, anla\u015f\u0131l\u0131r ve sistematik bir \u015fekilde ilerlemek \u00f6nemli. Farkl\u0131 d\u00f6nemlerdeki siyasi olaylar\u0131 ve bunlar\u0131n sonu\u00e7lar\u0131n\u0131 etkili bir \u015fekilde incelemeliyiz.<\/p>\n<h4>Kaynaklar ve Ders Materyalleri<\/h4>\n<p>\u00c7al\u0131\u015fma materyali olarak, T\u00fcrk D\u0131\u015f Politikas\u0131&#8217;na dair kitaplar, makaleler ve belgeseller olduk\u00e7a faydal\u0131 olacakt\u0131r. \ud83d\udcda Ayr\u0131ca, online kaynaklardan faydalanmak da eksik yanlar\u0131n\u0131z\u0131 kapatman\u0131za yard\u0131mc\u0131 olabilir. Youtube&#8217;da yer alan belgesel ve tart\u0131\u015fma videolar\u0131, konular\u0131 daha ak\u0131lda kal\u0131c\u0131 hale getirecektir.<\/p>\n<p>Unutmay\u0131n, ders notlar\u0131n\u0131z\u0131 d\u00fczenlemek ve \u00f6nemli bilgileri g\u00f6rsellerle desteklemek, \u00f6\u011frenmeyi kolayla\u015ft\u0131r\u0131r.<\/p>\n<h2>\u00c7al\u0131\u015fma Stratejileri<\/h2>\n<p>Etkin bir \u00e7al\u0131\u015fma program\u0131 olu\u015fturmak i\u00e7in belirli stratejiler geli\u015ftirmeliyiz. G\u00fcnl\u00fck \u00e7al\u0131\u015fma saatlerinizi planlayarak ba\u015flayabilirsiniz. \ud83d\udcc5 Hedeflerinizi belirlemek iyi bir ba\u015flang\u0131\u00e7t\u0131r. \u00d6rne\u011fin, g\u00fcnde 1 saat T\u00fcrk D\u0131\u015f Politikas\u0131 ile ilgili okumalar yapmay\u0131 hedeflemek mant\u0131kl\u0131. Ama\u00e7, bilgiyi sindirerek \u00f6\u011frenmek olmal\u0131.<\/p>\n<p>Tekrar yapmak, \u00f6\u011frendiklerinizi kal\u0131c\u0131 hale getirmek i\u00e7in son derece \u00f6nemlidir. \u00c7al\u0131\u015ft\u0131rd\u0131\u011f\u0131n\u0131z konular\u0131 kendi kelimelerinizle \u00f6zetleyin. Anlams\u0131z kalan yerleri ke\u015ffetmeniz a\u00e7\u0131s\u0131ndan, \u00e7ok b\u00fcy\u00fck fayda sa\u011flayacakt\u0131r.<\/p>\n<h3>Arkada\u015flarla \u00c7al\u0131\u015fmak<\/h3>\n<p>Bir arkada\u015f grubuyla belirli g\u00fcnlerde topluca \u00e7al\u0131\u015fma yapmak da olduk\u00e7a etkilidir. \ud83d\udc65 Birbirinize sorular sorarak, bilgilerinizi peki\u015ftirebilirsiniz. Ayr\u0131ca, farkl\u0131 bak\u0131\u015f a\u00e7\u0131lar\u0131 edinmek yeni \u015feyler \u00f6\u011frenmenize yard\u0131mc\u0131 olur.<\/p>\n<p>\u00c7al\u0131\u015fma seanslar\u0131n\u0131z\u0131 not al\u0131n! DersTakip uygulamas\u0131n\u0131 kullanarak, hangi derslerden ne kadar s\u00fcre \u00e7al\u0131\u015ft\u0131\u011f\u0131n\u0131z\u0131 \u00f6l\u00e7mek olduk\u00e7a faydal\u0131 olacak. Burada \u00f6nemli olan, hedef belirlerken ger\u00e7ek\u00e7i olmakt\u0131r.<\/p>\n<h4>Soru \u00c7\u00f6z\u00fcm\u00fc ve Y\u00f6netimi<\/h4>\n<p>T\u00fcrk D\u0131\u015f Politikas\u0131 konular\u0131n\u0131 peki\u015ftirirken, ge\u00e7mi\u015f y\u0131llarda \u00e7\u0131km\u0131\u015f TYT sorular\u0131n\u0131 \u00e7\u00f6zmek de olduk\u00e7a etkili bir y\u00f6ntemdir. \ud83d\udcca \u00c7\u00f6zd\u00fc\u011f\u00fcn\u00fcz sorular\u0131 kaydedin, nerelerde zorland\u0131\u011f\u0131n\u0131z\u0131 belirleyin ve eksiklerinizi kapatmaya odaklan\u0131n.<\/p>\n<p>DersTakip uygulamas\u0131, soru kay\u0131tlar\u0131 feature&#8217;\u0131 ile hangi dersten ne kadar ilerledi\u011finizi g\u00f6rmenizi sa\u011flar. Bu sayede geli\u015fiminizi daha net bir \u015fekilde takip edebilirsiniz.<\/p>\n<h2>Sonu\u00e7<\/h2>\n<p>T\u00fcrk D\u0131\u015f Politikas\u0131n\u0131 \u00e7al\u0131\u015fma plan\u0131n\u0131za eklemek, 2025 YKS \u00c7al\u0131\u015fma Program\u0131 i\u00e7in olduk\u00e7a mant\u0131kl\u0131 bir ad\u0131m olacak. Hem d\u00fcn\u00fcn\u00fcze, hem de bug\u00fcn\u00fcze \u0131\u015f\u0131k tutan bu konu, sizi s\u0131navda ba\u015far\u0131ya g\u00f6t\u00fcrecektir. Unutmay\u0131n, planl\u0131 ve d\u00fczenli \u00e7al\u0131\u015fmak her zaman en iyi sonu\u00e7lar\u0131 getirecektir! \ud83d\ude80 Ba\u015far\u0131lar dilerim!<\/p>\n","protected":false},"excerpt":{"rendered":"<p>2025 YKS \u00c7al\u0131\u015fma Program\u0131 ile s\u0131navlara haz\u0131rl\u0131k s\u00fcrecine girdi\u011fimiz bu g\u00fcnlerde, \u00f6zellikle 2025 TYT \u00c7al\u0131\u015fma Program\u0131 i\u00e7inde T\u00fcrk D\u0131\u015f Politikas\u0131 gibi kritik bir konuya odaklanmak olduk\u00e7a \u00f6nemli. \ud83c\udf93 T\u00fcrk D\u0131\u015f Politikas\u0131, T\u00fcrkiye&#8217;nin d\u00fcnya \u00fczerindeki yerini ve etkisini anlamam\u0131za yard\u0131mc\u0131 olurken, ayn\u0131 zamanda ge\u00e7mi\u015fi ke\u015ffetmemize de olanak tan\u0131yor. Bu yaz\u0131da, etkili bir \u00e7al\u0131\u015fma stratejisi ile bu&#8230;<\/p>\n","protected":false},"author":1,"featured_media":2816,"comment_status":"open","ping_status":"open","sticky":false,"template":"","format":"standard","meta":{"footnotes":""},"categories":[58,55],"tags":[],"class_list":["post-2817","post","type-post","status-publish","format-standard","has-post-thumbnail","hentry","category-tyt-fizik-calisma-programi","category-tyt-calisma-programi"],"_links":{"self":[{"href":"https:\/\/derstakip.app\/blog\/wp-json\/wp\/v2\/posts\/2817","targetHints":{"allow":["GET"]}}],"collection":[{"href":"https:\/\/derstakip.app\/blog\/wp-json\/wp\/v2\/posts"}],"about":[{"href":"https:\/\/derstakip.app\/blog\/wp-json\/wp\/v2\/types\/post"}],"author":[{"embeddable":true,"href":"https:\/\/derstakip.app\/blog\/wp-json\/wp\/v2\/users\/1"}],"replies":[{"embeddable":true,"href":"https:\/\/derstakip.app\/blog\/wp-json\/wp\/v2\/comments?post=2817"}],"version-history":[{"count":0,"href":"https:\/\/derstakip.app\/blog\/wp-json\/wp\/v2\/posts\/2817\/revisions"}],"wp:featuredmedia":[{"embeddable":true,"href":"https:\/\/derstakip.app\/blog\/wp-json\/wp\/v2\/media\/2816"}],"wp:attachment":[{"href":"https:\/\/derstakip.app\/blog\/wp-json\/wp\/v2\/media?parent=2817"}],"wp:term":[{"taxonomy":"category","embeddable":true,"href":"https:\/\/derstakip.app\/blog\/wp-json\/wp\/v2\/categories?post=2817"},{"taxonomy":"post_tag","embeddable":true,"href":"https:\/\/derstakip.app\/blog\/wp-json\/wp\/v2\/tags?post=2817"}],"curies":[{"name":"wp","href":"https:\/\/api.w.org\/{rel}","templated":true}]}}