{"id":2730,"date":"2025-08-31T13:14:55","date_gmt":"2025-08-31T10:14:55","guid":{"rendered":"https:\/\/derstakip.app\/blog\/2025-yks-ek-yerlestirme-tarihleri-ve-kayit-detaylari-ikinci-yerlestirme-ne-zaman\/"},"modified":"2025-08-31T13:14:55","modified_gmt":"2025-08-31T10:14:55","slug":"2025-yks-ek-yerlestirme-tarihleri-ve-kayit-detaylari-ikinci-yerlestirme-ne-zaman","status":"publish","type":"post","link":"https:\/\/derstakip.app\/blog\/2025-yks-ek-yerlestirme-tarihleri-ve-kayit-detaylari-ikinci-yerlestirme-ne-zaman\/","title":{"rendered":"2025 YKS Ek Yerle\u015ftirme Tarihleri ve Kay\u0131t Detaylar\u0131: \u0130kinci Yerle\u015ftirme Ne Zaman?"},"content":{"rendered":"<p>2025 YKS ek yerle\u015ftirme tarihi ile ilgili heyecan ve merak dorukta! \u00d6\u011frenciler, Y\u00fcksek\u00f6\u011fretim Kurumlar\u0131 S\u0131nav\u0131&#8217;ndan elde ettikleri sonu\u00e7lar\u0131n ard\u0131ndan yeni bir f\u0131rsat penceresi a\u00e7\u0131lmas\u0131n\u0131 bekliyor. Ek yerle\u015ftirme s\u00fcreci, ba\u015far\u0131l\u0131 olabilmeniz i\u00e7in olduk\u00e7a \u00f6nemli bir \u015fans yarat\u0131yor.<\/p>\n<h2>2025 YKS Ek Yerle\u015ftirme Tarihleri<\/h2>\n<p>2025 YKS ek yerle\u015ftirme tarihlerinin belirlenmesi, s\u0131nava giren \u00f6\u011frenciler i\u00e7in b\u00fcy\u00fck bir merak konusu. Ek yerle\u015ftirmelerin hangi tarihler aras\u0131nda yap\u0131laca\u011f\u0131, \u00d6SYM taraf\u0131ndan hen\u00fcz resmi olarak a\u00e7\u0131klanmad\u0131. Ancak, \u00f6nceki y\u0131llardan yola \u00e7\u0131karak, ek yerle\u015ftirmelerin genellikle s\u0131nav sonu\u00e7lar\u0131 a\u00e7\u0131kland\u0131ktan birka\u00e7 hafta i\u00e7inde ba\u015flayabilece\u011fini s\u00f6yleyebiliriz. Bu ba\u011flamda, al\u0131nacak kararlar ve tarihlerin belirlenmesi, \u00d6SYM&#8217;nin resmi duyurular\u0131n\u0131 takip etmeyi gerektiriyor.<\/p>\n<h3>Ek Yerle\u015ftirme S\u00fcreci Nas\u0131ld\u0131r?<\/h3>\n<p>2025 YKS ek yerle\u015ftirme s\u00fcreci, ilk yerle\u015ftirme sonu\u00e7lar\u0131n\u0131n a\u00e7\u0131kland\u0131\u011f\u0131 tarihten itibaren ba\u015flar. \u00d6\u011frencilerin, kay\u0131t yapt\u0131rmak i\u00e7in \u00f6ncelikle tercihlerini yapmalar\u0131 gerekiyor. \u0130kinci yerle\u015ftirme ile ilgili detaylar ise \u015fu \u015fekildedir:<\/p>\n<ul>\n<li><strong>\u00d6ncelikle, ek yerle\u015ftirme i\u00e7in tercih yapacak \u00f6\u011frencilerin hangi programlara ba\u015fvurabilece\u011fi a\u00e7\u0131klanacak.<\/strong><\/li>\n<li><strong>Adaylar, YKS puanlar\u0131 ve tercih s\u0131ralar\u0131 do\u011frultusunda yerle\u015ftirilmek i\u00e7in ba\u015fvurular\u0131n\u0131 ger\u00e7ekle\u015ftirecekler.<\/strong><\/li>\n<li><strong>Ayr\u0131ca, yerle\u015ftirme sonu\u00e7lar\u0131 a\u00e7\u0131kland\u0131ktan sonra, \u00f6\u011frencilerin kay\u0131t i\u00e7in gerekli belgelerini haz\u0131rlamalar\u0131 \u00f6nem ta\u015f\u0131yor.<\/strong><\/li>\n<\/ul>\n<h4>2025 YKS Ek Yerle\u015ftirme Kay\u0131t Detaylar\u0131<\/h4>\n<p>Ek yerle\u015ftirme sonu\u00e7lar\u0131 a\u00e7\u0131kland\u0131ktan sonra, kazanan \u00f6\u011frencilerin kay\u0131t i\u015flemleri ba\u015flayacak. Bu s\u00fcre\u00e7 boyunca dikkat edilmesi gereken baz\u0131 hususlar bulunuyor:<\/p>\n<ul>\n<li><strong>Kay\u0131t i\u015flemleri \u00e7evrimi\u00e7i olarak yap\u0131lacak ve bu s\u00fcrecin takibi i\u00e7in \u00d6SYM\u2019nin resmi sayfas\u0131 kullan\u0131lacak.<\/strong><\/li>\n<li><strong>\u00d6\u011frencilerin, kay\u0131t s\u0131ras\u0131nda ihtiya\u00e7 duyabilecekleri belgeleri haz\u0131rlamalar\u0131 gerekiyor.<\/strong><\/li>\n<li><strong>Kay\u0131t tarihleri, \u00d6SYM\u2019nin yapt\u0131\u011f\u0131 a\u00e7\u0131klamalar do\u011frultusunda takip edilmelidir.<\/strong><\/li>\n<\/ul>\n<h3>Ek Yerle\u015ftirme \u0130\u00e7in Hedef Belirlemek<\/h3>\n<p>\u00d6\u011frencilerin ek yerle\u015ftirme s\u00fcrecinde hedeflerini belirlemeleri olduk\u00e7a \u00f6nemli. Di\u011fer \u00f6\u011frencilerle rekabet ederken, hangi b\u00f6l\u00fcmlerin tercih edilece\u011fi, gelecekteki kariyer yollar\u0131n\u0131 etkileyebilir. Bu nedenle, \u00f6\u011frencilerin a\u015fa\u011f\u0131daki noktalar\u0131 g\u00f6z \u00f6n\u00fcnde bulundurmalar\u0131 faydal\u0131 olacakt\u0131r:<\/p>\n<ul>\n<li>\u0130lgili alanlarda hangi b\u00f6l\u00fcmler sizi daha \u00e7ok heyecanland\u0131r\u0131yor?<\/li>\n<li>S\u0131ralamalar\u0131n\u0131z\u0131 ve puan\u0131n\u0131z\u0131 g\u00f6z \u00f6n\u00fcnde bulundurarak, ula\u015f\u0131labilir hedefler koyun.<\/li>\n<li>Sosyal veya akademik ba\u015far\u0131lar\u0131n\u0131z\u0131 ek yerle\u015ftirme tercihlerinize yans\u0131t\u0131n.<\/li>\n<\/ul>\n<h4>S\u0131k Sorulan Sorular (SSS)<\/h4>\n<h5>2025 YKS ek yerle\u015ftirme tarihi ne zaman olacak?<\/h5>\n<p>2025 YKS ek yerle\u015ftirme tarihi hen\u00fcz resmi olarak a\u00e7\u0131klanmad\u0131 ancak genellikle YKS sonu\u00e7lar\u0131n\u0131n a\u00e7\u0131klanmas\u0131ndan birka\u00e7 hafta sonra yap\u0131lmas\u0131 bekleniyor.<\/p>\n<h5>Ek yerle\u015ftirme sonu\u00e7lar\u0131 ne zaman a\u00e7\u0131klanacak?<\/h5>\n<p>Ek yerle\u015ftirme sonu\u00e7lar\u0131, \u00d6SYM taraf\u0131ndan duyurulacak. Adaylar\u0131n, sonu\u00e7 tarihlerine dikkat etmeleri \u00f6nemlidir.<\/p>\n<h5>Kay\u0131t i\u015flemleri nas\u0131l yap\u0131lacak?<\/h5>\n<p>Kay\u0131t i\u015flemleri, genellikle \u00e7evrimi\u00e7i olarak yap\u0131lmaktad\u0131r. Adaylar, gerekli belgeleri haz\u0131rlay\u0131p, \u00d6SYM\u2019nin resmi sitesinden kay\u0131tlar\u0131n\u0131 ger\u00e7ekle\u015ftirebilir.<\/p>\n<p>T\u00fcm detaylar\u0131 takip ederek, do\u011fru tercih ve kay\u0131t yaparak 2025 YKS ek yerle\u015ftirmelerinden en iyi \u015fekilde faydalanabilirsiniz. E\u011fitim hayat\u0131n\u0131zda yeni bir sayfa a\u00e7mak i\u00e7in f\u0131rsatlar\u0131 ka\u00e7\u0131rmay\u0131n! \ud83d\ude80<\/p>\n","protected":false},"excerpt":{"rendered":"<p>2025 YKS ek yerle\u015ftirme tarihi ile ilgili heyecan ve merak dorukta! \u00d6\u011frenciler, Y\u00fcksek\u00f6\u011fretim Kurumlar\u0131 S\u0131nav\u0131&#8217;ndan elde ettikleri sonu\u00e7lar\u0131n ard\u0131ndan yeni bir f\u0131rsat penceresi a\u00e7\u0131lmas\u0131n\u0131 bekliyor. Ek yerle\u015ftirme s\u00fcreci, ba\u015far\u0131l\u0131 olabilmeniz i\u00e7in olduk\u00e7a \u00f6nemli bir \u015fans yarat\u0131yor. 2025 YKS Ek Yerle\u015ftirme Tarihleri 2025 YKS ek yerle\u015ftirme tarihlerinin belirlenmesi, s\u0131nava giren \u00f6\u011frenciler i\u00e7in b\u00fcy\u00fck bir merak konusu&#8230;.<\/p>\n","protected":false},"author":1,"featured_media":2729,"comment_status":"open","ping_status":"open","sticky":false,"template":"","format":"standard","meta":{"footnotes":""},"categories":[84],"tags":[],"class_list":["post-2730","post","type-post","status-publish","format-standard","has-post-thumbnail","hentry","category-haber"],"_links":{"self":[{"href":"https:\/\/derstakip.app\/blog\/wp-json\/wp\/v2\/posts\/2730","targetHints":{"allow":["GET"]}}],"collection":[{"href":"https:\/\/derstakip.app\/blog\/wp-json\/wp\/v2\/posts"}],"about":[{"href":"https:\/\/derstakip.app\/blog\/wp-json\/wp\/v2\/types\/post"}],"author":[{"embeddable":true,"href":"https:\/\/derstakip.app\/blog\/wp-json\/wp\/v2\/users\/1"}],"replies":[{"embeddable":true,"href":"https:\/\/derstakip.app\/blog\/wp-json\/wp\/v2\/comments?post=2730"}],"version-history":[{"count":0,"href":"https:\/\/derstakip.app\/blog\/wp-json\/wp\/v2\/posts\/2730\/revisions"}],"wp:featuredmedia":[{"embeddable":true,"href":"https:\/\/derstakip.app\/blog\/wp-json\/wp\/v2\/media\/2729"}],"wp:attachment":[{"href":"https:\/\/derstakip.app\/blog\/wp-json\/wp\/v2\/media?parent=2730"}],"wp:term":[{"taxonomy":"category","embeddable":true,"href":"https:\/\/derstakip.app\/blog\/wp-json\/wp\/v2\/categories?post=2730"},{"taxonomy":"post_tag","embeddable":true,"href":"https:\/\/derstakip.app\/blog\/wp-json\/wp\/v2\/tags?post=2730"}],"curies":[{"name":"wp","href":"https:\/\/api.w.org\/{rel}","templated":true}]}}