{"id":2724,"date":"2025-08-31T09:14:53","date_gmt":"2025-08-31T06:14:53","guid":{"rendered":"https:\/\/derstakip.app\/blog\/musta-ay-ve-yildizin-hikayesi-fatma-ve-reyhanin-parlayan-yolu\/"},"modified":"2025-08-31T09:14:53","modified_gmt":"2025-08-31T06:14:53","slug":"musta-ay-ve-yildizin-hikayesi-fatma-ve-reyhanin-parlayan-yolu","status":"publish","type":"post","link":"https:\/\/derstakip.app\/blog\/musta-ay-ve-yildizin-hikayesi-fatma-ve-reyhanin-parlayan-yolu\/","title":{"rendered":"Mu\u015f&#8217;ta Ay ve Y\u0131ld\u0131z\u0131n Hikayesi: Fatma ve Reyhan&#8217;\u0131n Parlayan Yolu"},"content":{"rendered":"<p>Mu\u015f\u2019ta ge\u00e7en b\u00fcy\u00fcl\u00fc bir hikaye var; Fatma ve Reyhan\u2019\u0131n dostlu\u011fu, ay ve y\u0131ld\u0131z\u0131n sembolik anlam\u0131yla s\u00fcsleniyor. Bu s\u0131cak dostluk, sadece iki k\u0131z\u0131n hayat\u0131nda de\u011fil, Mu\u015f\u2019un sokaklar\u0131nda da yank\u0131 buluyor. Her ad\u0131mda, kalplerinde ta\u015f\u0131d\u0131klar\u0131 hayallerle dolup ta\u015fan bir hayat m\u00fccadelesi veriyorlar. Ger\u00e7ekten de, <strong>Mu\u015f ay ve y\u0131ld\u0131z hikayesi<\/strong> deyince akla ilk gelen bu iki gen\u00e7 k\u0131z\u0131n \u00f6yk\u00fcs\u00fc oluyor.<\/p>\n<h2>Fatma ve Reyhan\u2019\u0131n Tan\u0131\u015fmas\u0131<\/h2>\n<p>Her \u015fey bir yaz ak\u015fam\u0131, Mu\u015f&#8217;un o e\u015fsiz manzaras\u0131nda ba\u015flad\u0131. Fatma, hayalleri pe\u015finden ko\u015farken, Reyhan onu izliyordu. Bu g\u00f6z g\u00f6ze geli\u015f, onlar\u0131n dostluklar\u0131n\u0131n filizlenmesini sa\u011flad\u0131. \u0130ki gen\u00e7 k\u0131z, farkl\u0131 ge\u00e7mi\u015flere sahipti fakat ayn\u0131 hayallere sahip olmalar\u0131, onlar\u0131n aras\u0131nda g\u00fc\u00e7l\u00fc bir ba\u011f olu\u015fturdu. Bazen birbirlerine gizli s\u0131rlar\u0131ndan bahsederken, hafif bir tebess\u00fcm yanaklar\u0131n\u0131 s\u00fcslerdi. Do\u011fan\u0131n sundu\u011fu her g\u00fczellik, onlara ilham veriyordu.<\/p>\n<h3>Hayallerin Pe\u015finden Ko\u015fmak<\/h3>\n<p>Fatma ve Reyhan, hayallerinin pe\u015finden ko\u015fmay\u0131 hi\u00e7 b\u0131rakmad\u0131lar. Fatma, m\u00fczikle u\u011fra\u015fmay\u0131 hayal ederken, Reyhan ise sanat\u0131n g\u00fcc\u00fcnden beslenmek istiyordu. \u0130kisinin de hedefleri \u00e7ok y\u00fcksekti; Mu\u015f\u2019un en ba\u015far\u0131l\u0131 sanat\u00e7\u0131lar\u0131ndan biri olmay\u0131 hayal ediyorlard\u0131. Zaman zaman, geceleri g\u00f6ky\u00fcz\u00fcne bakarak y\u0131ld\u0131zlar\u0131n aras\u0131ndan kendi hayallerini \u015fekillendiriyorlard\u0131. Ay, onlara umut veriyordu adeta.<\/p>\n<h2>Mu\u015f\u2019un I\u015f\u0131lt\u0131s\u0131 ve \u0130lham Veren G\u00fczellikleri<\/h2>\n<p>Mu\u015f&#8217;un do\u011fal g\u00fczellikleri, Fatma ve Reyhan&#8217;\u0131n dostlu\u011funu daha da derinle\u015ftiriyordu. \u015eehir, tarihi ve k\u00fclt\u00fcrel de\u011ferleri ile doluydu. Bir g\u00fcn, Mu\u015f Kalesi&#8217;nin tepesine \u00e7\u0131karak, g\u00f6ky\u00fcz\u00fcne do\u011fru hayk\u0131rd\u0131lar: &#8220;Bizi unutmay\u0131n!&#8221; G\u00f6zleri parlarken, hayallerinin pe\u015finde ko\u015fmak i\u00e7in her t\u00fcrl\u00fc m\u00fccadeleye haz\u0131r olduklar\u0131n\u0131 biliyorlard\u0131. Di\u011fer gen\u00e7ler ise, onlar\u0131n kararl\u0131l\u0131\u011f\u0131ndan ilham al\u0131yordu.<\/p>\n<h3>Y\u0131ld\u0131zlar\u0131n Alt\u0131nda Verilen S\u00f6zler<\/h3>\n<p>Mu\u015f\u2019un b\u00fcy\u00fcleyici manzaras\u0131 alt\u0131nda, Fatma ve Reyhan birbirlerine hayat boyu dost kalacaklar\u0131na dair s\u00f6z verdiler. Mesafeler onlar\u0131 ay\u0131rsa bile, hayallerinin birle\u015fti\u011fi nokta asla unutulmayacakt\u0131. Bazen, dostluklar\u0131n\u0131n sembol\u00fc olarak birbirlerine y\u0131ld\u0131z \u015feklinde tak\u0131lar hediye ettiler. Bu semboller, onlar\u0131n ba\u011fl\u0131l\u0131klar\u0131n\u0131n ve hayallerinin parlayan yeri olacakt\u0131.<\/p>\n<h4>Toplum \u0130\u00e7indeki Rol Modelleri<\/h4>\n<p>Fatma ve Reyhan, Mu\u015f&#8217;ta sadece hayalleri pe\u015finden ko\u015fmakla kalmad\u0131lar; ayn\u0131 zamanda toplumlar\u0131nda birer \u00f6rnek olmaya da ba\u015flad\u0131lar. Gen\u00e7 ya\u015flar\u0131ndan itibaren, \u00e7e\u015fitli sosyal projelere kat\u0131ld\u0131lar. \u00c7ocuklar, sanata olan ilgilerini art\u0131rmalar\u0131 i\u00e7in onlara ilham verdiler. Y\u0131ld\u0131zlar, onlar\u0131n \u00f6n\u00fcnde birer yol g\u00f6sterici oldu. Sokaklarda g\u00f6rd\u00fckleri her \u00e7ocukta kendi hayallerini ya\u015fatt\u0131lar.<\/p>\n<h2>Sonu\u00e7 Olarak<\/h2>\n<p>Fatma ve Reyhan\u2019\u0131n dostlu\u011fu, Mu\u015f\u2019un ay ve y\u0131ld\u0131z hikayesinin \u00f6z\u00fcnde yer al\u0131yor. Hayal kurman\u0131n ve bu hayalleri ger\u00e7e\u011fe d\u00f6n\u00fc\u015ft\u00fcrmenin g\u00fcc\u00fcn\u00fc ke\u015ffettiler. \u0130ki gen\u00e7 k\u0131z, sevgi ve dostlu\u011fun insanlar\u0131 nas\u0131l bir araya getirdi\u011fini g\u00f6steriyor. Unutmayal\u0131m ki, bazen dostluk en karanl\u0131k gecelerde bile \u0131\u015f\u0131k sa\u00e7abiliyor. Mu\u015f, bu hikaye ile daha da parl\u0131yor; Fatma ve Reyhan\u2019\u0131n hayalleri, her gece g\u00f6ky\u00fcz\u00fcn\u00fc s\u00fcsleyen y\u0131ld\u0131zlar gibi parl\u0131yor!<\/p>\n<h3>SSS<\/h3>\n<h4>Mu\u015f&#8217;ta ay ve y\u0131ld\u0131z hikayesi nedir?<\/h4>\n<p>Mu\u015f&#8217;ta ay ve y\u0131ld\u0131z hikayesi, Fatma ve Reyhan\u2019\u0131n dostlu\u011fu ve hayalleri etraf\u0131nda d\u00f6nen bir anlat\u0131d\u0131r. Bu hikaye, dostlu\u011fun g\u00fcc\u00fcn\u00fc ve hayallerin pe\u015finden ko\u015fman\u0131n \u00f6nemini vurgular.<\/p>\n<h4>Fatma ve Reyhan\u2019\u0131n hikayesi neden \u00f6nemlidir?<\/h4>\n<p>Bu hikaye, gen\u00e7lerin hayalleri do\u011frultusunda nas\u0131l bir araya geldiklerini ve toplumlar\u0131na nas\u0131l ilham verdiklerini g\u00f6stermektedir. \u0130kisinin de dostluklar\u0131, bir\u00e7ok insana \u00f6rnek te\u015fkil ediyor.<\/p>\n<h4>Mu\u015f\u2019un do\u011fal g\u00fczellikleri hikayeye nas\u0131l etki etmi\u015ftir?<\/h4>\n<p>Mu\u015f\u2019un do\u011fal g\u00fczellikleri, Fatma ve Reyhan\u2019\u0131n dostlu\u011funa ve hayallerine ilham vermi\u015ftir. Gezi ve ke\u015fifleri, onlar\u0131n birbirlerine olan ba\u011flar\u0131n\u0131 g\u00fc\u00e7lendirmi\u015ftir.<\/p>\n","protected":false},"excerpt":{"rendered":"<p>Mu\u015f\u2019ta ge\u00e7en b\u00fcy\u00fcl\u00fc bir hikaye var; Fatma ve Reyhan\u2019\u0131n dostlu\u011fu, ay ve y\u0131ld\u0131z\u0131n sembolik anlam\u0131yla s\u00fcsleniyor. Bu s\u0131cak dostluk, sadece iki k\u0131z\u0131n hayat\u0131nda de\u011fil, Mu\u015f\u2019un sokaklar\u0131nda da yank\u0131 buluyor. Her ad\u0131mda, kalplerinde ta\u015f\u0131d\u0131klar\u0131 hayallerle dolup ta\u015fan bir hayat m\u00fccadelesi veriyorlar. Ger\u00e7ekten de, Mu\u015f ay ve y\u0131ld\u0131z hikayesi deyince akla ilk gelen bu iki gen\u00e7 k\u0131z\u0131n&#8230;<\/p>\n","protected":false},"author":1,"featured_media":2723,"comment_status":"open","ping_status":"open","sticky":false,"template":"","format":"standard","meta":{"footnotes":""},"categories":[84],"tags":[],"class_list":["post-2724","post","type-post","status-publish","format-standard","has-post-thumbnail","hentry","category-haber"],"_links":{"self":[{"href":"https:\/\/derstakip.app\/blog\/wp-json\/wp\/v2\/posts\/2724","targetHints":{"allow":["GET"]}}],"collection":[{"href":"https:\/\/derstakip.app\/blog\/wp-json\/wp\/v2\/posts"}],"about":[{"href":"https:\/\/derstakip.app\/blog\/wp-json\/wp\/v2\/types\/post"}],"author":[{"embeddable":true,"href":"https:\/\/derstakip.app\/blog\/wp-json\/wp\/v2\/users\/1"}],"replies":[{"embeddable":true,"href":"https:\/\/derstakip.app\/blog\/wp-json\/wp\/v2\/comments?post=2724"}],"version-history":[{"count":0,"href":"https:\/\/derstakip.app\/blog\/wp-json\/wp\/v2\/posts\/2724\/revisions"}],"wp:featuredmedia":[{"embeddable":true,"href":"https:\/\/derstakip.app\/blog\/wp-json\/wp\/v2\/media\/2723"}],"wp:attachment":[{"href":"https:\/\/derstakip.app\/blog\/wp-json\/wp\/v2\/media?parent=2724"}],"wp:term":[{"taxonomy":"category","embeddable":true,"href":"https:\/\/derstakip.app\/blog\/wp-json\/wp\/v2\/categories?post=2724"},{"taxonomy":"post_tag","embeddable":true,"href":"https:\/\/derstakip.app\/blog\/wp-json\/wp\/v2\/tags?post=2724"}],"curies":[{"name":"wp","href":"https:\/\/api.w.org\/{rel}","templated":true}]}}