{"id":2722,"date":"2025-08-31T01:39:12","date_gmt":"2025-08-30T22:39:12","guid":{"rendered":"https:\/\/derstakip.app\/blog\/2025-yks-calisma-programi-turkiye-iklimi-ve-ozelliklerine-etkileri-nasil-ogrenilir\/"},"modified":"2025-08-31T01:39:12","modified_gmt":"2025-08-30T22:39:12","slug":"2025-yks-calisma-programi-turkiye-iklimi-ve-ozelliklerine-etkileri-nasil-ogrenilir","status":"publish","type":"post","link":"https:\/\/derstakip.app\/blog\/2025-yks-calisma-programi-turkiye-iklimi-ve-ozelliklerine-etkileri-nasil-ogrenilir\/","title":{"rendered":"2025 YKS \u00c7al\u0131\u015fma Program\u0131: T\u00fcrkiye \u0130klimi ve \u00d6zelliklerine Etkileri Nas\u0131l \u00d6\u011frenilir?"},"content":{"rendered":"<p>Co\u011frafya \u00e7al\u0131\u015fmak her ne kadar bazen zor g\u00f6r\u00fcnse de, do\u011fru y\u00f6ntemlerle T\u00fcrkiye iklimi ve \u00f6zelliklerini \u00f6\u011frenmek olduk\u00e7a keyifli bir s\u00fcre\u00e7 olabilir. 2025 YKS \u00c7al\u0131\u015fma Program\u0131 kapsam\u0131nda yer alan Co\u011frafya-2 dersi; \u00f6zellikle T\u00fcrkiye\u2019nin iklim ko\u015fullar\u0131n\u0131 ve bu ko\u015fullar\u0131n \u00fclkemiz \u00fczerindeki etkilerini anlamak i\u00e7in \u00e7ok \u00f6nemli bir yer tutuyor. \ud83d\uddfa\ufe0f Bu yaz\u0131da, 2025 AYT \u00c7al\u0131\u015fma Program\u0131\u2019na y\u00f6nelik haz\u0131rl\u0131\u011f\u0131n nas\u0131l daha etkili olabilece\u011fini inceleyece\u011fiz.<\/p>\n<h2>Mek\u00e2nsal Bir Sentez: T\u00fcrkiye \u0130kliminin Temel \u00d6zellikleri<\/h2>\n<p>\u00d6ncelikle, T\u00fcrkiye ikliminin genel \u00f6zelliklerini daha iyi kavrayabilmek i\u00e7in uydu g\u00f6r\u00fcnt\u00fclerini ve haritalar\u0131 kullanmak olduk\u00e7a faydal\u0131d\u0131r. \ud83d\udcf7 Toprak, deniz ve da\u011flar\u0131n \u00fclke i\u00e7erisindeki da\u011f\u0131l\u0131m\u0131; iklimin \u00f6zelliklerini nas\u0131l etkiledi\u011fini anlaman\u0131za yard\u0131mc\u0131 olacakt\u0131r. Y\u00fcksek da\u011flar, nelere sebep oluyor dersin ba\u015f\u0131nda analiz etmelisin, dikkat etmeden ge\u00e7me! \ud83c\udf04<\/p>\n<h3>\u0130klim Tipleri ve Etkileri<\/h3>\n<p>T\u00fcrkiye\u2019de \u00e7e\u015fitli iklim tipleri bulunmaktad\u0131r. Akdeniz iklimi, Karasal iklim, Karadeniz iklimi ve \u0130\u00e7 Anadolu iklimi gibi farkl\u0131 iklim t\u00fcrlerini bilmek, T\u00fcrkiye\u2019nin co\u011frafi \u00f6zelliklerini anlamak a\u00e7\u0131s\u0131ndan olduk\u00e7a \u00f6nemlidir. Her bir iklim tipinin tar\u0131m, turizm ve ya\u015fam tarz\u0131 \u00fczerindeki etkilerini d\u00fc\u015f\u00fcnmek de kritik bir noktad\u0131r. \ud83c\udf3d\ud83c\udf34<\/p>\n<h4>Akdeniz \u0130klimi<\/h4>\n<p>Akdeniz iklimi; s\u0131cak, kuru yazlar ve \u0131l\u0131man, ya\u011f\u0131\u015fl\u0131 k\u0131\u015flarla karakterizedir. Bu iklim tipinin tar\u0131ma etkisini \u00f6\u011frenmek, bir avantaj sa\u011flar. Zeytin, narenciye ve \u00fcz\u00fcm gibi \u00fcr\u00fcnlerin yeti\u015ftirilmesi konusunda bilginin art\u0131r\u0131lmas\u0131 gerekir. \ud83c\udf1e<\/p>\n<h4>Karasal \u0130klim<\/h4>\n<p>Karasal iklim, T\u00fcrkiye\u2019nin i\u00e7 b\u00f6lgelerinde g\u00f6r\u00fcl\u00fcr. K\u0131\u015flar\u0131 so\u011fuk, yazlar\u0131 ise genellikle s\u0131cak ge\u00e7er. Bu iklimin tar\u0131m alan\u0131ndaki etkilerini bilmek; bu alanlarda hangi tar\u0131m \u00fcr\u00fcnlerinin yeti\u015ftirilebilece\u011fini anlamak a\u00e7\u0131s\u0131ndan \u00f6nemlidir. Y\u00fcksek s\u0131cakl\u0131klar sebebiyle, su kaynaklar\u0131n\u0131n verimli kullan\u0131lmas\u0131 gerekti\u011fini unutma!<\/p>\n<h3>T\u00fcrkiye \u0130kliminin S\u0131navlar\u0131ndaki \u00d6nemi<\/h3>\n<p>T\u00fcrkiye iklimi ve \u00f6zellikleri YKS s\u0131nav\u0131nda s\u0131k\u00e7a kar\u015f\u0131m\u0131za \u00e7\u0131kar. \u0130klimler aras\u0131 etkile\u015fimleri analiz ederken, farkl\u0131 iklim tiplerinin co\u011frafi da\u011f\u0131l\u0131m\u0131n\u0131 bilmek b\u00fcy\u00fck bir art\u0131 sa\u011flar. S\u0131navda kar\u015f\u0131la\u015fabilece\u011finiz grafikler ve tablolar \u00fczerinden detayl\u0131 bilgiler \u00e7\u0131karabilirsiniz. Verileri yorumlamay\u0131 \u00f6\u011frenmek, s\u0131navda ba\u015far\u0131 \u015fans\u0131n\u0131 art\u0131racakt\u0131r. \ud83d\udcca<\/p>\n<h2>Etkin \u00c7al\u0131\u015fma Y\u00f6ntemleri<\/h2>\n<p>\u015eimdi de 2025 YKS \u00c7al\u0131\u015fma Program\u0131\u2019na uygun hale getirebilece\u011finiz birka\u00e7 \u00e7al\u0131\u015fma y\u00f6ntemi \u00fczerinde dural\u0131m.<\/p>\n<h3>1. G\u00f6rsel Materyaller Kullan\u0131n<\/h3>\n<p>Harita, grafik ve \u015femalar kullanmak, zihninizde bilgilerin yerle\u015fmesine yard\u0131mc\u0131 olur. \u00d6zellikle iklim tipleriyle ilgili haritalar\u0131 inceleyerek, \u00f6\u011freniminizi g\u00fc\u00e7lendirebilirsiniz.<\/p>\n<h3>2. Soru \u00c7\u00f6z\u00fcm Prati\u011fi<\/h3>\n<p>Ge\u00e7mi\u015f y\u0131llardaki AYT s\u0131nav sorular\u0131n\u0131 \u00e7\u00f6zmek, ger\u00e7ek s\u0131nav ortam\u0131n\u0131 sim\u00fcle etmek a\u00e7\u0131s\u0131ndan etkilidir. Kendi \u00e7al\u0131\u015fma h\u0131z\u0131n\u0131za g\u00f6re d\u00fczenleme yaparak, s\u0131nav g\u00fcn\u00fcnde neyle kar\u015f\u0131la\u015faca\u011f\u0131n\u0131z\u0131 daha iyi anlayabilirsiniz. \u00d6zg\u00fcvenin artacak, bu da performans\u0131na yans\u0131yacakt\u0131r! \ud83d\udcaa<\/p>\n<h3>3. Gruplara Kat\u0131l\u0131n<\/h3>\n<p>\u00c7al\u0131\u015fma gruplar\u0131, bilgilerinizi peki\u015ftirmeye yard\u0131mc\u0131 olur. Di\u011fer arkada\u015flar\u0131n\u0131zla birlikte tart\u0131\u015farak ikliminkinden bahsetmek; daha iyi anlaman\u0131z\u0131 sa\u011flar. Di\u011fer \u00f6\u011frencilerle bilgi al\u0131\u015fveri\u015fi yapmak da olduk\u00e7a faydal\u0131 bir yakla\u015f\u0131md\u0131r.<\/p>\n<h3>4. E\u011fitim Videolar\u0131 \u0130zleyin<\/h3>\n<p>Online platformlarda yer alan e\u011fitim videolar\u0131, \u00f6\u011frenme s\u00fcrecinizi destekler. T\u00fcrkiye iklimi \u00fczerine \u00f6zel haz\u0131rlanm\u0131\u015f videolar sayesinde, ders konular\u0131n\u0131 daha e\u011flenceli ve \u00f6\u011fretici bir \u015fekilde \u00f6\u011frenebilirsiniz. YouTube&#8217;da yer alan i\u00e7eriklere g\u00f6z atmay\u0131 unutmay\u0131n! \ud83d\udcfa<\/p>\n<h2>Sonu\u00e7 Olarak<\/h2>\n<p>T\u00fcrkiye\u2019nin iklim \u00f6zellikleri \u00fczerine do\u011fru y\u00f6ntemlerle \u00e7al\u0131\u015farak, 2025 AYT \u00c7al\u0131\u015fma Program\u0131\u2019n\u0131 daha verimli bir \u015fekilde ge\u00e7irebilirsiniz. Her t\u00fcrl\u00fc kaynak ve materyali kullanarak, bu s\u00fcre\u00e7te kendinizi geli\u015ftirmek \u00f6nemlidir. Unutmay\u0131n ki s\u0131nav d\u00f6neminde stres y\u00f6netimi de olduk\u00e7a \u00f6nemlidir! Ba\u015far\u0131 i\u00e7in hepinize bol \u015fans! \ud83c\udf40<\/p>\n","protected":false},"excerpt":{"rendered":"<p>Co\u011frafya \u00e7al\u0131\u015fmak her ne kadar bazen zor g\u00f6r\u00fcnse de, do\u011fru y\u00f6ntemlerle T\u00fcrkiye iklimi ve \u00f6zelliklerini \u00f6\u011frenmek olduk\u00e7a keyifli bir s\u00fcre\u00e7 olabilir. 2025 YKS \u00c7al\u0131\u015fma Program\u0131 kapsam\u0131nda yer alan Co\u011frafya-2 dersi; \u00f6zellikle T\u00fcrkiye\u2019nin iklim ko\u015fullar\u0131n\u0131 ve bu ko\u015fullar\u0131n \u00fclkemiz \u00fczerindeki etkilerini anlamak i\u00e7in \u00e7ok \u00f6nemli bir yer tutuyor. \ud83d\uddfa\ufe0f Bu yaz\u0131da, 2025 AYT \u00c7al\u0131\u015fma Program\u0131\u2019na y\u00f6nelik&#8230;<\/p>\n","protected":false},"author":1,"featured_media":2721,"comment_status":"open","ping_status":"open","sticky":false,"template":"","format":"standard","meta":{"footnotes":""},"categories":[58,55],"tags":[],"class_list":["post-2722","post","type-post","status-publish","format-standard","has-post-thumbnail","hentry","category-tyt-fizik-calisma-programi","category-tyt-calisma-programi"],"_links":{"self":[{"href":"https:\/\/derstakip.app\/blog\/wp-json\/wp\/v2\/posts\/2722","targetHints":{"allow":["GET"]}}],"collection":[{"href":"https:\/\/derstakip.app\/blog\/wp-json\/wp\/v2\/posts"}],"about":[{"href":"https:\/\/derstakip.app\/blog\/wp-json\/wp\/v2\/types\/post"}],"author":[{"embeddable":true,"href":"https:\/\/derstakip.app\/blog\/wp-json\/wp\/v2\/users\/1"}],"replies":[{"embeddable":true,"href":"https:\/\/derstakip.app\/blog\/wp-json\/wp\/v2\/comments?post=2722"}],"version-history":[{"count":0,"href":"https:\/\/derstakip.app\/blog\/wp-json\/wp\/v2\/posts\/2722\/revisions"}],"wp:featuredmedia":[{"embeddable":true,"href":"https:\/\/derstakip.app\/blog\/wp-json\/wp\/v2\/media\/2721"}],"wp:attachment":[{"href":"https:\/\/derstakip.app\/blog\/wp-json\/wp\/v2\/media?parent=2722"}],"wp:term":[{"taxonomy":"category","embeddable":true,"href":"https:\/\/derstakip.app\/blog\/wp-json\/wp\/v2\/categories?post=2722"},{"taxonomy":"post_tag","embeddable":true,"href":"https:\/\/derstakip.app\/blog\/wp-json\/wp\/v2\/tags?post=2722"}],"curies":[{"name":"wp","href":"https:\/\/api.w.org\/{rel}","templated":true}]}}