{"id":2720,"date":"2025-08-31T01:14:56","date_gmt":"2025-08-30T22:14:56","guid":{"rendered":"https:\/\/derstakip.app\/blog\/2025-2026-aof-kayit-tarihleri-anadolu-universitesi-acikogretim-kaydi-ne-zaman\/"},"modified":"2025-08-31T01:14:56","modified_gmt":"2025-08-30T22:14:56","slug":"2025-2026-aof-kayit-tarihleri-anadolu-universitesi-acikogretim-kaydi-ne-zaman","status":"publish","type":"post","link":"https:\/\/derstakip.app\/blog\/2025-2026-aof-kayit-tarihleri-anadolu-universitesi-acikogretim-kaydi-ne-zaman\/","title":{"rendered":"2025-2026 A\u00d6F Kay\u0131t Tarihleri | Anadolu \u00dcniversitesi A\u00e7\u0131k\u00f6\u011fretim Kayd\u0131 Ne Zaman?"},"content":{"rendered":"<p>A\u00e7\u0131k\u00f6\u011fretim Fak\u00fcltesi (A\u00d6F) \u00fcniversite kay\u0131t tarihleri 2025-2026 d\u00f6nemi i\u00e7in merakla bekleniyor. Anadolu \u00dcniversitesi, her y\u0131l bir\u00e7ok \u00f6\u011frencinin tercih etti\u011fi a\u00e7\u0131k e\u011fitim se\u00e7enekleri sunarak, e\u011fitim hayat\u0131na y\u00f6n veriyor. A\u00d6F sayesinde, hem tam zamanl\u0131 \u00e7al\u0131\u015fanlar hem de farkl\u0131 sebeplerle geleneksel \u00fcniversite e\u011fitimine kat\u0131lamayan bireyler, y\u00fcksek \u00f6\u011frenim f\u0131rsatlar\u0131ndan faydalanabiliyor. Bu yaz\u0131da, 2025-2026 A\u00d6F kay\u0131t tarihleri hakk\u0131nda t\u00fcm detaylar\u0131 bulabilirsiniz. \ud83d\udcda\u2728<\/p>\n<h2>Kay\u0131t Tarihleri<\/h2>\n<p>Anadolu \u00dcniversitesi A\u00d6F, 2025-2026 akademik y\u0131l\u0131na dair kay\u0131t tarihlerini duyurdu. \u00d6\u011frencilerin, yukar\u0131da belirtilen tarihler aras\u0131nda kay\u0131tlar\u0131n\u0131 yapt\u0131rmalar\u0131 gerekiyor. \u0130lk olarak, 2025 y\u0131l\u0131 Eyl\u00fcl ay\u0131nda \u00f6\u011frenci al\u0131m\u0131na y\u00f6nelik kay\u0131t i\u015flemleri yap\u0131lacak. Belirli tarih aral\u0131\u011f\u0131, A\u00d6F&#8217;\u00fcn resmi web sitesinde detayl\u0131 olarak belirtilecektir. Unutmay\u0131n ki, ge\u00e7 kay\u0131t d\u00f6nemleri de mevcut olabilir, ancak bu tarihler genellikle normal kay\u0131t tarihlerinden daha k\u0131sa bir s\u00fcrede ger\u00e7ekle\u015fir.<\/p>\n<h2>Ba\u015fvurular i\u00e7in Gerekli Belgeler<\/h2>\n<p>A\u00e7\u0131k\u00f6\u011fretim Fak\u00fcltesi\u2019ne kay\u0131t yapt\u0131rmak isteyen \u00f6\u011frenciler i\u00e7in gerekli belgeler aras\u0131nda; kimlik fotokopisi, \u00f6n lisans veya lise diplomas\u0131, foto\u011fraf gibi evraklar yer al\u0131r. \u0130sterseniz t\u00fcm belgelerinizi haz\u0131rlayarak, kay\u0131t g\u00fcn\u00fcn\u00fczde hepsini bir arada bulundurabilirsiniz. Kay\u0131t s\u00fcrecindeki aksakl\u0131klardan dolay\u0131 belirsizlik ya\u015famaman\u0131z i\u00e7in, belgelerinizi zaman\u0131nda tamamlay\u0131n. \ud83d\ude05<\/p>\n<h2>Kay\u0131t S\u00fcreci Nas\u0131l \u0130lerliyor?<\/h2>\n<p>Kay\u0131t s\u00fcrecinde \u00f6\u011frenciler, <a href=\"https:\/\/www.anadolu.edu.tr\" target=\"_blank\" rel=\"noopener\">Anadolu \u00dcniversitesi&#8217;nin resmi web sitesi<\/a> \u00fczerinden online olarak ba\u015fvurular\u0131n\u0131 yapabilirler. Kay\u0131t i\u015flemleri,Online olarak ger\u00e7ekle\u015ftirilece\u011finden, dikkatli bir \u015fekilde t\u00fcm bilgilerinizi girmeye \u00f6zen g\u00f6stermelisiniz. Aksi takdirde, ba\u015fka s\u0131k\u0131nt\u0131lar ya\u015fayabilirsiniz. Herkesin \u00f6ncelikle A\u00d6F \u00fcniversite kay\u0131t tarihleri 2025-2026 detaylar\u0131n\u0131 takip etmesi b\u00fcy\u00fck \u00f6nem ta\u015f\u0131yor. Kay\u0131t dersleri s\u00fcrecinde, hangi dersleri alman\u0131z gerekti\u011fine dair bilgilere de \u00fcniversitenin web sitesinden ula\u015fabilirsiniz.<\/p>\n<h2>S\u0131nav Takvimleri ve S\u00fcre\u00e7leri<\/h2>\n<p>A\u00d6F, kay\u0131t tarihleri ile birlikte s\u0131nav takvimini de duyuracak. Bu takvim, \u00f6\u011frencilerin ders \u00e7al\u0131\u015fma d\u00fczenini belirlemelerine yard\u0131mc\u0131 olacak. \u0130\u015fte zaman\u0131nda kay\u0131t olman\u0131n \u00f6nemi burada devreye giriyor. E\u011fer kay\u0131t s\u00fcrecinizi tamamlamazsan\u0131z, yap\u0131lan s\u0131navlarda yer alamazs\u0131n\u0131z. \ud83d\udc69\u200d\ud83c\udf93\u2728<\/p>\n<h2>SSS &#8211; S\u0131k\u00e7a Sorulan Sorular<\/h2>\n<h3>A\u00d6F 2025-2026 kay\u0131t tarihleri ne zaman?<\/h3>\n<p>2025 y\u0131l\u0131 Eyl\u00fcl ay\u0131nda ba\u015flayacak olan kay\u0131t tarihleri, Anadolu \u00dcniversitesi taraf\u0131ndan duyurulacakt\u0131r.<\/p>\n<h3>Kay\u0131t i\u00e7in hangi belgeler gereklidir?<\/h3>\n<p>Kimlik fotokopisi, lise veya \u00f6n lisans diplomas\u0131 ve foto\u011fraf gibi belgeler kay\u0131t i\u00e7in gereklidir.<\/p>\n<h3>Online kay\u0131t i\u015flemi nas\u0131l yap\u0131l\u0131r?<\/h3>\n<p>A\u00e7\u0131k\u00f6\u011fretim Fak\u00fcltesi\u2019nin resmi web sitesi \u00fczerinden gerekli bilgileri doldurarak online kay\u0131t i\u015fleminizi tamamlayabilirsiniz.<\/p>\n<p>Unutmay\u0131n, zaman\u0131nda kay\u0131t i\u015flemlerinizi tamamlaman\u0131z, e\u011fitim hayat\u0131n\u0131z\u0131 sa\u011fl\u0131kl\u0131 bir \u015fekilde s\u00fcrd\u00fcrebilmeniz a\u00e7\u0131s\u0131ndan \u00f6nem ta\u015f\u0131r. A\u00d6F \u00fcniversite kay\u0131t tarihleri 2025-2026 d\u00f6nemi i\u00e7in haz\u0131rl\u0131\u011f\u0131n\u0131z\u0131 yapmay\u0131 ihmal etmeyin!<\/p>\n","protected":false},"excerpt":{"rendered":"<p>A\u00e7\u0131k\u00f6\u011fretim Fak\u00fcltesi (A\u00d6F) \u00fcniversite kay\u0131t tarihleri 2025-2026 d\u00f6nemi i\u00e7in merakla bekleniyor. Anadolu \u00dcniversitesi, her y\u0131l bir\u00e7ok \u00f6\u011frencinin tercih etti\u011fi a\u00e7\u0131k e\u011fitim se\u00e7enekleri sunarak, e\u011fitim hayat\u0131na y\u00f6n veriyor. A\u00d6F sayesinde, hem tam zamanl\u0131 \u00e7al\u0131\u015fanlar hem de farkl\u0131 sebeplerle geleneksel \u00fcniversite e\u011fitimine kat\u0131lamayan bireyler, y\u00fcksek \u00f6\u011frenim f\u0131rsatlar\u0131ndan faydalanabiliyor. Bu yaz\u0131da, 2025-2026 A\u00d6F kay\u0131t tarihleri hakk\u0131nda t\u00fcm detaylar\u0131&#8230;<\/p>\n","protected":false},"author":1,"featured_media":2719,"comment_status":"open","ping_status":"open","sticky":false,"template":"","format":"standard","meta":{"footnotes":""},"categories":[84],"tags":[],"class_list":["post-2720","post","type-post","status-publish","format-standard","has-post-thumbnail","hentry","category-haber"],"_links":{"self":[{"href":"https:\/\/derstakip.app\/blog\/wp-json\/wp\/v2\/posts\/2720","targetHints":{"allow":["GET"]}}],"collection":[{"href":"https:\/\/derstakip.app\/blog\/wp-json\/wp\/v2\/posts"}],"about":[{"href":"https:\/\/derstakip.app\/blog\/wp-json\/wp\/v2\/types\/post"}],"author":[{"embeddable":true,"href":"https:\/\/derstakip.app\/blog\/wp-json\/wp\/v2\/users\/1"}],"replies":[{"embeddable":true,"href":"https:\/\/derstakip.app\/blog\/wp-json\/wp\/v2\/comments?post=2720"}],"version-history":[{"count":0,"href":"https:\/\/derstakip.app\/blog\/wp-json\/wp\/v2\/posts\/2720\/revisions"}],"wp:featuredmedia":[{"embeddable":true,"href":"https:\/\/derstakip.app\/blog\/wp-json\/wp\/v2\/media\/2719"}],"wp:attachment":[{"href":"https:\/\/derstakip.app\/blog\/wp-json\/wp\/v2\/media?parent=2720"}],"wp:term":[{"taxonomy":"category","embeddable":true,"href":"https:\/\/derstakip.app\/blog\/wp-json\/wp\/v2\/categories?post=2720"},{"taxonomy":"post_tag","embeddable":true,"href":"https:\/\/derstakip.app\/blog\/wp-json\/wp\/v2\/tags?post=2720"}],"curies":[{"name":"wp","href":"https:\/\/api.w.org\/{rel}","templated":true}]}}