{"id":2222,"date":"2025-07-27T11:39:19","date_gmt":"2025-07-27T08:39:19","guid":{"rendered":"https:\/\/derstakip.app\/blog\/yokdil-2-sonuclari-ne-zaman-aciklanacak-2025-osym-sinav-sonuc-tarihini-ogrenin\/"},"modified":"2025-07-27T11:39:19","modified_gmt":"2025-07-27T08:39:19","slug":"yokdil-2-sonuclari-ne-zaman-aciklanacak-2025-osym-sinav-sonuc-tarihini-ogrenin","status":"publish","type":"post","link":"https:\/\/derstakip.app\/blog\/yokdil-2-sonuclari-ne-zaman-aciklanacak-2025-osym-sinav-sonuc-tarihini-ogrenin\/","title":{"rendered":"Y\u00d6KD\u0130L 2 sonu\u00e7lar\u0131 ne zaman a\u00e7\u0131klanacak? 2025 \u00d6SYM s\u0131nav sonu\u00e7 tarihini \u00f6\u011frenin!"},"content":{"rendered":"<p>2025 Y\u00d6KD\u0130L sonu\u00e7lar\u0131 a\u00e7\u0131klanma tarihi, s\u0131nav\u0131 bekleyen binlerce \u00f6\u011frenci i\u00e7in b\u00fcy\u00fck bir merak konusu oldu. Peki, 2025 Y\u00d6KD\u0130L sonu\u00e7lar\u0131 ne zaman ilan edilecek? \u00d6SYM taraf\u0131ndan d\u00fczenlenen bu \u00f6nemli s\u0131nav sonras\u0131nda, adaylar\u0131n do\u011fru cevaplar\u0131 ile ula\u015ft\u0131klar\u0131 puanlar\u0131 \u00f6\u011frenmeleri i\u00e7in geri say\u0131m ba\u015flad\u0131. \u015eimdi, g\u00fcncel bilgilere g\u00f6z atal\u0131m ve sonu\u00e7lar\u0131n a\u00e7\u0131klanma s\u00fcrecini inceleyelim! \ud83d\udcc5\u2728<\/p>\n<h2>2025 Y\u00d6KD\u0130L Sonu\u00e7lar\u0131 Ne Zaman A\u00e7\u0131klanacak?<\/h2>\n<p>2025 Y\u00d6KD\u0130L s\u0131nav\u0131, \u00d6SYM taraf\u0131ndan ger\u00e7ekle\u015ftirilmektedir. Her y\u0131l oldu\u011fu gibi, bu y\u0131l da s\u0131nav sonucunun ne zaman a\u00e7\u0131klanaca\u011f\u0131 yo\u011fun bir \u015fekilde ara\u015ft\u0131r\u0131l\u0131yor. Heyecan ve merak i\u00e7inde bekleyen adaylar, 2025 Y\u00d6KD\u0130L sonu\u00e7lar\u0131n\u0131n a\u00e7\u0131klanaca\u011f\u0131 tarihi \u00f6\u011frenmek i\u00e7in resmi duyurular\u0131 takip etmektedir.<\/p>\n<p>\u00d6SYM&#8217;nin s\u0131nav takvimine g\u00f6re, 2025 Y\u00d6KD\u0130L sonu\u00e7lar\u0131n\u0131n 15 May\u0131s 2025 tarihinde a\u00e7\u0131klanmas\u0131 planlan\u0131yor. Ancak, tarih \u00f6ncesinde baz\u0131 geli\u015fmeler ya\u015fanabilir. Herhangi bir de\u011fi\u015fiklik olursa, \u00d6SYM resmi internet sitesi \u00fczerinden an\u0131nda duyuracakt\u0131r.<\/p>\n<h3>Sonu\u00e7 Sorgulama \u0130\u015flemleri<\/h3>\n<p>Sonu\u00e7lar\u0131 \u00f6\u011frenmek i\u00e7in \u00d6SYM\u2019nin <a href=\"https:\/\/sonuc.osym.gov.tr\" target=\"_blank\" rel=\"noopener\">Sonu\u00e7 Sorgulama Sistemi<\/a> kullan\u0131lmaktad\u0131r. Adaylar, T.C. Kimlik numaralar\u0131 ve \u015fifreleri ile sonu\u00e7lar\u0131n\u0131 buradan \u00f6\u011frenebilmelidir. Unutmay\u0131n, sonu\u00e7 belgesi fiziksel olarak g\u00f6nderilmeyecek. Dolay\u0131s\u0131yla, internet \u00fczerinden yap\u0131lacak sorgulama sonu\u00e7lar\u0131, ge\u00e7erlili\u011fi y\u00fcksek bir belgedir. \ud83d\udcbb\ud83d\udcc4<\/p>\n<h4>De\u011ferlendirme S\u00fcreci<\/h4>\n<p>Y\u00d6KD\u0130L s\u0131nav\u0131nda, adaylar\u0131n do\u011fru yan\u0131tlar\u0131 ile ula\u015ft\u0131klar\u0131 puanlar, belli bir ortalama ve standart sapma kullan\u0131larak de\u011ferlendirilecektir. Bu s\u00fcre\u00e7, \u00d6SYM taraf\u0131ndan titiz bir \u015fekilde y\u00fcr\u00fct\u00fclmektedir. Her bir aday\u0131n s\u0131navda ald\u0131\u011f\u0131 ham puan, do\u011fru cevap say\u0131s\u0131ndan yanl\u0131\u015f cevap say\u0131s\u0131n\u0131n d\u00f6rtte biri d\u00fc\u015f\u00fcld\u00fckten sonra hesaplanacakt\u0131r.<\/p>\n<p>Adaylar\u0131n, bu y\u0131lki s\u0131navda kat\u0131ld\u0131klar\u0131 t\u00fcm testlerin sonu\u00e7lar\u0131 ayr\u0131 ayr\u0131 de\u011ferlendirilecektir. 50 ve \u00fczeri puan alan adaylar, s\u0131nav\u0131n ge\u00e7er notunu elde etmi\u015f olacaklard\u0131r. \ud83d\udcaf\u2728<\/p>\n<h2>MS\u00dc S\u0131nav Sonu\u00e7 Duyurusu<\/h2>\n<p>MS\u00dc s\u0131nav sonu\u00e7lar\u0131 da Y\u00d6KD\u0130L s\u0131navlar\u0131 gibi belirli tarihlerde a\u00e7\u0131klanmaktad\u0131r. 2025 MS\u00dc s\u0131nav sonu\u00e7lar\u0131n\u0131n ise 18 Mart 2025 tarihinde a\u00e7\u0131klanaca\u011f\u0131 duyurulmu\u015ftur. S\u0131nav sonu\u00e7lar\u0131 i\u00e7in yap\u0131lan t\u00fcm i\u015flemlerin \u00d6SYM&#8217;nin resmi web sitesi \u00fczerinden takip edilmesi gerekti\u011fi vurgulanmaktad\u0131r.<\/p>\n<p>S\u0131nav sonu\u00e7lar\u0131n\u0131n erken a\u00e7\u0131klan\u0131p a\u00e7\u0131klanmayaca\u011f\u0131 hususu ise \u015fimdilik belirsiz. Ancak ge\u00e7mi\u015f y\u0131llara bak\u0131ld\u0131\u011f\u0131nda, bu tarz sonu\u00e7lar\u0131n genelde belirtilen tarih s\u00fcresinde a\u00e7\u0131kland\u0131\u011f\u0131 g\u00f6r\u00fclmektedir. Bu nedenle, 2025 Y\u00d6KD\u0130L sonu\u00e7lar\u0131 a\u00e7\u0131klanma tarihi de g\u00f6z \u00f6n\u00fcne al\u0131nd\u0131\u011f\u0131nda, s\u00fcrecin titizlikle takip edilmesi gerekmektedir!<\/p>\n<h3>S\u0131k Sorulan Sorular<\/h3>\n<h4>2025 Y\u00d6KD\u0130L sonu\u00e7lar\u0131 nelerdir?<\/h4>\n<p>Y\u00d6KD\u0130L s\u0131nav\u0131nda adaylar, ald\u0131klar\u0131 puanlar\u0131 \u00f6\u011frenerek hangi d\u00fczeyde ba\u015far\u0131 sa\u011flad\u0131klar\u0131n\u0131 g\u00f6rebilirler. Bu puan, gelecekteki e\u011fitim ve kariyer se\u00e7imleri i\u00e7in olduk\u00e7a \u00f6nemlidir.<\/p>\n<h4>Nas\u0131l sonu\u00e7 sorgulayay\u0131m?<\/h4>\n<p>Sonu\u00e7lar\u0131 sorgulamak i\u00e7in \u00d6SYM\u2019nin <a href=\"https:\/\/sonuc.osym.gov.tr\" target=\"_blank\" rel=\"noopener\">sonu\u00e7 sorgulama sistemine<\/a> giri\u015f yaparak T.C. Kimlik numaran\u0131z\u0131 ve \u015fifrenizi kullanmal\u0131s\u0131n\u0131z.<\/p>\n<h4>Sonu\u00e7lar ne zaman a\u00e7\u0131klan\u0131r?<\/h4>\n<p>2025 Y\u00d6KD\u0130L sonu\u00e7lar\u0131, 15 May\u0131s 2025 tarihinde a\u00e7\u0131klanmas\u0131 beklenmektedir. Detayl\u0131 bilgi i\u00e7in \u00d6SYM\u2019nin resmi web sitesini takip etmelisiniz.<\/p>\n<p>Sonu\u00e7lar\u0131n a\u00e7\u0131klanmas\u0131yla birlikte, adaylar heyecanla puanlar\u0131n\u0131 \u00f6\u011frenip, gelecek planlar\u0131na do\u011fru ad\u0131mlar atmaya ba\u015flayacaklar. Hayallerinize bir ad\u0131m daha yakla\u015fmak i\u00e7in, s\u0131nav sonu\u00e7lar\u0131n\u0131z\u0131 zaman\u0131nda \u00f6\u011frenmeyi unutmay\u0131n! \ud83c\udfc6\ud83d\udcda<\/p>\n","protected":false},"excerpt":{"rendered":"<p>2025 Y\u00d6KD\u0130L sonu\u00e7lar\u0131 a\u00e7\u0131klanma tarihi, s\u0131nav\u0131 bekleyen binlerce \u00f6\u011frenci i\u00e7in b\u00fcy\u00fck bir merak konusu oldu. Peki, 2025 Y\u00d6KD\u0130L sonu\u00e7lar\u0131 ne zaman ilan edilecek? \u00d6SYM taraf\u0131ndan d\u00fczenlenen bu \u00f6nemli s\u0131nav sonras\u0131nda, adaylar\u0131n do\u011fru cevaplar\u0131 ile ula\u015ft\u0131klar\u0131 puanlar\u0131 \u00f6\u011frenmeleri i\u00e7in geri say\u0131m ba\u015flad\u0131. \u015eimdi, g\u00fcncel bilgilere g\u00f6z atal\u0131m ve sonu\u00e7lar\u0131n a\u00e7\u0131klanma s\u00fcrecini inceleyelim! \ud83d\udcc5\u2728 2025 Y\u00d6KD\u0130L Sonu\u00e7lar\u0131&#8230;<\/p>\n","protected":false},"author":1,"featured_media":2221,"comment_status":"open","ping_status":"open","sticky":false,"template":"","format":"standard","meta":{"footnotes":""},"categories":[84],"tags":[],"class_list":["post-2222","post","type-post","status-publish","format-standard","has-post-thumbnail","hentry","category-haber"],"_links":{"self":[{"href":"https:\/\/derstakip.app\/blog\/wp-json\/wp\/v2\/posts\/2222","targetHints":{"allow":["GET"]}}],"collection":[{"href":"https:\/\/derstakip.app\/blog\/wp-json\/wp\/v2\/posts"}],"about":[{"href":"https:\/\/derstakip.app\/blog\/wp-json\/wp\/v2\/types\/post"}],"author":[{"embeddable":true,"href":"https:\/\/derstakip.app\/blog\/wp-json\/wp\/v2\/users\/1"}],"replies":[{"embeddable":true,"href":"https:\/\/derstakip.app\/blog\/wp-json\/wp\/v2\/comments?post=2222"}],"version-history":[{"count":0,"href":"https:\/\/derstakip.app\/blog\/wp-json\/wp\/v2\/posts\/2222\/revisions"}],"wp:featuredmedia":[{"embeddable":true,"href":"https:\/\/derstakip.app\/blog\/wp-json\/wp\/v2\/media\/2221"}],"wp:attachment":[{"href":"https:\/\/derstakip.app\/blog\/wp-json\/wp\/v2\/media?parent=2222"}],"wp:term":[{"taxonomy":"category","embeddable":true,"href":"https:\/\/derstakip.app\/blog\/wp-json\/wp\/v2\/categories?post=2222"},{"taxonomy":"post_tag","embeddable":true,"href":"https:\/\/derstakip.app\/blog\/wp-json\/wp\/v2\/tags?post=2222"}],"curies":[{"name":"wp","href":"https:\/\/api.w.org\/{rel}","templated":true}]}}