{"id":2216,"date":"2025-07-26T23:39:08","date_gmt":"2025-07-26T20:39:08","guid":{"rendered":"https:\/\/derstakip.app\/blog\/yokdil-2025-soru-ve-cevap-anahtari-pdf-sonuclar-ne-zaman-yayinlanacak\/"},"modified":"2025-07-26T23:39:08","modified_gmt":"2025-07-26T20:39:08","slug":"yokdil-2025-soru-ve-cevap-anahtari-pdf-sonuclar-ne-zaman-yayinlanacak","status":"publish","type":"post","link":"https:\/\/derstakip.app\/blog\/yokdil-2025-soru-ve-cevap-anahtari-pdf-sonuclar-ne-zaman-yayinlanacak\/","title":{"rendered":"Y\u00d6KD\u0130L 2025: Soru ve Cevap Anahtar\u0131 PDF, Sonu\u00e7lar Ne Zaman Yay\u0131nlanacak?"},"content":{"rendered":"<p>2025 y\u0131l\u0131nda ger\u00e7ekle\u015ftirilecek Y\u00d6KD\u0130L s\u0131nav\u0131 i\u00e7in heyecan dorukta! \u00d6\u011frenciler, Y\u00d6KD\u0130L soru kitap\u00e7\u0131\u011f\u0131 2025 ile ilgili merak ettikleri detaylar\u0131 ve sonu\u00e7lar\u0131n ne zaman a\u00e7\u0131klanaca\u011f\u0131n\u0131 sorguluyor. Peki, bu s\u0131nav\u0131n sonu\u00e7lar\u0131 ne zaman gelecek? \u0130\u015fte merak etti\u011finiz t\u00fcm ayr\u0131nt\u0131lar!<\/p>\n<h2>Y\u00d6KD\u0130L S\u0131nav Takvimi<\/h2>\n<p>Y\u00d6KD\u0130L s\u0131nav\u0131, 2025 y\u0131l\u0131 i\u00e7in belirlenen tarihler do\u011frultusunda, gen\u00e7lerin akademik kariyerlerine y\u00f6n verecek \u00f6nemli bir basamak. S\u0131nav, her y\u0131l oldu\u011fu gibi, \u00e7e\u015fitli derslerin yan\u0131 s\u0131ra dil b\u00f6l\u00fcm\u00fc i\u00e7in de yap\u0131lacak. \u00d6\u011frencilerin do\u011fru ve etkili bir bi\u00e7imde haz\u0131rlanabilmesi i\u00e7in, s\u0131nav i\u00e7erikleri ve **Y\u00d6KD\u0130L soru kitap\u00e7\u0131\u011f\u0131 2025** ile ilgili detaylara ula\u015fmalar\u0131 b\u00fcy\u00fck bir \u00f6nem ta\u015f\u0131yor.<\/p>\n<h3>Sonu\u00e7lar\u0131n A\u00e7\u0131klanma Tarihi<\/h3>\n<p>Ya\u015fanan belirsizliklerin ard\u0131ndan, g\u00f6zler \u00d6SYM\u2019ye \u00e7evrildi. 2025 Y\u00d6KD\u0130L sonu\u00e7lar\u0131n\u0131n ne zaman a\u00e7\u0131klanaca\u011f\u0131 konusunda \u015fu an i\u00e7in kesin bir tarih vermek m\u00fcmk\u00fcn de\u011filken, ge\u00e7mi\u015f y\u0131llarda oldu\u011fu gibi sonu\u00e7lar\u0131n s\u0131nav sonras\u0131 birka\u00e7 hafta i\u00e7inde a\u00e7\u0131klanmas\u0131 bekleniyor. Adaylar\u0131n, sonu\u00e7lar\u0131 \u00f6\u011frenebilmeleri i\u00e7in \u00d6SYM\u2019nin resmi web sitesini takip etmeleri \u00f6nemlidir. \u00d6\u011frencilerin s\u0131nav sonu\u00e7lar\u0131n\u0131 \u00f6\u011frenebilecekleri tarihe kadar, haz\u0131rl\u0131klar\u0131na ara vermemeleri tavsiye ediliyor.<\/p>\n<h2>Soru ve Cevap Anahtar\u0131 Ne Zaman Yay\u0131nlanacak?<\/h2>\n<p>S\u0131nav sonras\u0131, **Y\u00d6KD\u0130L soru kitap\u00e7\u0131\u011f\u0131 2025** ile birlikte, soru ve cevap anahtar\u0131n\u0131n da yay\u0131nlanmas\u0131 planlanmaktad\u0131r. Bu, adaylar\u0131n do\u011fru cevaplar\u0131n\u0131 kolayca kontrol edebilmesi a\u00e7\u0131s\u0131ndan b\u00fcy\u00fck kolayl\u0131k sa\u011flayacak. \u00d6SYM\u2019nin resmi duyurular\u0131n\u0131 takip ederek bu bilgilere ula\u015fabilirsiniz.<\/p>\n<h3>Adaylar i\u00e7in \u0130pu\u00e7lar\u0131<\/h3>\n<p>Adaylar\u0131n, s\u0131nav \u00f6ncesi haz\u0131rl\u0131klar\u0131n\u0131 ne kadar iyi yaparlarsa, ba\u015far\u0131n\u0131n o kadar y\u00fcksek olaca\u011f\u0131n\u0131 unutmamas\u0131 gerekir. Y\u00fcksek ba\u015far\u0131 hedefleyen \u00f6\u011frencilere baz\u0131 ipu\u00e7lar\u0131 vermek gerekir:<\/p>\n<ul>\n<li>Planl\u0131 ve programl\u0131 bir \u00e7al\u0131\u015fma y\u00f6ntemi izleyin \ud83d\udcda<\/li>\n<li>Ge\u00e7mi\u015f y\u0131l soru kitaplar\u0131n\u0131 inceleyin<\/li>\n<li>Dil prati\u011fi yapacak etkinliklerde bulunun \ud83c\udf0d<\/li>\n<li>Deneme s\u0131navlar\u0131na kat\u0131l\u0131n!<\/li>\n<\/ul>\n<h2>MS\u00dc S\u0131nav\u0131 ve \u0130lgili Bilgiler<\/h2>\n<p>\u00d6SYM taraf\u0131ndan yap\u0131lan Milli Savunma \u00dcniversitesi Askeri \u00d6\u011frenci Aday Belirleme S\u0131nav\u0131 da, bir\u00e7ok aday\u0131n merak etti\u011fi bir di\u011fer konu. Bu s\u0131nav\u0131n sonu\u00e7lar\u0131 da benzer tarihlerde a\u00e7\u0131klanacak ve adaylar sonu\u00e7lar\u0131n\u0131 yine \u00d6SYM\u2019nin <a href=\"https:\/\/sonuc.osym.gov.tr\" target=\"_blank\" rel=\"noopener\">resmi web sitesinden<\/a> \u00f6\u011frenebilecekler. \u015eu an i\u00e7in g\u00f6zler bu sonu\u00e7larda.<\/p>\n<h3>Y\u00d6KD\u0130L \u0130\u00e7in Hedef Belirleme<\/h3>\n<p>Haz\u0131rl\u0131k s\u00fcrecinde hedef belirlemek, \u00f6\u011frencilerin motivasyonunu art\u0131rmaktad\u0131r. G\u00fcnl\u00fck ve haftal\u0131k \u00e7al\u0131\u015fma hedefleri belirleyerek ilerlemenizi takip etmeyi unutmay\u0131n. B\u00f6ylece kazanaca\u011f\u0131n\u0131z ba\u015far\u0131ya bir ad\u0131m daha yakla\u015fabilirsiniz.<\/p>\n<h2>Sonu\u00e7 Olarak<\/h2>\n<p>2025 Y\u00d6KD\u0130L s\u0131nav\u0131, bir\u00e7ok \u00f6\u011frenci i\u00e7in \u00f6nemli bir f\u0131rsat sunmaktad\u0131r. Bu s\u0131nav ile akademik kariyer hedefleri aras\u0131nda sa\u011flam bir k\u00f6pr\u00fc kurulabilir. Ba\u015far\u0131ya ula\u015fman\u0131n yolunun etkili bir \u00e7al\u0131\u015fma ve azimden ge\u00e7ti\u011fi unutulmamal\u0131d\u0131r. S\u0131nav sonu\u00e7lar\u0131n\u0131n ve sorular\u0131n a\u00e7\u0131klanacak tarihini sab\u0131rs\u0131zl\u0131kla bekliyoruz! \ud83d\udcaa<\/p>\n<h3>SSS (S\u0131k\u00e7a Sorulan Sorular)<\/h3>\n<h4>Y\u00d6KD\u0130L s\u0131nav sonu\u00e7lar\u0131 ne zaman a\u00e7\u0131klanacak?<\/h4>\n<p>Sonu\u00e7lar\u0131n a\u00e7\u0131klanma tarihi hen\u00fcz kesinle\u015fmedi. Ancak ge\u00e7mi\u015f y\u0131l uygulamalar\u0131na g\u00f6re birka\u00e7 hafta i\u00e7inde sonu\u00e7lar\u0131n a\u00e7\u0131klanmas\u0131 bekleniyor.<\/p>\n<h4>Y\u00d6KD\u0130L soru kitap\u00e7\u0131\u011f\u0131 2025&#8217;te neler var?<\/h4>\n<p>Y\u00d6KD\u0130L s\u0131nav\u0131n\u0131n i\u00e7erikleri, dil becerilerini \u00f6l\u00e7meye y\u00f6nelik sorulardan olu\u015fmaktad\u0131r. Soru kitap\u00e7\u0131\u011f\u0131, ge\u00e7mi\u015f y\u0131llara g\u00f6re farkl\u0131l\u0131k g\u00f6sterebilir.<\/p>\n<h4>S\u0131navdan sonra nas\u0131l \u00e7al\u0131\u015fmam gerek?<\/h4>\n<p>S\u0131nav sonras\u0131, kendinizi de\u011ferlendirmek i\u00e7in soru ve cevap anahtar\u0131n\u0131 kullanarak hangi alanlarda eksik oldu\u011funuza y\u00f6nelik \u00e7al\u0131\u015fmalara odaklanmal\u0131s\u0131n\u0131z.<\/p>\n<h4>\u00d6SYM\u2019nin duyurular\u0131n\u0131 nas\u0131l takip edebilirim?<\/h4>\n<p>\u00d6SYM\u2019nin resmi web sitesi ve sosyal medya hesaplar\u0131 \u00fczerinden g\u00fcncel t\u00fcm bilgilere ula\u015fabilirsiniz.<\/p>\n","protected":false},"excerpt":{"rendered":"<p>2025 y\u0131l\u0131nda ger\u00e7ekle\u015ftirilecek Y\u00d6KD\u0130L s\u0131nav\u0131 i\u00e7in heyecan dorukta! \u00d6\u011frenciler, Y\u00d6KD\u0130L soru kitap\u00e7\u0131\u011f\u0131 2025 ile ilgili merak ettikleri detaylar\u0131 ve sonu\u00e7lar\u0131n ne zaman a\u00e7\u0131klanaca\u011f\u0131n\u0131 sorguluyor. Peki, bu s\u0131nav\u0131n sonu\u00e7lar\u0131 ne zaman gelecek? \u0130\u015fte merak etti\u011finiz t\u00fcm ayr\u0131nt\u0131lar! Y\u00d6KD\u0130L S\u0131nav Takvimi Y\u00d6KD\u0130L s\u0131nav\u0131, 2025 y\u0131l\u0131 i\u00e7in belirlenen tarihler do\u011frultusunda, gen\u00e7lerin akademik kariyerlerine y\u00f6n verecek \u00f6nemli bir basamak&#8230;.<\/p>\n","protected":false},"author":1,"featured_media":2215,"comment_status":"open","ping_status":"open","sticky":false,"template":"","format":"standard","meta":{"footnotes":""},"categories":[84],"tags":[],"class_list":["post-2216","post","type-post","status-publish","format-standard","has-post-thumbnail","hentry","category-haber"],"_links":{"self":[{"href":"https:\/\/derstakip.app\/blog\/wp-json\/wp\/v2\/posts\/2216","targetHints":{"allow":["GET"]}}],"collection":[{"href":"https:\/\/derstakip.app\/blog\/wp-json\/wp\/v2\/posts"}],"about":[{"href":"https:\/\/derstakip.app\/blog\/wp-json\/wp\/v2\/types\/post"}],"author":[{"embeddable":true,"href":"https:\/\/derstakip.app\/blog\/wp-json\/wp\/v2\/users\/1"}],"replies":[{"embeddable":true,"href":"https:\/\/derstakip.app\/blog\/wp-json\/wp\/v2\/comments?post=2216"}],"version-history":[{"count":0,"href":"https:\/\/derstakip.app\/blog\/wp-json\/wp\/v2\/posts\/2216\/revisions"}],"wp:featuredmedia":[{"embeddable":true,"href":"https:\/\/derstakip.app\/blog\/wp-json\/wp\/v2\/media\/2215"}],"wp:attachment":[{"href":"https:\/\/derstakip.app\/blog\/wp-json\/wp\/v2\/media?parent=2216"}],"wp:term":[{"taxonomy":"category","embeddable":true,"href":"https:\/\/derstakip.app\/blog\/wp-json\/wp\/v2\/categories?post=2216"},{"taxonomy":"post_tag","embeddable":true,"href":"https:\/\/derstakip.app\/blog\/wp-json\/wp\/v2\/tags?post=2216"}],"curies":[{"name":"wp","href":"https:\/\/api.w.org\/{rel}","templated":true}]}}