{"id":2206,"date":"2025-07-26T12:09:15","date_gmt":"2025-07-26T09:09:15","guid":{"rendered":"https:\/\/derstakip.app\/blog\/lgsde-birinci-olan-5-ogrenciye-9-ay-surecek-burs-destegi-verilecek\/"},"modified":"2025-07-26T12:09:15","modified_gmt":"2025-07-26T09:09:15","slug":"lgsde-birinci-olan-5-ogrenciye-9-ay-surecek-burs-destegi-verilecek","status":"publish","type":"post","link":"https:\/\/derstakip.app\/blog\/lgsde-birinci-olan-5-ogrenciye-9-ay-surecek-burs-destegi-verilecek\/","title":{"rendered":"LGS&#8217;de Birinci Olan 5 \u00d6\u011frenciye 9 Ay S\u00fcrecek Burs Deste\u011fi Verilecek!"},"content":{"rendered":"<p>Bu y\u0131l, LGS birinci burs f\u0131rsat\u0131 ile dikkatleri \u00fczerine \u00e7ekiyor! S\u0131navda en y\u00fcksek puan\u0131 alan be\u015f \u00f6\u011frenciye, 9 ay boyunca burs deste\u011fi sa\u011flanacak. \ud83c\udf89 E\u011fitim hayat\u0131nda ba\u015far\u0131l\u0131 olmak i\u00e7in ihtiya\u00e7 duyulan maddi destek, \u00f6\u011frencilerin motivasyonunu art\u0131racak ve akademik ba\u015far\u0131lar\u0131n\u0131 peki\u015ftirecek. \u00d6\u011frenciler, bu destek sayesinde daha rahat bir \u00e7al\u0131\u015fma ortam\u0131na sahip olabilecekler.<\/p>\n<h2>\u00d6\u011frencilere Sa\u011flanacak Burs Deste\u011fi<\/h2>\n<p>Burs, \u00f6\u011frencilerin derslerine odaklanmalar\u0131n\u0131 sa\u011flamak amac\u0131yla olu\u015fturulmu\u015f bir destek mekanizmas\u0131. Hem maddi a\u00e7\u0131dan rahatl\u0131k sa\u011flayacak hem de daha ileriye d\u00f6n\u00fck e\u011fitim hedeflerine ula\u015fmalar\u0131 i\u00e7in bir f\u0131rsat sunacak. E\u011fitim hayat\u0131nda ba\u015far\u0131ya ula\u015fman\u0131n yolu, verilen deste\u011fin verimlili\u011fi ile do\u011fru orant\u0131l\u0131d\u0131r. \ud83d\udcaa<\/p>\n<h3>Kimler Burs Alabilecek?<\/h3>\n<p>LGS&#8217;de birinci olan \u00f6\u011frenciler bu bursu almak i\u00e7in gereken t\u00fcm \u015fartlar\u0131 sa\u011flam\u0131\u015f olacaklar. S\u0131f\u0131rdan bir hedef belirleyip, bu hedefe ula\u015fmak isteyen t\u00fcm \u00f6\u011frencilerin bunu de\u011ferlendirmesi gerekiyor. \ud83d\ude0d<\/p>\n<h4>Bursun Kapsam\u0131 ve S\u00fcresi<\/h4>\n<p>Burs deste\u011fi, kazanan \u00f6\u011frenciler i\u00e7in toplam 9 ay s\u00fcrecek. Bu s\u00fcre zarf\u0131nda e\u011fitim, kitap al\u0131mlar\u0131 ve di\u011fer e\u011fitim giderleri i\u00e7in kullan\u0131labilecek. \u00d6\u011frencilerin bu \u015fans\u0131 iyi de\u011ferlendirmesi, ilerdeki s\u0131nav ba\u015far\u0131s\u0131n\u0131 artt\u0131racak bir etkendir! E\u011fitim hayat\u0131ndaki bu t\u00fcr destekler, f\u0131rsat e\u015fitli\u011fi konusunda b\u00fcy\u00fck bir ad\u0131m atma demektir.<\/p>\n<h2>Ba\u015fvuru S\u00fcreci<\/h2>\n<p>Ba\u015fvurular, LGS sonu\u00e7lar\u0131n\u0131n a\u00e7\u0131klanmas\u0131n\u0131n ard\u0131ndan belirli tarihler aral\u0131\u011f\u0131nda al\u0131nacak. Her y\u0131l uygulanan burs program\u0131, \u00f6\u011frencilerin ihtiya\u00e7lar\u0131na g\u00f6re \u00e7e\u015fitlenebilir. \ud83d\udcc5 Ba\u015fvuru s\u0131ras\u0131nda gerekli belgeler ve prosed\u00fcrle ilgili detayl\u0131 bilgi, resmi e\u011fitim kurumlar\u0131n\u0131n web sitelerinden duyurulacak.<\/p>\n<h3>\u00d6\u011frenciler \u0130\u00e7in Avantajlar<\/h3>\n<p>Bu burs f\u0131rsat\u0131, \u00f6\u011frencilerin e\u011fitim hayat\u0131na sa\u011flad\u0131klar\u0131 katk\u0131n\u0131n yan\u0131 s\u0131ra onlar\u0131 motive edecek. Molar, ders \u00e7al\u0131\u015fma s\u00fcrelerini art\u0131rabilecekleri, \u00f6zg\u00fcvenlerini peki\u015ftirebilecekleri bir ortam olu\u015fturacak. Bir\u00e7ok \u00f6\u011frenci i\u00e7in, burs almak b\u00fcy\u00fck bir ba\u015far\u0131 ve \u00f6ncelikle bursun motivasyon art\u0131r\u0131c\u0131 etkisini d\u00fc\u015f\u00fcnmek gerekiyor. \ud83c\udf93<\/p>\n<h2>Burs Program\u0131n\u0131n \u00d6nemi<\/h2>\n<p>E\u011fitim alan\u0131nda verilen bu t\u00fcr yard\u0131mlar, ileride daha fazla ba\u015far\u0131l\u0131 bireylerin topluma kazand\u0131r\u0131lmas\u0131na olanak sa\u011flayacak. LGS birinci burs f\u0131rsat\u0131, sadece maddi destek sunman\u0131n \u00f6tesinde, \u00f6\u011frencilerin e\u011fitim hedeflerini ger\u00e7ekle\u015ftirmelerine yard\u0131mc\u0131 olacakt\u0131r. Asl\u0131nda, gelece\u011fin ba\u015far\u0131l\u0131 bireylerini yeti\u015ftirmek i\u00e7in at\u0131lan bir ad\u0131m. \ud83c\udf31<\/p>\n<h3>Sonu\u00e7<\/h3>\n<p>Sonu\u00e7 olarak, bu burs imkan\u0131 f\u0131rsat\u0131n\u0131 ka\u00e7\u0131rmamak ve en iyi \u015fekilde de\u011ferlendirmek, \u00f6\u011frencilerin elinde olarak dikkat \u00e7ekmektedir. \u00d6\u011frencilerin daha iyi bir gelece\u011fi in\u015fa etmesi i\u00e7in bu t\u00fcr burs programlar\u0131 b\u00fcy\u00fck \u00f6nem ta\u015f\u0131r. Verilen destek, elbette ki \u00f6\u011frencilerin ba\u015far\u0131s\u0131nda b\u00fcy\u00fck bir rol oynayacakt\u0131r.<\/p>\n<h2>SSS (S\u0131k\u00e7a Sorulan Sorular)<\/h2>\n<h3>1. LGS birinci burs f\u0131rsat\u0131 kimlere veriliyor?<\/h3>\n<p>LGS&#8217;de en y\u00fcksek puan\u0131 alarak ilk be\u015fte yer alan \u00f6\u011frencilere verilmektedir.<\/p>\n<h3>2. Burs s\u00fcresi ne kadard\u0131r?<\/h3>\n<p>Bu burs, kazanan \u00f6\u011frenciler i\u00e7in 9 ay s\u00fcresince ge\u00e7erli olacakt\u0131r.<\/p>\n<h3>3. Ba\u015fvuru s\u00fcreci nas\u0131l i\u015fleyecek?<\/h3>\n<p>Ba\u015fvurular, LGS sonu\u00e7lar\u0131n\u0131n a\u00e7\u0131klanmas\u0131n\u0131n ard\u0131ndan belirli tarihlerde al\u0131nacak ve gerekli belgeler ilgili resmi web sitelerinde duyurulacakt\u0131r.<\/p>\n<h3>4. Burs hangi alanlarda kullan\u0131labilir?<\/h3>\n<p>Burs, e\u011fitim masraflar\u0131, kitap al\u0131mlar\u0131 ve di\u011fer e\u011fitimle ilgili giderler i\u00e7in kullan\u0131labilecektir.<\/p>\n<h3>5. Burs almak i\u00e7in hangi \u015fartlar gereklidir?<\/h3>\n<p>\u00d6\u011frencinin LGS&#8217;de en y\u00fcksek puan\u0131 almas\u0131 ve belirlenen ba\u015fvuru \u015fartlar\u0131na uygun olmas\u0131 gerekmektedir.<\/p>\n","protected":false},"excerpt":{"rendered":"<p>Bu y\u0131l, LGS birinci burs f\u0131rsat\u0131 ile dikkatleri \u00fczerine \u00e7ekiyor! S\u0131navda en y\u00fcksek puan\u0131 alan be\u015f \u00f6\u011frenciye, 9 ay boyunca burs deste\u011fi sa\u011flanacak. \ud83c\udf89 E\u011fitim hayat\u0131nda ba\u015far\u0131l\u0131 olmak i\u00e7in ihtiya\u00e7 duyulan maddi destek, \u00f6\u011frencilerin motivasyonunu art\u0131racak ve akademik ba\u015far\u0131lar\u0131n\u0131 peki\u015ftirecek. \u00d6\u011frenciler, bu destek sayesinde daha rahat bir \u00e7al\u0131\u015fma ortam\u0131na sahip olabilecekler. \u00d6\u011frencilere Sa\u011flanacak Burs Deste\u011fi&#8230;<\/p>\n","protected":false},"author":1,"featured_media":2205,"comment_status":"open","ping_status":"open","sticky":false,"template":"","format":"standard","meta":{"footnotes":""},"categories":[84],"tags":[],"class_list":["post-2206","post","type-post","status-publish","format-standard","has-post-thumbnail","hentry","category-haber"],"_links":{"self":[{"href":"https:\/\/derstakip.app\/blog\/wp-json\/wp\/v2\/posts\/2206","targetHints":{"allow":["GET"]}}],"collection":[{"href":"https:\/\/derstakip.app\/blog\/wp-json\/wp\/v2\/posts"}],"about":[{"href":"https:\/\/derstakip.app\/blog\/wp-json\/wp\/v2\/types\/post"}],"author":[{"embeddable":true,"href":"https:\/\/derstakip.app\/blog\/wp-json\/wp\/v2\/users\/1"}],"replies":[{"embeddable":true,"href":"https:\/\/derstakip.app\/blog\/wp-json\/wp\/v2\/comments?post=2206"}],"version-history":[{"count":0,"href":"https:\/\/derstakip.app\/blog\/wp-json\/wp\/v2\/posts\/2206\/revisions"}],"wp:featuredmedia":[{"embeddable":true,"href":"https:\/\/derstakip.app\/blog\/wp-json\/wp\/v2\/media\/2205"}],"wp:attachment":[{"href":"https:\/\/derstakip.app\/blog\/wp-json\/wp\/v2\/media?parent=2206"}],"wp:term":[{"taxonomy":"category","embeddable":true,"href":"https:\/\/derstakip.app\/blog\/wp-json\/wp\/v2\/categories?post=2206"},{"taxonomy":"post_tag","embeddable":true,"href":"https:\/\/derstakip.app\/blog\/wp-json\/wp\/v2\/tags?post=2206"}],"curies":[{"name":"wp","href":"https:\/\/api.w.org\/{rel}","templated":true}]}}