{"id":2202,"date":"2025-07-25T22:09:16","date_gmt":"2025-07-25T19:09:16","guid":{"rendered":"https:\/\/derstakip.app\/blog\/yokdil-2-sinavi-ne-zaman-baslayacak-ve-suresi-ne-kadar-osym-bilgileri\/"},"modified":"2025-07-25T22:09:16","modified_gmt":"2025-07-25T19:09:16","slug":"yokdil-2-sinavi-ne-zaman-baslayacak-ve-suresi-ne-kadar-osym-bilgileri","status":"publish","type":"post","link":"https:\/\/derstakip.app\/blog\/yokdil-2-sinavi-ne-zaman-baslayacak-ve-suresi-ne-kadar-osym-bilgileri\/","title":{"rendered":"Y\u00d6KD\u0130L\/2 S\u0131nav\u0131 Ne Zaman Ba\u015flayacak ve S\u00fcresi Ne Kadar? \u00d6SYM Bilgileri"},"content":{"rendered":"<p>Son g\u00fcnlerde, Y\u00d6KD\u0130L\/2 s\u0131nav\u0131 ile ilgili detaylar merak konusu olmaya ba\u015flad\u0131! \ud83c\udf93  Peki, Y\u00d6KD\u0130L\/2 s\u0131nav tarihi ve s\u00fcresi nedir? \u00d6SYM taraf\u0131ndan yap\u0131lan a\u00e7\u0131klamalara g\u00f6re, bu y\u0131l \u00e7ok say\u0131da aday\u0131n kat\u0131lmas\u0131 beklenen Y\u00d6KD\u0130L\/2 s\u0131nav\u0131 hakk\u0131nda bilgilere bir g\u00f6z atal\u0131m. \ud83d\udd0d<\/p>\n<h2>Y\u00d6KD\u0130L\/2 S\u0131nav\u0131 Ne Zaman Ger\u00e7ekle\u015fecek?<\/h2>\n<p>Y\u00d6KD\u0130L\/2 s\u0131nav\u0131, 2025 y\u0131l\u0131 itibar\u0131yla 15 Nisan tarihinde ger\u00e7ekle\u015ftirilecektir. Bu tarih, yine \u00d6SYM taraf\u0131ndan resmi olarak duyuruldu.  Adaylar\u0131n s\u0131navdan \u00f6nceki haz\u0131rl\u0131klar\u0131n\u0131 en iyi \u015fekilde yapabilmesi ad\u0131na kesin bilgileri \u00f6\u011frenmesi \u00f6nemlidir. <\/p>\n<h2>S\u0131nav S\u00fcresi Ne Kadar Olacak?<\/h2>\n<p>S\u0131nav s\u00fcresi ise, toplamda 180 dakika olarak belirlenmi\u015ftir. Bu s\u00fcre, adaylar\u0131n sorular\u0131 geli\u015ftirmek ve cevaplamak i\u00e7in yeterli zaman sa\u011flamaktad\u0131r. Her dersten g\u00f6r\u00fclen soru adedi ve zorluk dereceleri do\u011frultusunda zaman y\u00f6netimi ise olduk\u00e7a kritik bir unsurdur! \u23f0<\/p>\n<h3>Y\u00d6KD\u0130L\/2 S\u0131nav\u0131n\u0131n \u00d6nemi Nedir?<\/h3>\n<p>Y\u00d6KD\u0130L\/2 s\u0131nav\u0131, \u00f6zellikle yabanc\u0131 dil yeterlili\u011fi a\u00e7\u0131s\u0131ndan \u00f6nemli bir yere sahiptir. E\u011fitim kurumlar\u0131, akademik kariyer hedefleri olan bir\u00e7ok \u00f6\u011frenci i\u00e7in Y\u00d6KD\u0130L puan\u0131n\u0131 dikkate alarak kontenjanlar\u0131n\u0131 doldurmaktad\u0131r. Dolay\u0131s\u0131yla, bu s\u0131navda ba\u015far\u0131l\u0131 olmak, bir\u00e7ok aday i\u00e7in kritik bir ad\u0131m niteli\u011findedir. \ud83d\udcda<\/p>\n<h3>Kimler Kat\u0131labilir?<\/h3>\n<p>Y\u00d6KD\u0130L\/2 s\u0131nav\u0131na; Y\u00fcksek\u00f6\u011fretim Kurulu (Y\u00d6K) taraf\u0131ndan belirlenen programlara ba\u015fvuracak olan lisans ve lisans\u00fcst\u00fc \u00f6\u011frencileri kat\u0131labilmektedir. Ayr\u0131ca, \u00f6\u011fretim \u00fcyeleri ve yabanc\u0131 dil yeterlili\u011fi talep eden baz\u0131 i\u015f alanlar\u0131 i\u00e7in de bu s\u0131nav son derece de\u011ferlidir.<\/p>\n<h2>\u00d6SYM&#8217;nin S\u0131nav Takvimi<\/h2>\n<p>\u00d6SYM, s\u0131nav takvimine g\u00f6re t\u00fcm s\u0131navlar\u0131n tarihlerini \u00f6nceden belirlemektedir. Y\u00d6KD\u0130L\/2 s\u0131nav\u0131 da bu takvim dahilinde yer almaktad\u0131r. \u00d6SYM\u2019nin <a href=\"https:\/\/www.osym.gov.tr\" target=\"_blank\" rel=\"noopener\">resmi web sitesi<\/a> \u00fczerinden t\u00fcm s\u0131nav takvimini takip edebilir, \u00f6nemli detaylar\u0131 \u00f6\u011frenebilirsiniz.<\/p>\n<h3>Y\u00d6KD\u0130L\/2 S\u0131nav\u0131na Nas\u0131l Haz\u0131rlanmal\u0131y\u0131m?<\/h3>\n<p>S\u0131nav \u00f6ncesinde, Y\u00d6KD\u0130L\/2 s\u0131nav\u0131 i\u00e7in haz\u0131rl\u0131k yapman\u0131n en etkili yollar\u0131ndan biri, deneme s\u0131navlar\u0131yla \u00e7e\u015fitli kaynaklardan sorular \u00e7\u00f6zmektir.  \u00d6rnek sorular ve \u00f6nceki s\u0131navlar\u0131n analiz edilmesi, eksik noktalar\u0131n\u0131z\u0131 belirlemenize yard\u0131mc\u0131 olur. \u0130yi bir haz\u0131rl\u0131k, s\u0131nav g\u00fcn\u00fc ba\u015fkalar\u0131ndan bir ad\u0131m \u00f6nde olman\u0131z\u0131 sa\u011flayacakt\u0131r. \ud83d\udcc8<\/p>\n<h4>Kendinizi Geli\u015ftirin!<\/h4>\n<p>Okuma al\u0131\u015fkanl\u0131klar\u0131n\u0131z\u0131 art\u0131rarak, dil becerilerinizi geli\u015ftirebilirsiniz. Yabanc\u0131 dilde kitap okumak, makale incelemek ve farkl\u0131 kaynaklardan yararlanmak olduk\u00e7a faydal\u0131 olacakt\u0131r. Ayn\u0131 zamanda, ders takibi i\u00e7in mobil uygulamalar kullanarak ilerlemenizi kay\u0131t alt\u0131na alabilirsiniz! <a href=\"https:\/\/www.dersakip.com\" target=\"_blank\" rel=\"noopener\">DersTakip<\/a> uygulamas\u0131, ders program\u0131n\u0131z\u0131 olu\u015fturman\u0131za ve \u00e7al\u0131\u015fma hedeflerinizi belirlemenize yard\u0131mc\u0131 olabilir.<\/p>\n<h2>Y\u00d6KD\u0130L\/2 S\u0131nav Sonu\u00e7lar\u0131 Ne Zaman A\u00e7\u0131klanacak?<\/h2>\n<p>S\u0131nav sonras\u0131nda sonu\u00e7lar, \u00d6SYM\u2019nin belirledi\u011fi tarihlerde a\u00e7\u0131klanacakt\u0131r. Adaylar, sonu\u00e7lar\u0131 <a href=\"https:\/\/sonuc.osym.gov.tr\" target=\"_blank\" rel=\"noopener\">sonu\u00e7 sayfas\u0131<\/a> \u00fczerinden \u00f6\u011frenebilecekler. Bu s\u00fcre\u00e7, \u00f6\u011frenciler i\u00e7in sab\u0131rs\u0131zl\u0131kla beklenen bir a\u015fama olacakt\u0131r.<\/p>\n<h3>Sonu\u00e7lar\u0131n De\u011ferlendirilmesi<\/h3>\n<p>Sonu\u00e7lar, \u00d6SYM taraf\u0131ndan yap\u0131lan de\u011ferlendirme s\u00fcrecinin ard\u0131ndan a\u00e7\u0131kland\u0131ktan sonra, adaylar\u0131n Y\u00d6KD\u0130L\/2 puanlar\u0131 ile ald\u0131klar\u0131 dil yeterlili\u011fi belgeleri belirli bir s\u00fcre i\u00e7erisinde hayatlar\u0131na y\u00f6n verecektir. Bu durum, \u00f6\u011frencilerin akademik ve kariyer hedeflerine ula\u015fmalar\u0131nda b\u00fcy\u00fck bir fakt\u00f6r olacakt\u0131r. \ud83d\udc69\u200d\ud83c\udf93\ud83d\udc68\u200d\ud83c\udf93<\/p>\n<h2>SSS (S\u0131k\u00e7a Sorulan Sorular)<\/h2>\n<h3>Y\u00d6KD\u0130L\/2 s\u0131nav\u0131na kimler kat\u0131labilir?<\/h3>\n<p>Y\u00fcksek\u00f6\u011fretim Kurulu taraf\u0131ndan belirlenen programlara ba\u015fvuracak lisans ve lisans\u00fcst\u00fc \u00f6\u011frencileri kat\u0131labilmektedir.<\/p>\n<h3>Y\u00d6KD\u0130L\/2 s\u0131nav s\u00fcresi ne kadard\u0131r?<\/h3>\n<p>S\u0131nav s\u00fcresi 180 dakikad\u0131r.<\/p>\n<h3>Sonu\u00e7lar ne zaman a\u00e7\u0131klanacak?<\/h3>\n<p>Sonu\u00e7lar, \u00d6SYM\u2019nin belirledi\u011fi tarihlerde a\u00e7\u0131klanacakt\u0131r. \u00d6SYM\u2019nin resmi web sitesi \u00fczerinden takip edilebilir.<\/p>\n<h3>Nas\u0131l haz\u0131rl\u0131k yapmal\u0131y\u0131m?<\/h3>\n<p>Deneme s\u0131navlar\u0131 \u00e7\u00f6zerek ve farkl\u0131 kaynaklardan yararlanarak haz\u0131rl\u0131k yapabilirsiniz. Okuma al\u0131\u015fkanl\u0131klar\u0131n\u0131z\u0131 art\u0131rmak da faydal\u0131d\u0131r.<\/p>\n","protected":false},"excerpt":{"rendered":"<p>Son g\u00fcnlerde, Y\u00d6KD\u0130L\/2 s\u0131nav\u0131 ile ilgili detaylar merak konusu olmaya ba\u015flad\u0131! \ud83c\udf93 Peki, Y\u00d6KD\u0130L\/2 s\u0131nav tarihi ve s\u00fcresi nedir? \u00d6SYM taraf\u0131ndan yap\u0131lan a\u00e7\u0131klamalara g\u00f6re, bu y\u0131l \u00e7ok say\u0131da aday\u0131n kat\u0131lmas\u0131 beklenen Y\u00d6KD\u0130L\/2 s\u0131nav\u0131 hakk\u0131nda bilgilere bir g\u00f6z atal\u0131m. \ud83d\udd0d Y\u00d6KD\u0130L\/2 S\u0131nav\u0131 Ne Zaman Ger\u00e7ekle\u015fecek? Y\u00d6KD\u0130L\/2 s\u0131nav\u0131, 2025 y\u0131l\u0131 itibar\u0131yla 15 Nisan tarihinde ger\u00e7ekle\u015ftirilecektir. Bu tarih,&#8230;<\/p>\n","protected":false},"author":1,"featured_media":2201,"comment_status":"open","ping_status":"open","sticky":false,"template":"","format":"standard","meta":{"footnotes":""},"categories":[84],"tags":[],"class_list":["post-2202","post","type-post","status-publish","format-standard","has-post-thumbnail","hentry","category-haber"],"_links":{"self":[{"href":"https:\/\/derstakip.app\/blog\/wp-json\/wp\/v2\/posts\/2202","targetHints":{"allow":["GET"]}}],"collection":[{"href":"https:\/\/derstakip.app\/blog\/wp-json\/wp\/v2\/posts"}],"about":[{"href":"https:\/\/derstakip.app\/blog\/wp-json\/wp\/v2\/types\/post"}],"author":[{"embeddable":true,"href":"https:\/\/derstakip.app\/blog\/wp-json\/wp\/v2\/users\/1"}],"replies":[{"embeddable":true,"href":"https:\/\/derstakip.app\/blog\/wp-json\/wp\/v2\/comments?post=2202"}],"version-history":[{"count":0,"href":"https:\/\/derstakip.app\/blog\/wp-json\/wp\/v2\/posts\/2202\/revisions"}],"wp:featuredmedia":[{"embeddable":true,"href":"https:\/\/derstakip.app\/blog\/wp-json\/wp\/v2\/media\/2201"}],"wp:attachment":[{"href":"https:\/\/derstakip.app\/blog\/wp-json\/wp\/v2\/media?parent=2202"}],"wp:term":[{"taxonomy":"category","embeddable":true,"href":"https:\/\/derstakip.app\/blog\/wp-json\/wp\/v2\/categories?post=2202"},{"taxonomy":"post_tag","embeddable":true,"href":"https:\/\/derstakip.app\/blog\/wp-json\/wp\/v2\/tags?post=2202"}],"curies":[{"name":"wp","href":"https:\/\/api.w.org\/{rel}","templated":true}]}}