{"id":2194,"date":"2025-07-25T15:39:20","date_gmt":"2025-07-25T12:39:20","guid":{"rendered":"https:\/\/derstakip.app\/blog\/2025-hafta-sonu-sinav-takvimi-26-27-temmuz-sinavlari-ve-detaylari\/"},"modified":"2025-07-25T15:39:20","modified_gmt":"2025-07-25T12:39:20","slug":"2025-hafta-sonu-sinav-takvimi-26-27-temmuz-sinavlari-ve-detaylari","status":"publish","type":"post","link":"https:\/\/derstakip.app\/blog\/2025-hafta-sonu-sinav-takvimi-26-27-temmuz-sinavlari-ve-detaylari\/","title":{"rendered":"2025 Hafta Sonu S\u0131nav Takvimi: 26-27 Temmuz S\u0131navlar\u0131 ve Detaylar\u0131"},"content":{"rendered":"<p>2025 y\u0131l\u0131nda d\u00fczenlenecek olan hafta sonu s\u0131nav takvimi 2025, \u00f6\u011frencilerin e\u011fitim hayatlar\u0131ndaki \u00f6nemli d\u00f6n\u00fcm noktalar\u0131ndan biri. \u00d6zellikle 26-27 Temmuz tarihlerindeki s\u0131navlar, bir\u00e7ok \u00f6\u011frenci i\u00e7in b\u00fcy\u00fck bir heyecan kayna\u011f\u0131. Bu yaz\u0131da, bu tarihlerin \u00f6nemini ve s\u0131nav detaylar\u0131n\u0131 g\u00f6r\u00fcnt\u00fcleyece\u011fiz. \ud83d\udcc5<\/p>\n<h2>26-27 Temmuz S\u0131nav Takvimi<\/h2>\n<p>Bu tarihlerde, \u00d6SYM taraf\u0131ndan d\u00fczenlenecek \u00f6nemli s\u0131navlar bulunmakta. \u00d6zellikle, <strong>2025 MS\u00dc s\u0131nav\u0131<\/strong> ve di\u011fer ulusal s\u0131navlar \u00f6\u011frencilerin kat\u0131l\u0131m\u0131n\u0131 beklemekte. Her s\u0131nav, \u00f6\u011frencilerin yeteneklerini \u00f6l\u00e7mekle kalmay\u0131p, ayn\u0131 zamanda gelecekte hangi alanda devam edeceklerine karar vermelerinde de b\u00fcy\u00fck rol oynamaktad\u0131r. \ud83c\udf93<\/p>\n<h3>MS\u00dc S\u0131nav\u0131 Hakk\u0131nda Bilmeniz Gerekenler<\/h3>\n<p>Milli Savunma \u00dcniversitesi Askeri \u00d6\u011frenci Aday Belirleme S\u0131nav\u0131 (2025-MS\u00dc), 2025 y\u0131l\u0131nda olduk\u00e7a \u00f6nemli bir noktaya sahip. Adaylar, bu s\u0131nav sonucunda askeri okullara yerle\u015fme \u015fans\u0131 elde edebilecekler. Di\u011fer yandan, s\u0131nav\u0131n kapsam\u0131 ve format\u0131 hakk\u0131nda detayl\u0131 bilgi sahibi olmak, adaylar i\u00e7in son derece faydal\u0131 olacakt\u0131r. \ud83d\udcdd<\/p>\n<h4>S\u0131nav \u0130\u00e7eri\u011fi ve Format\u0131<\/h4>\n<p>MS\u00dc s\u0131nav\u0131, yaz\u0131l\u0131 olarak ger\u00e7ekle\u015ftirilecek ve genellikle matematik, T\u00fcrk\u00e7e, fen bilimleri ve sosyal bilimler gibi derslerden sorular i\u00e7erecek. S\u0131nav s\u00fcresi ve soru say\u0131s\u0131 da her y\u0131l de\u011fi\u015febilir, bu nedenle <a href=\"https:\/\/www.osym.gov.tr\" target=\"_blank\" rel=\"noopener\">\u00d6SYM<\/a>\u2019nin resmi duyurular\u0131n\u0131 takip etmek \u00f6nemlidir. Adaylar\u0131n, her bir alt testten ald\u0131\u011f\u0131 do\u011fru cevap say\u0131s\u0131 ile yanl\u0131\u015f cevap say\u0131s\u0131 \u00fczerinden bir de\u011ferlendirme yap\u0131lacak. \u0130statistikler ve talimlere g\u00f6re, do\u011fru cevap say\u0131s\u0131ndan yanl\u0131\u015f cevap say\u0131s\u0131n\u0131n d\u00f6rtte biri \u00e7\u0131kar\u0131larak adaylar\u0131n puanlar\u0131 hesaplanacakt\u0131r. \ud83d\udcca<\/p>\n<h3>2025 S\u0131nav Takvimi<\/h3>\n<p>\u00d6SYM taraf\u0131ndan a\u00e7\u0131klanan 2025 s\u0131nav takviminin detaylar\u0131 pek \u00e7ok \u00f6\u011frenci taraf\u0131ndan bekleniyor. S\u0131nav program\u0131, s\u0131nav tarihleri ve sonu\u00e7lar\u0131n a\u00e7\u0131klanma tarihleri, \u00f6\u011frencilerin planlamalar\u0131n\u0131 yapmalar\u0131nda b\u00fcy\u00fck rol oynayacakt\u0131r. \u00d6nemli tarihler a\u015fa\u011f\u0131da listelenmi\u015ftir:<\/p>\n<ul>\n<li><strong>MS\u00dc S\u0131nav\u0131 Tarihi:<\/strong> 27 Temmuz 2025<\/li>\n<li><strong>Sonu\u00e7 A\u00e7\u0131klama Tarihi:<\/strong> 18 Mart 2025<\/li>\n<\/ul>\n<h4>Ba\u015fvuru S\u00fcreci<\/h4>\n<p>Adaylar, belirlenen tarihlerde <a href=\"https:\/\/ais.osym.gov.tr\/\" target=\"_blank\" rel=\"noopener\">\u00d6SYM<\/a> \u00fczerinden ba\u015fvuru yapmal\u0131d\u0131r. Ba\u015fvuru s\u00fcresini ka\u00e7\u0131rmak, bir\u00e7ok f\u0131rsat\u0131 geri \u00e7evirmek demek olabilir. Bu sebeple, adaylar\u0131n s\u0131nav takvimini ve ba\u015fvuru tarihlerini dikkatlice takip etmeleri gerekmektedir. \ud83d\udcc5<\/p>\n<h3>Sonu\u00e7lar ve De\u011ferlendirme S\u00fcreci<\/h3>\n<p>S\u0131nav sonu\u00e7lar\u0131 a\u00e7\u0131klanmadan \u00f6nce bir\u00e7ok aday, sonu\u00e7lar\u0131n ne zaman a\u00e7\u0131klanaca\u011f\u0131n\u0131 merak etmekte. \u00d6SYM, sonu\u00e7lar\u0131n 18 Mart 2025\u2019te a\u00e7\u0131klanaca\u011f\u0131n\u0131 duyurdu. Bu nedenle, sonu\u00e7lara ula\u015fmak i\u00e7in adaylar\u0131n sab\u0131rl\u0131 olmalar\u0131n\u0131 ve resmi duyurular\u0131 beklemelerini \u00f6neriyoruz. Cevaplarla ilgili bilgi almak i\u00e7in \u00d6SYM\u2019nin <a href=\"https:\/\/sonuc.osym.gov.tr\" target=\"_blank\" rel=\"noopener\">sonu\u00e7 sayfas\u0131n\u0131<\/a> ziyaret edebilirler. \ud83d\udcc8<\/p>\n<h2>Hafta Sonu S\u0131nav Takvimi \u0130pu\u00e7lar\u0131<\/h2>\n<p>S\u0131nav tarihine yakla\u015f\u0131rken, s\u0131nav\u0131n nas\u0131l organize edilece\u011fine dair \u00f6n haz\u0131rl\u0131klar\u0131n\u0131z\u0131 ba\u015f\u0131ndan itibaren yapmal\u0131s\u0131n\u0131z. A\u015fa\u011f\u0131da, s\u0131nav haz\u0131rl\u0131\u011f\u0131n\u0131za katk\u0131 sa\u011flayacak baz\u0131 ipu\u00e7lar\u0131 bulunmaktad\u0131r:<\/p>\n<ol>\n<li><strong>Planl\u0131 \u00c7al\u0131\u015fma:<\/strong> Ders \u00e7al\u0131\u015fma program\u0131n\u0131z\u0131 haz\u0131rlay\u0131n. Hedeflerinizi belirleyin ve d\u00fczenli olarak \u00e7al\u0131\u015f\u0131n.<\/li>\n<li><strong>Molalar:<\/strong> D\u00fczenli aral\u0131klarla mola vermeyi unutmay\u0131n. Ara vermek, daha iyi konsantre olman\u0131za yard\u0131mc\u0131 olacakt\u0131r.<\/li>\n<li><strong>Deneme S\u0131navlar\u0131:<\/strong> Kendinizi s\u0131nav format\u0131nda test edebilmek i\u00e7in deneme s\u0131navlar\u0131na kat\u0131l\u0131n.<\/li>\n<\/ol>\n<h3>SSS &#8211; S\u0131k\u00e7a Sorulan Sorular<\/h3>\n<h4>Hafta sonu s\u0131nav takvimi 2025&#8217;teki \u00f6nemli s\u0131navlar hangileridir?<\/h4>\n<p>26-27 Temmuz tarihlerinde d\u00fczenlenecek olan MS\u00dc s\u0131nav\u0131 en \u00f6nemli s\u0131navlardan biridir.<\/p>\n<h4>S\u0131nav sonu\u00e7lar\u0131 ne zaman a\u00e7\u0131klanacak?<\/h4>\n<p>\u00d6SYM, MS\u00dc s\u0131nav sonu\u00e7lar\u0131n\u0131 18 Mart 2025\u2019te a\u00e7\u0131klanaca\u011f\u0131n\u0131 duyurmu\u015ftur.<\/p>\n<h4>S\u0131navda hangi derslerden sorular \u00e7\u0131kacak?<\/h4>\n<p>MS\u00dc s\u0131nav\u0131, genellikle matematik, T\u00fcrk\u00e7e, fen bilimleri ve sosyal bilimler derslerinden sorular i\u00e7ermektedir.<\/p>\n<h4>Ba\u015fvuru s\u00fcreci nas\u0131l i\u015flemektedir?<\/h4>\n<p>Adaylar, \u00d6SYM&#8217;nin resmi web sitesi \u00fczerinden belirtilen tarihlerde ba\u015fvuru yapmal\u0131d\u0131r.<\/p>\n","protected":false},"excerpt":{"rendered":"<p>2025 y\u0131l\u0131nda d\u00fczenlenecek olan hafta sonu s\u0131nav takvimi 2025, \u00f6\u011frencilerin e\u011fitim hayatlar\u0131ndaki \u00f6nemli d\u00f6n\u00fcm noktalar\u0131ndan biri. \u00d6zellikle 26-27 Temmuz tarihlerindeki s\u0131navlar, bir\u00e7ok \u00f6\u011frenci i\u00e7in b\u00fcy\u00fck bir heyecan kayna\u011f\u0131. Bu yaz\u0131da, bu tarihlerin \u00f6nemini ve s\u0131nav detaylar\u0131n\u0131 g\u00f6r\u00fcnt\u00fcleyece\u011fiz. \ud83d\udcc5 26-27 Temmuz S\u0131nav Takvimi Bu tarihlerde, \u00d6SYM taraf\u0131ndan d\u00fczenlenecek \u00f6nemli s\u0131navlar bulunmakta. \u00d6zellikle, 2025 MS\u00dc s\u0131nav\u0131 ve&#8230;<\/p>\n","protected":false},"author":1,"featured_media":2193,"comment_status":"open","ping_status":"open","sticky":false,"template":"","format":"standard","meta":{"footnotes":""},"categories":[84],"tags":[],"class_list":["post-2194","post","type-post","status-publish","format-standard","has-post-thumbnail","hentry","category-haber"],"_links":{"self":[{"href":"https:\/\/derstakip.app\/blog\/wp-json\/wp\/v2\/posts\/2194","targetHints":{"allow":["GET"]}}],"collection":[{"href":"https:\/\/derstakip.app\/blog\/wp-json\/wp\/v2\/posts"}],"about":[{"href":"https:\/\/derstakip.app\/blog\/wp-json\/wp\/v2\/types\/post"}],"author":[{"embeddable":true,"href":"https:\/\/derstakip.app\/blog\/wp-json\/wp\/v2\/users\/1"}],"replies":[{"embeddable":true,"href":"https:\/\/derstakip.app\/blog\/wp-json\/wp\/v2\/comments?post=2194"}],"version-history":[{"count":0,"href":"https:\/\/derstakip.app\/blog\/wp-json\/wp\/v2\/posts\/2194\/revisions"}],"wp:featuredmedia":[{"embeddable":true,"href":"https:\/\/derstakip.app\/blog\/wp-json\/wp\/v2\/media\/2193"}],"wp:attachment":[{"href":"https:\/\/derstakip.app\/blog\/wp-json\/wp\/v2\/media?parent=2194"}],"wp:term":[{"taxonomy":"category","embeddable":true,"href":"https:\/\/derstakip.app\/blog\/wp-json\/wp\/v2\/categories?post=2194"},{"taxonomy":"post_tag","embeddable":true,"href":"https:\/\/derstakip.app\/blog\/wp-json\/wp\/v2\/tags?post=2194"}],"curies":[{"name":"wp","href":"https:\/\/api.w.org\/{rel}","templated":true}]}}