{"id":2074,"date":"2025-07-19T14:09:00","date_gmt":"2025-07-19T11:09:00","guid":{"rendered":"https:\/\/derstakip.app\/blog\/2025-yks-tercih-tarihleri-ve-osym-kilavuzu-yayinlandi-mi-tum-detaylar-burada\/"},"modified":"2025-07-19T14:09:00","modified_gmt":"2025-07-19T11:09:00","slug":"2025-yks-tercih-tarihleri-ve-osym-kilavuzu-yayinlandi-mi-tum-detaylar-burada","status":"publish","type":"post","link":"https:\/\/derstakip.app\/blog\/2025-yks-tercih-tarihleri-ve-osym-kilavuzu-yayinlandi-mi-tum-detaylar-burada\/","title":{"rendered":"2025 YKS Tercih Tarihleri ve \u00d6SYM K\u0131lavuzu Yay\u0131nland\u0131 m\u0131? T\u00fcm Detaylar Burada!"},"content":{"rendered":"<p>2025 YKS tercih tarihleri i\u00e7in heyecan dorukta! \u00d6\u011frenciler, \u00d6SYM k\u0131lavuzunun yay\u0131nlanmas\u0131n\u0131 d\u00f6rt g\u00f6zle bekliyor. Peki, bu y\u0131l YKS i\u00e7in tercih tarihleri ne zaman a\u00e7\u0131klanacak? \u0130\u015fte, t\u00fcm detaylar!<\/p>\n<h2>YKS Tercih Tarihleri Hakk\u0131nda Bilgiler<\/h2>\n<p>2025 y\u0131l\u0131 Y\u00fcksek\u00f6\u011fretim Kurumlar\u0131 S\u0131nav\u0131 (YKS) tercih tarihleri, \u00d6SYM taraf\u0131ndan belirlenen takvimle resmi olarak duyurulacak. Ancak, genellikle YKS tercih i\u015flemleri, s\u0131nav sonu\u00e7lar\u0131n\u0131n a\u00e7\u0131klanmas\u0131n\u0131n ard\u0131ndan birka\u00e7 hafta i\u00e7inde ba\u015flamaktad\u0131r. Dolay\u0131s\u0131yla, s\u0131nav sonu\u00e7lar\u0131n\u0131n a\u00e7\u0131klanaca\u011f\u0131 tarihi \u00f6\u011frenmek, YKS tercih tarihleri hakk\u0131nda da \u00f6nemli ipu\u00e7lar\u0131 sunuyor. S\u0131nav sonu\u00e7lar\u0131, 2025 tarihinde a\u00e7\u0131klanacak deniliyor, o y\u00fczden g\u00f6zler \u00d6SYM&#8217;nin resmi a\u00e7\u0131klamalar\u0131nda!<\/p>\n<h2>\u00d6SYM K\u0131lavuzu Yay\u0131nland\u0131 m\u0131?<\/h2>\n<p>Her sene tercih s\u00fcrecinde olduk\u00e7a \u00f6nemli bir belge olan \u00d6SYM k\u0131lavuzu, tercih i\u015flemlerinin ba\u015flamas\u0131ndan birka\u00e7 g\u00fcn \u00f6nce yay\u0131mlan\u0131yor. K\u0131lavuzda, programlar\u0131n detaylar\u0131, kontenjanlar, ba\u015fvuru \u015fartlar\u0131 gibi pek \u00e7ok bilgi yer al\u0131yor. <a href=\"https:\/\/www.osym.gov.tr\" target=\"_blank\" rel=\"noopener\">\u00d6SYM&#8217;nin resmi web sitesi<\/a> \u00fczerinden bu bilgilere ula\u015fmak olduk\u00e7a kolay. E\u011fitim hayat\u0131n\u0131zda y\u00f6n bulman\u0131za yard\u0131mc\u0131 olacak bilgilere buradan g\u00f6z atmay\u0131 unutmay\u0131n!<\/p>\n<h3>Tercih S\u00fcrecinde Dikkat Edilmesi Gerekenler<\/h3>\n<p>YKS tercih i\u015flemi s\u0131ras\u0131nda, \u00f6\u011frencilerin dikkat etmesi gereken birka\u00e7 nokta bulunuyor. Bu noktalar aras\u0131nda:<\/p>\n<ul>\n<li>\u0130stedi\u011finiz programlar\u0131n kontenjanlar\u0131n\u0131 incelemek<\/li>\n<li>Ge\u00e7mi\u015f y\u0131llardaki yerle\u015fme oranlar\u0131n\u0131 g\u00f6z \u00f6n\u00fcnde bulundurmak<\/li>\n<li>K\u0131lavuzda yer alan \u015fartlar\u0131 okuyarak, kendi puan durumunuzu iyi de\u011ferlendirmek<\/li>\n<\/ul>\n<p>\u00d6\u011frencilerin bu bilgileri dikkate almas\u0131, daha sa\u011fl\u0131kl\u0131 bir tercih yapmalar\u0131na olanak tan\u0131yabilir.<\/p>\n<h2>2025 YKS Sonu\u00e7 Tarihi<\/h2>\n<p>MS\u00dc s\u0131nav sonu\u00e7lar\u0131 2025 tarihinde a\u00e7\u0131klanacak. Bu tarih, YKS tercih tarihleri ile ilgili s\u00fcre\u00e7lerin ba\u015flamas\u0131 i\u00e7in de \u00f6nemli bir unsurdur. S\u0131nav sonu\u00e7lar\u0131n\u0131n ard\u0131ndan, \u00d6SYM taraf\u0131ndan duyurulacak kesin tarih bilgilerini takip ederek, tercih i\u015flemlerinizi zaman\u0131nda ba\u015flatabilirsiniz.<\/p>\n<h3>Sonu\u00e7 A\u00e7\u0131klamas\u0131 ve Sorgulama<\/h3>\n<p>Adaylar, 2025 YKS sonu\u00e7lar\u0131na ula\u015ft\u0131ktan sonra, tercih s\u00fcrelerini de g\u00f6z \u00f6n\u00fcnde bulundurarak h\u0131zla hareket etmeli. \u00d6SYM sonu\u00e7lar\u0131, <a href=\"https:\/\/sonuc.osym.gov.tr\" target=\"_blank\" rel=\"noopener\">bu linkten<\/a> sorgulanabilecek. S\u0131nav sonu\u00e7lar\u0131 a\u00e7\u0131kland\u0131ktan sonra, ayr\u0131ca \u00d6SYM\u2019nin mobil uygulamalar\u0131ndan da sonu\u00e7 bilgilerinizi \u00f6\u011frenmeniz m\u00fcmk\u00fcn olacak.<\/p>\n<h2>Umar\u0131m S\u00fcrecin Ba\u015far\u0131l\u0131 Ge\u00e7mesi \u0130\u00e7in \u0130pu\u00e7lar\u0131<\/h2>\n<p>Tercih d\u00f6nemi kayan bir s\u00fcre\u00e7 olabilir. Adaylar\u0131n, karar verme a\u015famas\u0131nda stres ya\u015famamalar\u0131 i\u00e7in ipu\u00e7lar\u0131n\u0131 g\u00f6z \u00f6n\u00fcnde bulundurmas\u0131 faydal\u0131 olacakt\u0131r. Unutmay\u0131n, tam se\u00e7iminiz hayat\u0131n\u0131z\u0131 olumlu y\u00f6nde etkileyebilir! Do\u011fru bilgiye ula\u015fman\u0131n yollar\u0131n\u0131 ara\u015ft\u0131r\u0131n. G\u00f6z ard\u0131 edilen en \u00f6nemli noktalardan bir di\u011feri de, kontenjanlar\u0131n nas\u0131l belirlenece\u011fini anlamakt\u0131r. Herkesin hayalindeki \u00fcniversiteye yerle\u015fmesi dile\u011fiyle!<\/p>\n<h3>SSS B\u00f6l\u00fcm\u00fc<\/h3>\n<h4>2025 YKS tercih tarihleri ne zaman a\u00e7\u0131klanacak?<\/h4>\n<p>\u00d6SYM&#8217;nin resmi takvimine g\u00f6re, YKS tercih tarihleri genellikle s\u0131nav sonu\u00e7lar\u0131n\u0131n a\u00e7\u0131klanmas\u0131n\u0131n ard\u0131ndan birka\u00e7 hafta i\u00e7inde duyurulmaktad\u0131r.<\/p>\n<h4>\u00d6SYM k\u0131lavuzu hangi tarihte yay\u0131nlan\u0131r?<\/h4>\n<p>\u00d6SYM k\u0131lavuzu, genellikle YKS s\u0131nav sonu\u00e7lar\u0131n\u0131n a\u00e7\u0131klanmas\u0131n\u0131 takip eden g\u00fcnlerde yay\u0131nlanmaktad\u0131r.<\/p>\n<h4>S\u0131nav sonu\u00e7lar\u0131 nereden sorgulan\u0131r?<\/h4>\n<p>Adaylar, s\u0131nav sonu\u00e7lar\u0131n\u0131 \u00d6SYM&#8217;nin resmi web sitesinden veya mobil uygulamalar\u0131ndan \u00f6\u011frenebilirler.<\/p>\n<h4>YKS tercihleri nas\u0131l yap\u0131l\u0131r?<\/h4>\n<p>\u00d6SYM k\u0131lavuzunda belirtilen tarihlerde, internet \u00fczerinden tercih i\u015flemlerini ger\u00e7ekle\u015ftirebilirsiniz.<\/p>\n<p>Bu bilgileri takip ederek, 2025 YKS tercihlerinin ve s\u00fcre\u00e7lerinin daha iyi y\u00f6netilmesini sa\u011flayabilirsiniz. \u015eimdiden ba\u015far\u0131lar dileriz! \ud83c\udf93<\/p>\n","protected":false},"excerpt":{"rendered":"<p>2025 YKS tercih tarihleri i\u00e7in heyecan dorukta! \u00d6\u011frenciler, \u00d6SYM k\u0131lavuzunun yay\u0131nlanmas\u0131n\u0131 d\u00f6rt g\u00f6zle bekliyor. Peki, bu y\u0131l YKS i\u00e7in tercih tarihleri ne zaman a\u00e7\u0131klanacak? \u0130\u015fte, t\u00fcm detaylar! YKS Tercih Tarihleri Hakk\u0131nda Bilgiler 2025 y\u0131l\u0131 Y\u00fcksek\u00f6\u011fretim Kurumlar\u0131 S\u0131nav\u0131 (YKS) tercih tarihleri, \u00d6SYM taraf\u0131ndan belirlenen takvimle resmi olarak duyurulacak. Ancak, genellikle YKS tercih i\u015flemleri, s\u0131nav sonu\u00e7lar\u0131n\u0131n a\u00e7\u0131klanmas\u0131n\u0131n&#8230;<\/p>\n","protected":false},"author":1,"featured_media":2073,"comment_status":"open","ping_status":"open","sticky":false,"template":"","format":"standard","meta":{"footnotes":""},"categories":[84],"tags":[],"class_list":["post-2074","post","type-post","status-publish","format-standard","has-post-thumbnail","hentry","category-haber"],"_links":{"self":[{"href":"https:\/\/derstakip.app\/blog\/wp-json\/wp\/v2\/posts\/2074","targetHints":{"allow":["GET"]}}],"collection":[{"href":"https:\/\/derstakip.app\/blog\/wp-json\/wp\/v2\/posts"}],"about":[{"href":"https:\/\/derstakip.app\/blog\/wp-json\/wp\/v2\/types\/post"}],"author":[{"embeddable":true,"href":"https:\/\/derstakip.app\/blog\/wp-json\/wp\/v2\/users\/1"}],"replies":[{"embeddable":true,"href":"https:\/\/derstakip.app\/blog\/wp-json\/wp\/v2\/comments?post=2074"}],"version-history":[{"count":0,"href":"https:\/\/derstakip.app\/blog\/wp-json\/wp\/v2\/posts\/2074\/revisions"}],"wp:featuredmedia":[{"embeddable":true,"href":"https:\/\/derstakip.app\/blog\/wp-json\/wp\/v2\/media\/2073"}],"wp:attachment":[{"href":"https:\/\/derstakip.app\/blog\/wp-json\/wp\/v2\/media?parent=2074"}],"wp:term":[{"taxonomy":"category","embeddable":true,"href":"https:\/\/derstakip.app\/blog\/wp-json\/wp\/v2\/categories?post=2074"},{"taxonomy":"post_tag","embeddable":true,"href":"https:\/\/derstakip.app\/blog\/wp-json\/wp\/v2\/tags?post=2074"}],"curies":[{"name":"wp","href":"https:\/\/api.w.org\/{rel}","templated":true}]}}