{"id":2040,"date":"2025-07-19T00:09:17","date_gmt":"2025-07-18T21:09:17","guid":{"rendered":"https:\/\/derstakip.app\/blog\/2025-hafta-sonu-sinav-takvimi-19-20-temmuzda-hangi-sinavlar-yapilacak\/"},"modified":"2025-07-19T00:09:17","modified_gmt":"2025-07-18T21:09:17","slug":"2025-hafta-sonu-sinav-takvimi-19-20-temmuzda-hangi-sinavlar-yapilacak","status":"publish","type":"post","link":"https:\/\/derstakip.app\/blog\/2025-hafta-sonu-sinav-takvimi-19-20-temmuzda-hangi-sinavlar-yapilacak\/","title":{"rendered":"2025 Hafta Sonu S\u0131nav Takvimi: 19-20 Temmuz&#8217;da Hangi S\u0131navlar Yap\u0131lacak?"},"content":{"rendered":"<p>2025 y\u0131l\u0131na ad\u0131m ad\u0131m yakla\u015f\u0131rken, \u00f6\u011frencilerin en \u00e7ok merak etti\u011fi konular\u0131n ba\u015f\u0131nda s\u0131nav tarihleri geliyor. Hafta sonu s\u0131nav takvimi 2025, bu y\u0131l hangi s\u0131navlar\u0131n yap\u0131laca\u011f\u0131n\u0131 ve \u00f6nemli tarihleri kapsamaktad\u0131r. \u00d6zellikle 19-20 Temmuz tarihlerinde ger\u00e7ekle\u015ftirilecek s\u0131navlar, bir\u00e7ok \u00f6\u011frenci i\u00e7in b\u00fcy\u00fck bir \u00f6neme sahip. Hem okul \u00f6\u011frencileri hem de \u00fcniversite adaylar\u0131, bu tarihlerin yakla\u015fmas\u0131yla beraber haz\u0131rl\u0131klar\u0131n\u0131 h\u0131zland\u0131rmaya ba\u015flad\u0131 bile. Ancak net tarihlerin a\u00e7\u0131klanmas\u0131, s\u0131navlara y\u00f6nelik stres ve kayg\u0131n\u0131n da artmas\u0131na neden oluyor.<\/p>\n<h2>19-20 Temmuz&#8217;da Yap\u0131lacak S\u0131navlar<\/h2>\n<p>Bu tarihlerde, \u00d6SYM taraf\u0131ndan d\u00fczenlenen \u00e7e\u015fitli s\u0131navlar ger\u00e7ekle\u015fecektir. \u00d6zellikle Milli Savunma \u00dcniversitesi Askeri \u00d6\u011frenci Aday Belirleme S\u0131nav\u0131 (2025-MS\u00dc) gibi \u00f6nemli bir s\u0131nav, bu tarihlerde yer al\u0131yor. Askeri okullara girmek isteyen adaylar i\u00e7in hayati \u00f6nem ta\u015f\u0131yan bu s\u0131nav\u0131n sonu\u00e7lar\u0131, 18 Mart 2025 tarihinde a\u00e7\u0131klanacak. Adaylar\u0131n bu tarihteki s\u0131nava haz\u0131rl\u0131k yapmak i\u00e7in s\u0131k\u0131 bir \u00e7al\u0131\u015fma program\u0131 olu\u015fturmas\u0131 gerekti\u011fi a\u015fikar.<\/p>\n<h3>S\u0131nav Haz\u0131rl\u0131\u011f\u0131 ve Stratejiler<\/h3>\n<p>S\u0131nav haz\u0131rl\u0131klar\u0131, sadece konu \u00e7al\u0131\u015fmaktan ibaret de\u011fildir. Ayn\u0131 zamanda etkili bir zaman y\u00f6netimi ve strateji belirlemek de olduk\u00e7a \u00f6nemlidir. \u00d6rne\u011fin, haftal\u0131k \u00e7al\u0131\u015fma saatlerinizi belirleyip buna sad\u0131k kalmak, motivasyonunuzu art\u0131rabilir. Unutmay\u0131n, seanslar\u0131n\u0131z\u0131 kaydetmek ve durumu analiz etmek i\u00e7in <a href=\"https:\/\/www.dorstakip.com\" target=\"_blank\" rel=\"noopener\">DersTakip<\/a> gibi bir uygulama kullanmak, i\u015finizi olduk\u00e7a kolayla\u015ft\u0131racakt\u0131r. \u00c7al\u0131\u015fmalar\u0131n sonucunu g\u00f6rmek ve hangi konularda eksik oldu\u011funuzu anlamak, ba\u015far\u0131n\u0131za do\u011frudan etki eder.<\/p>\n<h4>Soru \u00c7\u00f6z\u00fcmleme ve \u0130lerleme Takibi<\/h4>\n<p>\u00c7al\u0131\u015fmalar\u0131n\u0131z s\u0131ras\u0131nda \u00e7\u00f6zd\u00fc\u011f\u00fcn\u00fcz sorular\u0131 kaydedebilmek olduk\u00e7a faydal\u0131d\u0131r. Hangi dersten hangi sorular\u0131 \u00e7\u00f6zd\u00fc\u011f\u00fcn\u00fcz\u00fc takip ederek, hangi konularda daha fazla \u00e7al\u0131\u015fman\u0131z gerekti\u011fini belirleyebilirsiniz. Ayr\u0131ca, <a href=\"https:\/\/www.dorstakip.com\" target=\"_blank\" rel=\"noopener\">DersTakip<\/a> uygulamas\u0131 ile ilerlemenizi takip etmek ve hedeflerinizi belirlemek de olduk\u00e7a kullan\u0131\u015fl\u0131 bir y\u00f6ntem. Her hafta belirledi\u011finiz hedeflere ula\u015fma oran\u0131n\u0131z\u0131 g\u00f6rmek, hem motivasyonunuzu art\u0131r\u0131r hem de \u00e7al\u0131\u015fma al\u0131\u015fkanl\u0131klar\u0131n\u0131z\u0131 geli\u015ftirir.<\/p>\n<h3>\u00d6\u011frenci Ba\u015far\u0131 Oran\u0131 ve \u00d6nceki Y\u0131llar\u0131n Verileri<\/h3>\n<p>Ge\u00e7mi\u015f y\u0131llardaki ba\u015far\u0131 oranlar\u0131, bu y\u0131l\u0131n s\u0131navlar\u0131 i\u00e7in de \u00f6nemli bir g\u00f6sterge olabilir. 2025 Hafta sonu s\u0131nav takvimi do\u011frultusunda analiz yap\u0131ld\u0131\u011f\u0131na g\u00f6re, T\u00fcrkiye genelinde \u00f6nceki y\u0131llar boyunca yap\u0131lan MS\u00dc ve di\u011fer s\u0131navlar\u0131n sonu\u00e7lar\u0131, belirli bir performans trendine i\u015faret ediyor. \u00d6\u011frencilerin bu verileri dikkate alarak geli\u015fim alanlar\u0131n\u0131 belirlemesi, daha etkili bir \u00e7al\u0131\u015fma plan\u0131 olu\u015fturmas\u0131n\u0131 sa\u011flayabilir.<\/p>\n<h4>Psikolojik Haz\u0131rl\u0131k<\/h4>\n<p>Stresle ba\u015fa \u00e7\u0131kmak, s\u0131nav d\u00f6neminin belki de en zorlay\u0131c\u0131 taraf\u0131d\u0131r. S\u0131nav g\u00fcn\u00fcne kadar ge\u00e7ilecek s\u00fcrede, \u00f6zellikle s\u0131nav kayg\u0131s\u0131n\u0131 y\u00f6netmek i\u00e7in \u00e7e\u015fitli teknikler deneyebilirsiniz. Meditasyon veya nefes egzersizleri, s\u0131nav \u00f6ncesi kayg\u0131y\u0131 azaltmada etkili olabilir. Unutmay\u0131n, ba\u015far\u0131 sadece bilgi de\u011fil, ayn\u0131 zamanda psikolojik dayan\u0131kl\u0131l\u0131k gerektirir.<\/p>\n<h3>Sonu\u00e7 ve Beklentiler<\/h3>\n<p>19-20 Temmuz tarihlerinde yap\u0131lacak olan s\u0131navlar, \u00f6\u011frencilerin kariyerleri i\u00e7in b\u00fcy\u00fck bir d\u00f6n\u00fcm noktas\u0131 olabilir. Bu s\u00fcre\u00e7te, etkili bir \u00e7al\u0131\u015fma program\u0131 ve zaman y\u00f6netimi ile ba\u015far\u0131ya ula\u015fmak m\u00fcmk\u00fcn. Hafta sonu s\u0131nav takvimi 2025&#8217;te belirtilen tarihleri iyi takip etmek, haz\u0131rl\u0131klar\u0131n\u0131z\u0131 tamamlaman\u0131za yard\u0131mc\u0131 olacakt\u0131r.<\/p>\n<h2>SSS (S\u0131k\u00e7a Sorulan Sorular)<\/h2>\n<h3>Hafta sonu s\u0131nav takvimi 2025&#8217;te hangi s\u0131navlar var?<\/h3>\n<p>2025 Hafta sonu s\u0131nav takvimi, Milli Savunma \u00dcniversitesi Askeri \u00d6\u011frenci Aday Belirleme S\u0131nav\u0131 gibi \u00f6nemli s\u0131navlar\u0131 i\u00e7eriyor.<\/p>\n<h3>S\u0131nav haz\u0131rl\u0131\u011f\u0131 i\u00e7in en etkili y\u00f6ntemler nelerdir?<\/h3>\n<p>Etkin bir zaman y\u00f6netimi, d\u00fczenli \u00e7al\u0131\u015fma seanslar\u0131 ve s\u00fcrecin takip edilmesi, s\u0131nav haz\u0131rl\u0131\u011f\u0131 i\u00e7in olduk\u00e7a faydal\u0131 y\u00f6ntemlerdir.<\/p>\n<h3>S\u0131nav sonu\u00e7lar\u0131 ne zaman a\u00e7\u0131klanacak?<\/h3>\n<p>2025-MS\u00dc s\u0131nav sonu\u00e7lar\u0131, 18 Mart 2025 tarihinde a\u00e7\u0131klanacak. Adaylar sonu\u00e7lar\u0131n\u0131 \u00d6SYM&#8217;nin resmi sitesinden \u00f6\u011frenebilecekler.<\/p>\n<h3>Psikolojik haz\u0131rl\u0131k neden \u00f6nemlidir?<\/h3>\n<p>S\u0131nav stresi y\u00f6netmek, ba\u015far\u0131l\u0131 bir performans sergilemek i\u00e7in kritik \u00f6neme sahiptir. Nefes egzersizleri veya meditasyon yaparak stresle ba\u015fa \u00e7\u0131kabilirsiniz.<\/p>\n","protected":false},"excerpt":{"rendered":"<p>2025 y\u0131l\u0131na ad\u0131m ad\u0131m yakla\u015f\u0131rken, \u00f6\u011frencilerin en \u00e7ok merak etti\u011fi konular\u0131n ba\u015f\u0131nda s\u0131nav tarihleri geliyor. Hafta sonu s\u0131nav takvimi 2025, bu y\u0131l hangi s\u0131navlar\u0131n yap\u0131laca\u011f\u0131n\u0131 ve \u00f6nemli tarihleri kapsamaktad\u0131r. \u00d6zellikle 19-20 Temmuz tarihlerinde ger\u00e7ekle\u015ftirilecek s\u0131navlar, bir\u00e7ok \u00f6\u011frenci i\u00e7in b\u00fcy\u00fck bir \u00f6neme sahip. Hem okul \u00f6\u011frencileri hem de \u00fcniversite adaylar\u0131, bu tarihlerin yakla\u015fmas\u0131yla beraber haz\u0131rl\u0131klar\u0131n\u0131 h\u0131zland\u0131rmaya&#8230;<\/p>\n","protected":false},"author":1,"featured_media":2039,"comment_status":"open","ping_status":"open","sticky":false,"template":"","format":"standard","meta":{"footnotes":""},"categories":[84],"tags":[],"class_list":["post-2040","post","type-post","status-publish","format-standard","has-post-thumbnail","hentry","category-haber"],"_links":{"self":[{"href":"https:\/\/derstakip.app\/blog\/wp-json\/wp\/v2\/posts\/2040","targetHints":{"allow":["GET"]}}],"collection":[{"href":"https:\/\/derstakip.app\/blog\/wp-json\/wp\/v2\/posts"}],"about":[{"href":"https:\/\/derstakip.app\/blog\/wp-json\/wp\/v2\/types\/post"}],"author":[{"embeddable":true,"href":"https:\/\/derstakip.app\/blog\/wp-json\/wp\/v2\/users\/1"}],"replies":[{"embeddable":true,"href":"https:\/\/derstakip.app\/blog\/wp-json\/wp\/v2\/comments?post=2040"}],"version-history":[{"count":0,"href":"https:\/\/derstakip.app\/blog\/wp-json\/wp\/v2\/posts\/2040\/revisions"}],"wp:featuredmedia":[{"embeddable":true,"href":"https:\/\/derstakip.app\/blog\/wp-json\/wp\/v2\/media\/2039"}],"wp:attachment":[{"href":"https:\/\/derstakip.app\/blog\/wp-json\/wp\/v2\/media?parent=2040"}],"wp:term":[{"taxonomy":"category","embeddable":true,"href":"https:\/\/derstakip.app\/blog\/wp-json\/wp\/v2\/categories?post=2040"},{"taxonomy":"post_tag","embeddable":true,"href":"https:\/\/derstakip.app\/blog\/wp-json\/wp\/v2\/tags?post=2040"}],"curies":[{"name":"wp","href":"https:\/\/api.w.org\/{rel}","templated":true}]}}