{"id":2036,"date":"2025-07-18T14:09:18","date_gmt":"2025-07-18T11:09:18","guid":{"rendered":"https:\/\/derstakip.app\/blog\/kpss-2025-1-merkezi-atama-sonuclari-ne-zaman-aciklanacak-osym-detaylari-burada\/"},"modified":"2025-07-18T14:09:18","modified_gmt":"2025-07-18T11:09:18","slug":"kpss-2025-1-merkezi-atama-sonuclari-ne-zaman-aciklanacak-osym-detaylari-burada","status":"publish","type":"post","link":"https:\/\/derstakip.app\/blog\/kpss-2025-1-merkezi-atama-sonuclari-ne-zaman-aciklanacak-osym-detaylari-burada\/","title":{"rendered":"KPSS 2025\/1 merkezi atama sonu\u00e7lar\u0131 ne zaman a\u00e7\u0131klanacak? \u00d6SYM detaylar\u0131 burada!"},"content":{"rendered":"<p>KPSS tercih sonu\u00e7lar\u0131 2025, t\u00fcm adaylar\u0131n merakla bekledi\u011fi bir konudur. \u00d6SYM, 2025 y\u0131l\u0131 i\u00e7in ger\u00e7ekle\u015ftirilen KPSS s\u0131navlar\u0131n\u0131n sonu\u00e7lar\u0131n\u0131 18 Mart 2025 tarihinde a\u00e7\u0131klayaca\u011f\u0131n\u0131 duyurdu. Bu, s\u0131nava kat\u0131lan adaylar\u0131n hangi b\u00f6l\u00fcmlere yerle\u015ftirilece\u011fi hakk\u0131nda \u00f6nemli bir bilgidir. O nedenle, yap\u0131lan s\u0131navlar ve sonu\u00e7lar\u0131n a\u00e7\u0131klanmas\u0131, herkesin ilgi oda\u011f\u0131 olmu\u015f durumdad\u0131r.<\/p>\n<h2>KPSS S\u0131nav S\u00fcreci ve Sonu\u00e7 Tarihleri<\/h2>\n<p>2025 KPSS s\u0131nav\u0131, T\u00fcrkiye genelinde bir\u00e7ok aday\u0131n kat\u0131l\u0131m\u0131yla ger\u00e7ekle\u015ftirilmi\u015ftir. Adaylar\u0131n s\u0131nav tarihinden sonra yapt\u0131\u011f\u0131 en b\u00fcy\u00fck beklenti, sonu\u00e7lar\u0131n ne zaman a\u00e7\u0131klanaca\u011f\u0131d\u0131r. \u00d6SYM, bu durumun bilincinde olarak, s\u0131navlar\u0131n takvimini \u00f6nceden belirlemi\u015ftir. KPSS tercih sonu\u00e7lar\u0131 2025 i\u00e7in belirlenen tarih, 18 Mart 2025 olarak a\u00e7\u0131klanm\u0131\u015ft\u0131r. 23 \u015eubat 2025&#8217;te yap\u0131lan s\u0131nav\u0131n ard\u0131ndan, g\u00f6zler bu tarihe \u00e7evrilecektir.<\/p>\n<h3>S\u0131nav Sonu\u00e7lar\u0131n\u0131n A\u00e7\u0131klanmas\u0131<\/h3>\n<p>KPSS s\u0131nav sonu\u00e7lar\u0131 a\u00e7\u0131kland\u0131\u011f\u0131 zaman, adaylar sonu\u00e7lar\u0131n\u0131 <a href=\"https:\/\/sonuc.osym.gov.tr\" target=\"_blank\" rel=\"noopener\">\u00d6SYM\u2019nin resmi sitesi<\/a> \u00fczerinden \u00f6\u011frenebilecekler. Adaylar, T.C. Kimlik Numaras\u0131 ve \u015fifreleri yard\u0131m\u0131yla sonu\u00e7lar\u0131na ula\u015facaklard\u0131r. Ancak, s\u0131nav sonu\u00e7 belgesi, adaylara fiziksel olarak g\u00f6nderilmeyecek. Dolay\u0131s\u0131yla, internet \u00fczerinden sonu\u00e7 bilgileri teyit edilecek.<\/p>\n<h4>Sonu\u00e7lar\u0131n De\u011ferlendirilmesi<\/h4>\n<p>Her aday\u0131n do\u011fru yan\u0131t say\u0131s\u0131 dikkate al\u0131narak bir ham puan belirlenecek. Do\u011fru cevap say\u0131s\u0131ndan yanl\u0131\u015f cevap say\u0131s\u0131n\u0131n d\u00f6rtte biri \u00e7\u0131kar\u0131lacak ve bu i\u015flem sonucunda her aday\u0131n ilgili testten ald\u0131\u011f\u0131 puan hesaplanacakt\u0131r. S\u0131nav sonu\u00e7lar\u0131n\u0131n de\u011ferlendirilmesi s\u0131ras\u0131nda standart puanlama sistemi kullan\u0131lacak, bu sistem genel ba\u015far\u0131 ortalamas\u0131 \u00fczerinden belirlenecektir.<\/p>\n<h3>\u00d6SYM Taraf\u0131ndan Yap\u0131lan A\u00e7\u0131klamalar<\/h3>\n<p>\u00d6SYM Ba\u015fkan\u0131 taraf\u0131ndan yap\u0131lan son a\u00e7\u0131klama ile birlikte, KPSS tercih sonu\u00e7lar\u0131 2025 tarihinin kesin oldu\u011fu vurguland\u0131. Adaylar\u0131n bu s\u00fcre\u00e7te endi\u015felenmesine gerek olmad\u0131\u011f\u0131, sonu\u00e7lar\u0131n zaman\u0131nda a\u00e7\u0131klanaca\u011f\u0131 ifade edildi. \u015eu an i\u00e7in herhangi bir erken sonu\u00e7 a\u00e7\u0131klama durumu bulunmamaktad\u0131r. Ancak, bu konuda g\u00fcncel geli\u015fmelere g\u00f6re takipte kalmakta fayda var.<\/p>\n<h4>Ba\u015fka Bir Sorunuzu Yan\u0131tlayal\u0131m: Sonu\u00e7 Sorgulama \u0130\u015flemi Nas\u0131l Yap\u0131l\u0131r?<\/h4>\n<p>\u00d6SYM, s\u0131nav sonu\u00e7lar\u0131n\u0131n sorgulanabilmesi i\u00e7in adaylara \u00f6zel bir sistem geli\u015ftirmi\u015ftir. Adaylar, 18 Mart 2025 tarihinde sonu\u00e7lar a\u00e7\u0131klan\u0131r a\u00e7\u0131klanmaz <a href=\"https:\/\/sonuc.osym.gov.tr\" target=\"_blank\" rel=\"noopener\">\u00d6SYM&#8217;nin resmi internet adresi<\/a> \u00fczerinden, T.C. Kimlik Numaras\u0131 ve \u015fifrelerini kullanarak sonu\u00e7lar\u0131n\u0131 g\u00f6r\u00fcnt\u00fcleyebilirler.<\/p>\n<h2>KPSS Tercih Sonu\u00e7lar\u0131 Hakk\u0131nda Merak Edilenler<\/h2>\n<p>KPSS s\u0131nav\u0131ndan sonu\u00e7 ald\u0131ktan sonra adaylar, hangi alana yerle\u015ftirildi\u011fini ve hangi bran\u015fta e\u011fitim alaca\u011f\u0131n\u0131 merak eder. Bu noktada, <strong>KPSS tercih sonu\u00e7lar\u0131 2025<\/strong> hakk\u0131nda bilgilendirmeler devam edecektir. Adaylar\u0131n, tercih s\u00fcrecini ve yerle\u015ftirme a\u015famas\u0131n\u0131 dikkatle takip etmeleri \u00f6nemlidir.<\/p>\n<h3>Sonu\u00e7 Sonras\u0131 S\u00fcre\u00e7<\/h3>\n<p>Sonu\u00e7lar\u0131n a\u00e7\u0131klanmas\u0131n\u0131n ard\u0131ndan adaylara, belirli bir s\u00fcre i\u00e7erisinde tercihlerini yapmalar\u0131 gerekecek. Bu s\u00fcre i\u00e7erisinde hangi bran\u015flar\u0131 se\u00e7ecekleri olduk\u00e7a \u00f6nemli bir karar olacakt\u0131r. Adaylar\u0131n, tercihlerini yaparken kendi ilgi alanlar\u0131n\u0131 ve gelecek hedeflerini g\u00f6z \u00f6n\u00fcnde bulundurmalar\u0131 faydal\u0131 olabilir.<\/p>\n<h4>SSS &#8211; S\u0131k\u00e7a Sorulan Sorular<\/h4>\n<h5>KPSS tercih sonu\u00e7lar\u0131 2025 ne zaman a\u00e7\u0131klanacak?<\/h5>\n<p>KPSS tercih sonu\u00e7lar\u0131, 18 Mart 2025&#8217;te a\u00e7\u0131klanacakt\u0131r.<\/p>\n<h5>KPSS sonu\u00e7lar\u0131n\u0131 nas\u0131l sorgulayabilirim?<\/h5>\n<p>Sonu\u00e7lar\u0131 \u00d6SYM\u2019nin resmi internet sitesi \u00fczerinden T.C. Kimlik Numaras\u0131 ve \u015fifre ile sorgulayabilirsiniz.<\/p>\n<h5>Sonu\u00e7lar erken a\u00e7\u0131klan\u0131r m\u0131?<\/h5>\n<p>\u00d6SYM taraf\u0131ndan a\u00e7\u0131klanan takvime g\u00f6re, sonu\u00e7lar belirtilen tarihte a\u00e7\u0131klanacakt\u0131r ve erken sonu\u00e7 a\u00e7\u0131klamas\u0131 yap\u0131lmas\u0131 beklenmiyor.<\/p>\n<p>Sonu\u00e7lar\u0131 takip etmek ve bilgi almak i\u00e7in, \u00d6SYM\u2019nin duyurular\u0131n\u0131 d\u00fczenli olarak kontrol etmeyi unutmay\u0131n!<\/p>\n","protected":false},"excerpt":{"rendered":"<p>KPSS tercih sonu\u00e7lar\u0131 2025, t\u00fcm adaylar\u0131n merakla bekledi\u011fi bir konudur. \u00d6SYM, 2025 y\u0131l\u0131 i\u00e7in ger\u00e7ekle\u015ftirilen KPSS s\u0131navlar\u0131n\u0131n sonu\u00e7lar\u0131n\u0131 18 Mart 2025 tarihinde a\u00e7\u0131klayaca\u011f\u0131n\u0131 duyurdu. Bu, s\u0131nava kat\u0131lan adaylar\u0131n hangi b\u00f6l\u00fcmlere yerle\u015ftirilece\u011fi hakk\u0131nda \u00f6nemli bir bilgidir. O nedenle, yap\u0131lan s\u0131navlar ve sonu\u00e7lar\u0131n a\u00e7\u0131klanmas\u0131, herkesin ilgi oda\u011f\u0131 olmu\u015f durumdad\u0131r. KPSS S\u0131nav S\u00fcreci ve Sonu\u00e7 Tarihleri 2025 KPSS&#8230;<\/p>\n","protected":false},"author":1,"featured_media":2035,"comment_status":"open","ping_status":"open","sticky":false,"template":"","format":"standard","meta":{"footnotes":""},"categories":[84],"tags":[],"class_list":["post-2036","post","type-post","status-publish","format-standard","has-post-thumbnail","hentry","category-haber"],"_links":{"self":[{"href":"https:\/\/derstakip.app\/blog\/wp-json\/wp\/v2\/posts\/2036","targetHints":{"allow":["GET"]}}],"collection":[{"href":"https:\/\/derstakip.app\/blog\/wp-json\/wp\/v2\/posts"}],"about":[{"href":"https:\/\/derstakip.app\/blog\/wp-json\/wp\/v2\/types\/post"}],"author":[{"embeddable":true,"href":"https:\/\/derstakip.app\/blog\/wp-json\/wp\/v2\/users\/1"}],"replies":[{"embeddable":true,"href":"https:\/\/derstakip.app\/blog\/wp-json\/wp\/v2\/comments?post=2036"}],"version-history":[{"count":0,"href":"https:\/\/derstakip.app\/blog\/wp-json\/wp\/v2\/posts\/2036\/revisions"}],"wp:featuredmedia":[{"embeddable":true,"href":"https:\/\/derstakip.app\/blog\/wp-json\/wp\/v2\/media\/2035"}],"wp:attachment":[{"href":"https:\/\/derstakip.app\/blog\/wp-json\/wp\/v2\/media?parent=2036"}],"wp:term":[{"taxonomy":"category","embeddable":true,"href":"https:\/\/derstakip.app\/blog\/wp-json\/wp\/v2\/categories?post=2036"},{"taxonomy":"post_tag","embeddable":true,"href":"https:\/\/derstakip.app\/blog\/wp-json\/wp\/v2\/tags?post=2036"}],"curies":[{"name":"wp","href":"https:\/\/api.w.org\/{rel}","templated":true}]}}