{"id":2026,"date":"2025-07-17T15:39:18","date_gmt":"2025-07-17T12:39:18","guid":{"rendered":"https:\/\/derstakip.app\/blog\/2025-osym-yks-sinav-sonuclari-ne-zaman-aciklanacak-tyt-ayt-ydt-sonuclari-hakkinda-bilgiler\/"},"modified":"2025-07-17T15:39:18","modified_gmt":"2025-07-17T12:39:18","slug":"2025-osym-yks-sinav-sonuclari-ne-zaman-aciklanacak-tyt-ayt-ydt-sonuclari-hakkinda-bilgiler","status":"publish","type":"post","link":"https:\/\/derstakip.app\/blog\/2025-osym-yks-sinav-sonuclari-ne-zaman-aciklanacak-tyt-ayt-ydt-sonuclari-hakkinda-bilgiler\/","title":{"rendered":"2025 \u00d6SYM YKS S\u0131nav Sonu\u00e7lar\u0131 Ne Zaman A\u00e7\u0131klanacak? TYT, AYT, YDT Sonu\u00e7lar\u0131 Hakk\u0131nda Bilgiler"},"content":{"rendered":"<p>2025 y\u0131l\u0131 YKS s\u0131nav sonu\u00e7lar\u0131 2025 ne zaman a\u00e7\u0131klanacak? S\u0131nava haz\u0131rlanan bir\u00e7ok \u00f6\u011frenci, bu sorunun cevab\u0131n\u0131 merakla bekliyor. Her y\u0131l d\u00fczenlenen Y\u00fcksek\u00f6\u011fretim Kurumlar\u0131 S\u0131nav\u0131, T\u00fcrkiye&#8217;deki \u00fcniversitelere giri\u015fte b\u00fcy\u00fck bir \u00f6nem ta\u015f\u0131yor. Detaylara birlikte bakal\u0131m! \ud83d\udcda<\/p>\n<h2>YKS S\u0131nav S\u00fcreci ve Sonu\u00e7 Tarihleri<\/h2>\n<p>YKS, TYT, AYT ve YDT oturumlar\u0131 ile \u00f6\u011frencilerin yeteneklerini \u00f6l\u00e7mek i\u00e7in yap\u0131lmaktad\u0131r. Her y\u0131l d\u00fczenli olarak ger\u00e7ekle\u015ftirilen bu s\u0131nav\u0131n sonu\u00e7lar\u0131, \u00f6\u011frencilerin \u00fcniversite se\u00e7imleri i\u00e7in b\u00fcy\u00fck \u00f6nem ta\u015f\u0131yor. 2025 YKS s\u0131nav sonu\u00e7lar\u0131n\u0131n a\u00e7\u0131klanma tarihine gelince, \u00d6SYM taraf\u0131ndan resmi bir duyuru yap\u0131lm\u0131\u015ft\u0131r. YKS sonu\u00e7lar\u0131, 18 Temmuz 2025 tarihinde a\u00e7\u0131klanacakt\u0131r. \ud83d\udcc5<\/p>\n<h2>YKS Sonu\u00e7lar\u0131 Ne Zaman Eri\u015fime A\u00e7\u0131lacak?<\/h2>\n<p>\u00d6SYM, sonu\u00e7lar\u0131 \u00f6\u011frencilere sa\u011flamak i\u00e7in her y\u0131l belirledi\u011fi takvim \u00e7er\u00e7evesinde \u00e7al\u0131\u015f\u0131r. Adaylar, hashtag a\u00e7\u0131klama duyurusunu bekleyerek s\u0131nav sonu\u00e7lar\u0131n\u0131 \u00f6\u011frenmek i\u00e7in sab\u0131rs\u0131zlan\u0131yor. S\u0131nav sonu\u00e7lar\u0131 T.C. Kimlik numaras\u0131 ve \u015fifre ile <a href=\"https:\/\/sonuc.osym.gov.tr\" target=\"_blank\" rel=\"noopener\">\u00d6SYM\u2019nin resmi internet sitesinden<\/a> sorgulanabilecek. Ayr\u0131ca \u00d6SYM mobil uygulamalar\u0131 \u00fczerinden de sonu\u00e7lara ula\u015fmak m\u00fcmk\u00fcn olacak. \ud83d\udcf2<\/p>\n<h3>Sonu\u00e7 Belgesi ve Sorgulama<\/h3>\n<p>Adaylar i\u00e7in sonu\u00e7 belgesi, s\u0131navdan sonra mail yoluyla g\u00f6nderilmeyecek. Bunun yerine, \u00d6SYM&#8217;nin internet sayfas\u0131nda yer alan sonu\u00e7 bilgileri, adaylara tebli\u011f h\u00fckm\u00fcndedir. \u0130\u015fte burada \u00f6nemli bir detay daha var! S\u0131nav sonu\u00e7 belgelerinin do\u011frulanmas\u0131 i\u00e7in &#8220;Sonu\u00e7 Belgesi Kontrol Sistemi&#8221; hizmet sunulacak. Bu sistem sayesinde \u00f6\u011frenciler, sonu\u00e7lar\u0131n\u0131 g\u00fcvenilir bir \u015fekilde kontrol edebilecekler. \ud83d\udd0d<\/p>\n<h2>YKS S\u0131nav Sonu\u00e7lar\u0131 \u00dczerine Beklentiler<\/h2>\n<p>2025 YKS s\u0131nav sonu\u00e7lar\u0131, milyonlarca \u00f6\u011frencinin \u00fcniversite hedeflerine ula\u015fmas\u0131nda kilit bir rol oynamaktad\u0131r. \u00d6\u011frenciler hayallerindeki \u00fcniversiteye girmek i\u00e7in b\u00fcy\u00fck \u00e7aba g\u00f6steriyor. Bu nedenle s\u0131nav sonu\u00e7lar\u0131 a\u00e7\u0131kland\u0131\u011f\u0131nda, \u00fcniversite tercihleri de bu sonu\u00e7lara ba\u011fl\u0131 olarak \u015fekillenecek. Sonu\u00e7lar\u0131n gelmesi, herkes i\u00e7in heyecan dolu bir s\u00fcre\u00e7 olacakt\u0131r. \ud83c\udf93<\/p>\n<h3>Erken Sonu\u00e7 A\u00e7\u0131klanmas\u0131 M\u00fcmk\u00fcn m\u00fc?<\/h3>\n<p>Adaylar aras\u0131nda, sonu\u00e7lar\u0131n daha erken a\u00e7\u0131klan\u0131p a\u00e7\u0131klanmayaca\u011f\u0131na dair farkl\u0131 g\u00f6r\u00fc\u015fler var. Ancak \u00d6SYM taraf\u0131ndan herhangi bir resmi a\u00e7\u0131klama bulunmad\u0131. Sonu\u00e7lar, 18 Temmuz&#8217;da a\u00e7\u0131klanacak gibi g\u00f6r\u00fcn\u00fcyor. \ud83d\udde3\ufe0f<\/p>\n<h2>YKS Sonu\u00e7lar\u0131n\u0131n S\u0131nav S\u00fcrecindeki \u00d6nemi<\/h2>\n<p>YKS s\u0131nav sonu\u00e7lar\u0131n\u0131n etkisi, \u00f6\u011frencilerin geleceklerini belirlemede olduk\u00e7a b\u00fcy\u00fckt\u00fcr. Bu sonu\u00e7lar aylard\u0131r s\u00fcren emeklerin bir yans\u0131mas\u0131d\u0131r. Sonu\u00e7lar\u0131n a\u00e7\u0131klanmas\u0131yla birlikte, \u00f6\u011frenciler geleceklerini \u015fekillendirmeye ba\u015flayacaklar. \u00d6ncelikle hedeflenen okulun kontenjanlar\u0131na ve standartlar\u0131na g\u00f6re tercihlerini yapacaklar. \u00d6SYM&#8217;nin belirledi\u011fi kurallar ve sistemler dahilinde hareket edilmesi gerekti\u011fi unutulmamal\u0131d\u0131r. <\/p>\n<h3>\u00d6SYM Web Sitesinde Dikkat Edilmesi Gerekenler<\/h3>\n<p>\u00d6SYM&#8217;nin internet sitesi olduk\u00e7a yo\u011fun bir talep alaca\u011f\u0131 i\u00e7in, sonu\u00e7 T.C. Kimlik numaras\u0131 ve \u015fifre ile sorgularken dikkatli olunmal\u0131d\u0131r. Herhangi bir eri\u015fim problemi ya\u015fanmamas\u0131 i\u00e7in do\u011fru bilgilerin girilmesi \u015fartt\u0131r. Sonu\u00e7lar a\u00e7\u0131kland\u0131\u011f\u0131nda, \u00d6SYM&#8217;nin sosyal medya hesaplar\u0131 da takip edilmesi gereken kaynaklardan biridir. \ud83d\udd17<\/p>\n<h2>SSS &#8211; S\u0131k\u00e7a Sorulan Sorular<\/h2>\n<h3>YKS s\u0131nav sonu\u00e7lar\u0131 2025 ne zaman a\u00e7\u0131klanacak?<\/h3>\n<p>YKS sonu\u00e7lar\u0131 18 Temmuz 2025 tarihinde a\u00e7\u0131klanacakt\u0131r.<\/p>\n<h3>Sonu\u00e7 belgesi nas\u0131l al\u0131n\u0131r?<\/h3>\n<p>Sonu\u00e7 belgesi, \u00d6SYM\u2019nin resmi internet sitesi \u00fczerinden T.C. Kimlik numaras\u0131 ve \u015fifre ile sorgulanabilecektir.<\/p>\n<h3>Sonu\u00e7lar erken a\u00e7\u0131klan\u0131r m\u0131?<\/h3>\n<p>\u015eu an i\u00e7in \u00f6nceden herhangi bir a\u00e7\u0131klama yap\u0131lmam\u0131\u015ft\u0131r. Sonu\u00e7lar 18 Temmuz&#8217;da a\u00e7\u0131klanmas\u0131 bekleniyor.<\/p>\n","protected":false},"excerpt":{"rendered":"<p>2025 y\u0131l\u0131 YKS s\u0131nav sonu\u00e7lar\u0131 2025 ne zaman a\u00e7\u0131klanacak? S\u0131nava haz\u0131rlanan bir\u00e7ok \u00f6\u011frenci, bu sorunun cevab\u0131n\u0131 merakla bekliyor. Her y\u0131l d\u00fczenlenen Y\u00fcksek\u00f6\u011fretim Kurumlar\u0131 S\u0131nav\u0131, T\u00fcrkiye&#8217;deki \u00fcniversitelere giri\u015fte b\u00fcy\u00fck bir \u00f6nem ta\u015f\u0131yor. Detaylara birlikte bakal\u0131m! \ud83d\udcda YKS S\u0131nav S\u00fcreci ve Sonu\u00e7 Tarihleri YKS, TYT, AYT ve YDT oturumlar\u0131 ile \u00f6\u011frencilerin yeteneklerini \u00f6l\u00e7mek i\u00e7in yap\u0131lmaktad\u0131r. Her y\u0131l&#8230;<\/p>\n","protected":false},"author":1,"featured_media":2025,"comment_status":"open","ping_status":"open","sticky":false,"template":"","format":"standard","meta":{"footnotes":""},"categories":[84],"tags":[],"class_list":["post-2026","post","type-post","status-publish","format-standard","has-post-thumbnail","hentry","category-haber"],"_links":{"self":[{"href":"https:\/\/derstakip.app\/blog\/wp-json\/wp\/v2\/posts\/2026","targetHints":{"allow":["GET"]}}],"collection":[{"href":"https:\/\/derstakip.app\/blog\/wp-json\/wp\/v2\/posts"}],"about":[{"href":"https:\/\/derstakip.app\/blog\/wp-json\/wp\/v2\/types\/post"}],"author":[{"embeddable":true,"href":"https:\/\/derstakip.app\/blog\/wp-json\/wp\/v2\/users\/1"}],"replies":[{"embeddable":true,"href":"https:\/\/derstakip.app\/blog\/wp-json\/wp\/v2\/comments?post=2026"}],"version-history":[{"count":0,"href":"https:\/\/derstakip.app\/blog\/wp-json\/wp\/v2\/posts\/2026\/revisions"}],"wp:featuredmedia":[{"embeddable":true,"href":"https:\/\/derstakip.app\/blog\/wp-json\/wp\/v2\/media\/2025"}],"wp:attachment":[{"href":"https:\/\/derstakip.app\/blog\/wp-json\/wp\/v2\/media?parent=2026"}],"wp:term":[{"taxonomy":"category","embeddable":true,"href":"https:\/\/derstakip.app\/blog\/wp-json\/wp\/v2\/categories?post=2026"},{"taxonomy":"post_tag","embeddable":true,"href":"https:\/\/derstakip.app\/blog\/wp-json\/wp\/v2\/tags?post=2026"}],"curies":[{"name":"wp","href":"https:\/\/api.w.org\/{rel}","templated":true}]}}