{"id":2018,"date":"2025-07-16T23:39:14","date_gmt":"2025-07-16T20:39:14","guid":{"rendered":"https:\/\/derstakip.app\/blog\/2025-saglik-bakanligi-personel-alimi-18-bin-saglik-personeli-basvuru-tarihleri-aciklandi\/"},"modified":"2025-07-16T23:39:14","modified_gmt":"2025-07-16T20:39:14","slug":"2025-saglik-bakanligi-personel-alimi-18-bin-saglik-personeli-basvuru-tarihleri-aciklandi","status":"publish","type":"post","link":"https:\/\/derstakip.app\/blog\/2025-saglik-bakanligi-personel-alimi-18-bin-saglik-personeli-basvuru-tarihleri-aciklandi\/","title":{"rendered":"2025 Sa\u011fl\u0131k Bakanl\u0131\u011f\u0131 Personel Al\u0131m\u0131: 18 Bin Sa\u011fl\u0131k Personeli Ba\u015fvuru Tarihleri A\u00e7\u0131kland\u0131"},"content":{"rendered":"<p>2025 y\u0131l\u0131na dair en merak edilen konulardan biri olan <strong>Sa\u011fl\u0131k Bakanl\u0131\u011f\u0131 2025 personel al\u0131m\u0131<\/strong> sonu\u00e7lar\u0131 nihayet a\u00e7\u0131kland\u0131! Tam 18 bin sa\u011fl\u0131k personeli al\u0131m\u0131 i\u00e7in ba\u015fvuru tarihleri ve detaylar g\u00fcn y\u00fcz\u00fcne \u00e7\u0131kt\u0131. Sa\u011fl\u0131k sekt\u00f6r\u00fcnde kariyer yapmak isteyenler i\u00e7in b\u00fcy\u00fck bir f\u0131rsat bu! \ud83c\udf1f<\/p>\n<h2>Ba\u015fvuru Tarihleri ve Ko\u015fullar<\/h2>\n<p>Sa\u011fl\u0131k Bakanl\u0131\u011f\u0131, 2025 y\u0131l\u0131nda ihtiya\u00e7 duyulan sa\u011fl\u0131k personelini almak i\u00e7in al\u0131m ilan\u0131n\u0131 yay\u0131mlad\u0131. Adaylar, ba\u015fvurular\u0131n\u0131 1 Mart 2025 ile 15 Mart 2025 tarihleri aras\u0131nda ger\u00e7ekle\u015ftirebilecekler. \u2705 Al\u0131m yap\u0131lacak bran\u015flar aras\u0131nda hem\u015fire, sa\u011fl\u0131k teknisyeni ve di\u011fer sa\u011fl\u0131k uzmanl\u0131klar\u0131 yer almakta. Bu f\u0131rsat\u0131 ka\u00e7\u0131rmamak i\u00e7in tarihleri not al\u0131n!<\/p>\n<h3>Kimler Ba\u015fvurabilir?<\/h3>\n<p>Y\u00fcksek\u00f6\u011fretim kurulu taraf\u0131ndan belirlenen \u015fartlar\u0131 ta\u015f\u0131yan sa\u011fl\u0131k lisans ve \u00f6n lisans mezunlar\u0131 ba\u015fvurular\u0131n\u0131 yapabilecek. Gerekli belgelerin eksiksiz bir \u015fekilde teslim edilmesi, adaylar\u0131n de\u011ferlendirmeye al\u0131nabilmesi i\u00e7in \u00f6nem ta\u015f\u0131yor. Gerekli belgeleri haz\u0131rlamakta acele edin! \ud83d\udccb<\/p>\n<h4>Ba\u015fvuru S\u00fcreci ve Ad\u0131mlar\u0131<\/h4>\n<p>Ba\u015fvuru yapmak isteyen adaylar\u0131n \u00f6ncelikle e-Devlet sistemi \u00fczerinden gerekli i\u015flemleri yapmalar\u0131 gerekiyor. Adaylar, <a href=\"https:\/\/www.turkiye.gov.tr\" target=\"_blank\" rel=\"noopener\">T\u00fcrkiye.gov.tr<\/a> \u00fczerinden Sa\u011fl\u0131k Bakanl\u0131\u011f\u0131&#8217;n\u0131n resmi hesab\u0131na giri\u015f yaparak, gerekli formlar\u0131 doldurmal\u0131d\u0131r. T\u00fcm ad\u0131mlar a\u00e7\u0131k ve anla\u015f\u0131l\u0131r bir \u015fekilde belirtilmi\u015ftir.<\/p>\n<h2>Puanlama ve De\u011ferlendirme S\u00fcreci<\/h2>\n<p>Al\u0131m s\u00fcrecinde, adaylar\u0131n KPSS puanlar\u0131 ve e\u011fitim durumlar\u0131 esas al\u0131narak bir s\u0131ralama yap\u0131lacak. Olumsuz bir durumla kar\u015f\u0131la\u015fmaman\u0131z i\u00e7in t\u00fcm belgelerin do\u011fru ve eksiksiz oldu\u011fundan emin olun. Ayr\u0131ca, s\u0131nav ge\u00e7erlili\u011fi ve ba\u015fvuru sonu\u00e7lar\u0131 hakk\u0131nda bilgi sahibi olmak da b\u00fcy\u00fck \u00f6nem ta\u015f\u0131yor. S\u0131nav sonu\u00e7lar\u0131 a\u00e7\u0131kland\u0131\u011f\u0131nda, kamuoyuna duyurulacak.<\/p>\n<h3>Atama S\u00fcreci<\/h3>\n<p>Atama sonu\u00e7lar\u0131, Sa\u011fl\u0131k Bakanl\u0131\u011f\u0131 taraf\u0131ndan belirtilen takvim do\u011frultusunda a\u00e7\u0131klanacak. Talep edilen pozisyonlara g\u00f6re, atamalar yap\u0131lacak. G\u00f6zler \u015fimdi Sa\u011fl\u0131k Bakanl\u0131\u011f\u0131\u2019n\u0131n duyurusuna \u00e7evrildi. \u2728<\/p>\n<h2>Sa\u011fl\u0131k Sekt\u00f6r\u00fcnde Kariyer \u0130pu\u00e7lar\u0131<\/h2>\n<p>Sa\u011fl\u0131k sekt\u00f6r\u00fc, s\u00fcrekli geli\u015fim ve e\u011fitim gerektiren bir aland\u0131r. Uzun saatler \u00e7al\u0131\u015fmak zorundas\u0131n\u0131z, fakat bu alandaki kariyer f\u0131rsatlar\u0131 olduk\u00e7a fazlad\u0131r. Bu nedenle, yeni alanlar ve uzmanl\u0131klar denemekten \u00e7ekinmeyin. \u00d6rne\u011fin, hem\u015firelikten uzmanl\u0131\u011fa ge\u00e7ebilirsiniz! \ud83d\ude80<\/p>\n<h3>Gelece\u011fe Dair Beklentiler<\/h3>\n<p>Ayr\u0131ca, sa\u011fl\u0131k alan\u0131nda \u00e7al\u0131\u015fan personel say\u0131s\u0131n\u0131n artmas\u0131, genel sa\u011fl\u0131k standartlar\u0131n\u0131 da yukar\u0131lara ta\u015f\u0131yacak. Bu durum, gelecekte daha iyi bir sa\u011fl\u0131k hizmeti alaca\u011f\u0131m\u0131z\u0131n sinyallerini veriyor. Sa\u011fl\u0131k Bakanl\u0131\u011f\u0131\u2019n\u0131n bu al\u0131mlar\u0131, toplum sa\u011fl\u0131\u011f\u0131n\u0131 koruma ad\u0131na b\u00fcy\u00fck bir ad\u0131m! \ud83d\udc69\u200d\u2695\ufe0f<\/p>\n<h2>S\u0131k\u00e7a Sorulan Sorular (SSS)<\/h2>\n<h3>1. Sa\u011fl\u0131k Bakanl\u0131\u011f\u0131 2025 personel al\u0131m\u0131na kimler ba\u015fvurabilir?<\/h3>\n<p>Y\u00fcksek \u00f6\u011fretim kurumlar\u0131ndan sa\u011fl\u0131k alan\u0131nda mezun olanlar ba\u015fvurabilir.<\/p>\n<h3>2. Ba\u015fvurular ne zaman yap\u0131lacak?<\/h3>\n<p>Ba\u015fvurular 1 Mart 2025 &#8211; 15 Mart 2025 tarihleri aras\u0131nda al\u0131nacak.<\/p>\n<h3>3. Atama sonu\u00e7lar\u0131 ne zaman a\u00e7\u0131klanacak?<\/h3>\n<p>Atama sonu\u00e7lar\u0131, Sa\u011fl\u0131k Bakanl\u0131\u011f\u0131 taraf\u0131ndan duyuruldu\u011fu tarihte a\u00e7\u0131klanacakt\u0131r.<\/p>\n<h3>4. Hangi pozisyonlar i\u00e7in al\u0131m yap\u0131lacak?<\/h3>\n<p>Al\u0131mlar, hem\u015fire, sa\u011fl\u0131k teknisyeni gibi \u00e7e\u015fitli pozisyonlar i\u00e7in yap\u0131lacakt\u0131r.<\/p>\n<p>Sa\u011fl\u0131k sekt\u00f6r\u00fcnde yer almak isteyen adaylar i\u00e7in, <strong>Sa\u011fl\u0131k Bakanl\u0131\u011f\u0131 2025 personel al\u0131m\u0131<\/strong> m\u00fcthi\u015f bir f\u0131rsat! Ka\u00e7\u0131rmay\u0131n! \ud83d\udcaa<\/p>\n","protected":false},"excerpt":{"rendered":"<p>2025 y\u0131l\u0131na dair en merak edilen konulardan biri olan Sa\u011fl\u0131k Bakanl\u0131\u011f\u0131 2025 personel al\u0131m\u0131 sonu\u00e7lar\u0131 nihayet a\u00e7\u0131kland\u0131! Tam 18 bin sa\u011fl\u0131k personeli al\u0131m\u0131 i\u00e7in ba\u015fvuru tarihleri ve detaylar g\u00fcn y\u00fcz\u00fcne \u00e7\u0131kt\u0131. Sa\u011fl\u0131k sekt\u00f6r\u00fcnde kariyer yapmak isteyenler i\u00e7in b\u00fcy\u00fck bir f\u0131rsat bu! \ud83c\udf1f Ba\u015fvuru Tarihleri ve Ko\u015fullar Sa\u011fl\u0131k Bakanl\u0131\u011f\u0131, 2025 y\u0131l\u0131nda ihtiya\u00e7 duyulan sa\u011fl\u0131k personelini almak&#8230;<\/p>\n","protected":false},"author":1,"featured_media":2017,"comment_status":"open","ping_status":"open","sticky":false,"template":"","format":"standard","meta":{"footnotes":""},"categories":[84],"tags":[],"class_list":["post-2018","post","type-post","status-publish","format-standard","has-post-thumbnail","hentry","category-haber"],"_links":{"self":[{"href":"https:\/\/derstakip.app\/blog\/wp-json\/wp\/v2\/posts\/2018","targetHints":{"allow":["GET"]}}],"collection":[{"href":"https:\/\/derstakip.app\/blog\/wp-json\/wp\/v2\/posts"}],"about":[{"href":"https:\/\/derstakip.app\/blog\/wp-json\/wp\/v2\/types\/post"}],"author":[{"embeddable":true,"href":"https:\/\/derstakip.app\/blog\/wp-json\/wp\/v2\/users\/1"}],"replies":[{"embeddable":true,"href":"https:\/\/derstakip.app\/blog\/wp-json\/wp\/v2\/comments?post=2018"}],"version-history":[{"count":0,"href":"https:\/\/derstakip.app\/blog\/wp-json\/wp\/v2\/posts\/2018\/revisions"}],"wp:featuredmedia":[{"embeddable":true,"href":"https:\/\/derstakip.app\/blog\/wp-json\/wp\/v2\/media\/2017"}],"wp:attachment":[{"href":"https:\/\/derstakip.app\/blog\/wp-json\/wp\/v2\/media?parent=2018"}],"wp:term":[{"taxonomy":"category","embeddable":true,"href":"https:\/\/derstakip.app\/blog\/wp-json\/wp\/v2\/categories?post=2018"},{"taxonomy":"post_tag","embeddable":true,"href":"https:\/\/derstakip.app\/blog\/wp-json\/wp\/v2\/tags?post=2018"}],"curies":[{"name":"wp","href":"https:\/\/api.w.org\/{rel}","templated":true}]}}