{"id":2012,"date":"2025-07-15T21:39:17","date_gmt":"2025-07-15T18:39:17","guid":{"rendered":"https:\/\/derstakip.app\/blog\/kpss-merkezi-atama-2025-tarihleri-osym-kpss-2025-1-tercih-sonuclari-ve-takvimi\/"},"modified":"2025-07-15T21:39:17","modified_gmt":"2025-07-15T18:39:17","slug":"kpss-merkezi-atama-2025-tarihleri-osym-kpss-2025-1-tercih-sonuclari-ve-takvimi","status":"publish","type":"post","link":"https:\/\/derstakip.app\/blog\/kpss-merkezi-atama-2025-tarihleri-osym-kpss-2025-1-tercih-sonuclari-ve-takvimi\/","title":{"rendered":"KPSS Merkezi Atama 2025 Tarihleri: \u00d6SYM KPSS 2025\/1 Tercih Sonu\u00e7lar\u0131 ve Takvimi"},"content":{"rendered":"<p>2025 y\u0131l\u0131na dair KPSS merkezi atama 2025 tarihleri, \u00f6zellikle kamu sekt\u00f6r\u00fcnde kariyer hedefleyen adaylar i\u00e7in b\u00fcy\u00fck bir \u00f6nem ta\u015f\u0131yor. Her y\u0131l \u00e7ok say\u0131da aday, bu s\u0131nav arac\u0131l\u0131\u011f\u0131yla devlet kadrolar\u0131nda g\u00f6rev almak i\u00e7in ba\u015fvuruda bulunuyor. Peki, KPSS 2025\/1 tercih sonu\u00e7lar\u0131 ve s\u0131nav takvimi neler olacak? Bu yaz\u0131da merak etti\u011finiz t\u00fcm detaylara ula\u015fabilirsiniz.<\/p>\n<h2>KPSS S\u0131nav Takvimi<\/h2>\n<p>KPSS 2025\/1 i\u00e7in ba\u015fvuru tarihleri ve s\u0131nav takvimi \u00d6SYM taraf\u0131ndan a\u00e7\u0131kland\u0131\u011f\u0131nda, adaylar\u0131n nas\u0131l bir planlama yapmalar\u0131 gerekti\u011fi konusunda \u0131\u015f\u0131k tutacak. KPSS s\u0131navlar\u0131 genellikle ilkbahar aylar\u0131nda yap\u0131lmaktad\u0131r. Adaylar\u0131n s\u0131nav tarihlerini ve ba\u015fvuru s\u00fcre\u00e7lerini takip etmesi b\u00fcy\u00fck \u00f6nem ta\u015f\u0131yor.<\/p>\n<h3>KPSS 2025\/1 Tarihleri<\/h3>\n<p>\u00d6SYM\u2019nin belirleyece\u011fi tarihler aras\u0131nda, KPSS 2025\/1 s\u0131nav\u0131 i\u00e7in ba\u015fvurular yap\u0131lacak. Adaylar, genellikle birka\u00e7 hafta i\u00e7inde ba\u015fvurular\u0131n\u0131 tamamlayarak s\u0131nav tarihlerine odaklanabilir. S\u0131nav g\u00fcnleri ve sonu\u00e7 a\u00e7\u0131klama tarihleri, kamuoyuna duyuruldu\u011funda, adaylar\u0131n s\u0131navlar\u0131na y\u00f6nelik yapacaklar\u0131 haz\u0131rl\u0131klar i\u00e7in belirleyici olacakt\u0131r.<\/p>\n<h3>KPSS Sonu\u00e7lar\u0131 ve Tercih S\u00fcreci<\/h3>\n<p>2025 KPSS sonu\u00e7lar\u0131n\u0131n a\u00e7\u0131klanmas\u0131yla birlikte, adaylar\u0131n tercih s\u00fcre\u00e7leri de \u00f6nemli bir a\u015fama haline geliyor. Tercih yapacak olanlar, \u00f6ncelikle ald\u0131klar\u0131 puana g\u00f6re hangi pozisyonlar i\u00e7in ba\u015fvurabileceklerini belirlemelidir. Adaylar, y\u00fcksek puan ile daha avantajl\u0131 pozisyonlar i\u00e7in tercih yapma imkan\u0131na sahip olacak. Herkesin bildi\u011fi gibi, KPSS merkezi atama 2025 tarihleri, bu s\u00fcre\u00e7te belirleyici bir rol oynamaktad\u0131r.<\/p>\n<h2>KPSS Merkezi Atama S\u00fcreci<\/h2>\n<p>KPSS merkezi atama s\u00fcrecinin nas\u0131l i\u015fleyece\u011fi ve hangi ad\u0131mlar\u0131n izlenece\u011fi, adaylar\u0131n merak etti\u011fi konular aras\u0131nda yer al\u0131yor. Adaylar, \u00d6SYM\u2019nin yapt\u0131\u011f\u0131 duyurular\u0131 takip ederek atama tarihleri ve s\u00fcre\u00e7leri hakk\u0131nda bilgi alabilir. Ba\u015fvurular genellikle \u00e7evrimi\u00e7i ortamda ger\u00e7ekle\u015ftirilecektir, bu nedenle kullan\u0131c\u0131 dostu bir aray\u00fcze sahip olan \u00d6SYM\u2019nin resmi web sitesini tercih etmek \u00f6nemlidir.<\/p>\n<h3>S\u0131nav Sonu\u00e7lar\u0131n\u0131n De\u011ferlendirilmesi<\/h3>\n<p>S\u0131nav sonu\u00e7lar\u0131 a\u00e7\u0131klan\u0131rken, adaylar\u0131n KPSS\u2019deki do\u011fru ve yanl\u0131\u015f cevap say\u0131lar\u0131 g\u00f6z \u00f6n\u00fcnde bulundurulacak. Bu de\u011ferlendirme s\u00fcre\u00e7leri, \u015funu unutmamak gerekir ki, her aday i\u00e7in e\u015fit \u015fekilde uygulanmal\u0131d\u0131r. Adaylar\u0131n, sonu\u00e7lar\u0131n\u0131n a\u00e7\u0131klanmas\u0131yla birlikte en son geli\u015fmeleri takip etmeleri \u00f6nerilir.<\/p>\n<h2>KPSS ile \u0130lgili S\u0131k\u00e7a Sorulan Sorular<\/h2>\n<h3>KPSS merkezi atama 2025 tarihleri nereden \u00f6\u011frenilir?<\/h3>\n<p>KPSS merkezi atama tarihleri, \u00d6SYM&#8217;nin resmi web sitesinden ve sosyal medya hesaplar\u0131ndan takip edilebilir.<\/p>\n<h3>KPSS s\u0131nav sonu\u00e7lar\u0131 ne zaman a\u00e7\u0131klanacak?<\/h3>\n<p>2025 KPSS sonu\u00e7lar\u0131n\u0131n detayl\u0131 takvimi ile birlikte, s\u0131nav tarihleri ve sonu\u00e7 a\u00e7\u0131klama tarihlerinin \u00d6SYM\u2019nin a\u00e7\u0131klamalar\u0131 \u00fczerinden \u00f6\u011frenilmesi beklenmektedir.<\/p>\n<h3>Tercih s\u00fcreci nas\u0131l i\u015flemekte?<\/h3>\n<p>Adaylar, s\u0131nav sonu\u00e7lar\u0131n\u0131n a\u00e7\u0131klanmas\u0131n\u0131n ard\u0131ndan belirli bir s\u00fcre i\u00e7erisinde tercihlerini yapmal\u0131d\u0131r. Bu tercihlerin al\u0131nmas\u0131 i\u00e7in \u00d6SYM\u2019nin web sitesi s\u0131kl\u0131kla kontrol edilmelidir.<\/p>\n<p>KPSS merkezi atama 2025 tarihleri ile ilgili geli\u015fmeleri takip etmek, kariyer hayallerinize ula\u015fman\u0131z a\u00e7\u0131s\u0131ndan b\u00fcy\u00fck \u00f6nem ta\u015f\u0131maktad\u0131r. S\u0131nav tarihi ve sonu\u00e7lar\u0131 hakk\u0131nda daha fazla bilgi almak i\u00e7in \u00d6SYM\u2019yi s\u00fcrekli olarak takip etmeyi unutmay\u0131n!<\/p>\n","protected":false},"excerpt":{"rendered":"<p>2025 y\u0131l\u0131na dair KPSS merkezi atama 2025 tarihleri, \u00f6zellikle kamu sekt\u00f6r\u00fcnde kariyer hedefleyen adaylar i\u00e7in b\u00fcy\u00fck bir \u00f6nem ta\u015f\u0131yor. Her y\u0131l \u00e7ok say\u0131da aday, bu s\u0131nav arac\u0131l\u0131\u011f\u0131yla devlet kadrolar\u0131nda g\u00f6rev almak i\u00e7in ba\u015fvuruda bulunuyor. Peki, KPSS 2025\/1 tercih sonu\u00e7lar\u0131 ve s\u0131nav takvimi neler olacak? Bu yaz\u0131da merak etti\u011finiz t\u00fcm detaylara ula\u015fabilirsiniz. KPSS S\u0131nav Takvimi KPSS&#8230;<\/p>\n","protected":false},"author":1,"featured_media":2011,"comment_status":"open","ping_status":"open","sticky":false,"template":"","format":"standard","meta":{"footnotes":""},"categories":[84],"tags":[],"class_list":["post-2012","post","type-post","status-publish","format-standard","has-post-thumbnail","hentry","category-haber"],"_links":{"self":[{"href":"https:\/\/derstakip.app\/blog\/wp-json\/wp\/v2\/posts\/2012","targetHints":{"allow":["GET"]}}],"collection":[{"href":"https:\/\/derstakip.app\/blog\/wp-json\/wp\/v2\/posts"}],"about":[{"href":"https:\/\/derstakip.app\/blog\/wp-json\/wp\/v2\/types\/post"}],"author":[{"embeddable":true,"href":"https:\/\/derstakip.app\/blog\/wp-json\/wp\/v2\/users\/1"}],"replies":[{"embeddable":true,"href":"https:\/\/derstakip.app\/blog\/wp-json\/wp\/v2\/comments?post=2012"}],"version-history":[{"count":0,"href":"https:\/\/derstakip.app\/blog\/wp-json\/wp\/v2\/posts\/2012\/revisions"}],"wp:featuredmedia":[{"embeddable":true,"href":"https:\/\/derstakip.app\/blog\/wp-json\/wp\/v2\/media\/2011"}],"wp:attachment":[{"href":"https:\/\/derstakip.app\/blog\/wp-json\/wp\/v2\/media?parent=2012"}],"wp:term":[{"taxonomy":"category","embeddable":true,"href":"https:\/\/derstakip.app\/blog\/wp-json\/wp\/v2\/categories?post=2012"},{"taxonomy":"post_tag","embeddable":true,"href":"https:\/\/derstakip.app\/blog\/wp-json\/wp\/v2\/tags?post=2012"}],"curies":[{"name":"wp","href":"https:\/\/api.w.org\/{rel}","templated":true}]}}