{"id":2008,"date":"2025-07-15T15:09:22","date_gmt":"2025-07-15T12:09:22","guid":{"rendered":"https:\/\/derstakip.app\/blog\/ales-2-sonuclari-ne-zaman-aciklanacak-osymden-tarih-duyurusu\/"},"modified":"2025-07-15T15:09:22","modified_gmt":"2025-07-15T12:09:22","slug":"ales-2-sonuclari-ne-zaman-aciklanacak-osymden-tarih-duyurusu","status":"publish","type":"post","link":"https:\/\/derstakip.app\/blog\/ales-2-sonuclari-ne-zaman-aciklanacak-osymden-tarih-duyurusu\/","title":{"rendered":"ALES 2 sonu\u00e7lar\u0131 ne zaman a\u00e7\u0131klanacak? \u00d6SYM&#8217;den tarih duyurusu!"},"content":{"rendered":"<p>ALES sonu\u00e7lar\u0131 a\u00e7\u0131klama tarihi konusunda merakl\u0131 bekleyi\u015f s\u00fcr\u00fcyor! 2025 ALES s\u0131nav\u0131, s\u0131nava kat\u0131lan binlerce aday i\u00e7in b\u00fcy\u00fck bir \u00f6neme sahip. \u00d6SYM, bu y\u0131lki sonu\u00e7lar\u0131 ne zaman a\u00e7\u0131klayacak? \u0130\u015fte bilgiler&#8230;<\/p>\n<h2>2025 ALES S\u0131nav\u0131 ve Beklentiler<\/h2>\n<p>Bu y\u0131l yap\u0131lan ALES s\u0131nav\u0131, \u00f6zellikle y\u00fcksek lisans ve doktora programlar\u0131na ba\u015fvurmay\u0131 planlayan adaylar i\u00e7in kritik bir a\u015fama. S\u0131nav\u0131n ard\u0131ndan, sonu\u00e7lar\u0131n ne zaman a\u00e7\u0131klanaca\u011f\u0131na dair sorular g\u00fcndeme gelmeye ba\u015flad\u0131. \u00d6SYM, 2025 ALES sonu\u00e7lar\u0131n\u0131n a\u00e7\u0131klama tarihini resmi olarak duyurdu.<\/p>\n<h3>ALES Sonu\u00e7lar\u0131 Ne Zaman A\u00e7\u0131klanacak?<\/h3>\n<p>\u00d6SYM\u2019nin a\u00e7\u0131klad\u0131\u011f\u0131 s\u0131nav takvimine g\u00f6re, 2025 ALES sonu\u00e7lar\u0131 <strong>18 Mart 2025<\/strong> tarihinde eri\u015fime a\u00e7\u0131lacak. Adaylar, sonu\u00e7lar\u0131n\u0131 T.C. Kimlik Numaras\u0131 ve \u015fifrelerini kullanarak resmi <a href=\"https:\/\/sonuc.osym.gov.tr\" target=\"_blank\" rel=\"noopener\">\u00d6SYM sitesi \u00fczerinden<\/a> \u00f6\u011frenebilecekler. Sonu\u00e7 belgesi adaylara posta ile g\u00f6nderilmeyecek. Bu durum, s\u0131nav sonu\u00e7lar\u0131n\u0131n internet \u00fczerinden ilan edilmesinin adaylar i\u00e7in ne kadar \u00f6nemli oldu\u011funu bir kez daha g\u00f6steriyor.<\/p>\n<h3>S\u0131nav Sonu\u00e7lar\u0131 ve De\u011ferlendirme S\u00fcreci<\/h3>\n<p>ALES s\u0131nav\u0131nda kullan\u0131lan de\u011ferlendirme y\u00f6ntemleri, do\u011fru yan\u0131t say\u0131s\u0131 \u00fczerinden yap\u0131lmaktad\u0131r. Do\u011fru cevaplar\u0131n say\u0131s\u0131n\u0131n, yanl\u0131\u015f cevaplar\u0131n d\u00f6rtte biri \u00e7\u0131kar\u0131larak hesaplanmas\u0131, adaylar\u0131n puanlar\u0131n\u0131n belirlenmesinde \u00f6nemli bir rol oynamaktad\u0131r. Okur; kar\u0131\u015ft\u0131rmadan, dikkatli hesaplama yap\u0131larak do\u011fru bilgiyi elde etmek en do\u011frusu. Her aday\u0131n, testlerdeki performans\u0131 bu sistemle de\u011ferlendirilecektir.<\/p>\n<h2>\u00d6SYM&#8217;nin Duyurusu ve S\u0131nav Sonras\u0131 S\u00fcre\u00e7<\/h2>\n<p>\u00d6SYM, 2025 ALES sonu\u00e7lar\u0131n\u0131 bekleyen adaylar i\u00e7in, sonu\u00e7lar\u0131m\u0131z\u0131 18 Mart 2025&#8217;te a\u00e7\u0131klayacaklar\u0131n\u0131 bildirdi. Bu a\u00e7\u0131klama, bekleyi\u015f i\u00e7inde olan t\u00fcm adaylar\u0131 olduk\u00e7a sevindirmi\u015ftir. Ayr\u0131ca, ALES sonu\u00e7lar\u0131n\u0131n a\u00e7\u0131klanmas\u0131n\u0131n ard\u0131ndan, ilgili bilgilerin ve analizlerin adaylarla payla\u015f\u0131laca\u011f\u0131 duyuruldu.<\/p>\n<h3>ALES Sonu\u00e7lar\u0131na Dair S\u0131k Sorulan Sorular<\/h3>\n<ul>\n<li><strong>ALES sonu\u00e7lar\u0131 erken a\u00e7\u0131klan\u0131r m\u0131?<\/strong> &#8211; \u00d6SYM&#8217;den resmi bir a\u00e7\u0131klama gelmedi. Ancak \u015fu an i\u00e7in 18 Mart tarihini g\u00f6z \u00f6n\u00fcnde bulundurmal\u0131s\u0131n\u0131z.<\/li>\n<li><strong>Sonu\u00e7lar nereden \u00f6\u011frenilecek?<\/strong> &#8211; Adaylar, sonu\u00e7lar\u0131n\u0131 \u00d6SYM\u2019nin internet adresinden \u00f6\u011frenebileceklerdir.<\/li>\n<li><strong>S\u0131nav sonu\u00e7 belgeleri posta ile g\u00f6nderilecek mi?<\/strong> &#8211; Hay\u0131r, sonu\u00e7 belgesi g\u00f6nderilmeyecek. \u0130nternetten g\u00f6r\u00fcnt\u00fclenen sonu\u00e7lar ge\u00e7erlidir.<\/li>\n<\/ul>\n<h2>ALES Sonu\u00e7lar\u0131n\u0131n \u00d6nemi<\/h2>\n<p>ALES sonu\u00e7lar\u0131, y\u00fcksek lisans ve doktora programlar\u0131na kabul s\u00fcre\u00e7lerinde belirleyici bir etki yarat\u0131r. Adaylar, ALES puanlar\u0131na g\u00f6re ba\u015fvurular\u0131n\u0131 yapacaklar\u0131 i\u00e7in, sonu\u00e7lar\u0131n a\u00e7\u0131klanmas\u0131 sonras\u0131nda bir\u00e7ok ki\u015fi i\u00e7in hayatlar\u0131n\u0131n y\u00f6n\u00fc belirlenmi\u015f olacakt\u0131r. Bu s\u00fcre\u00e7te anl\u0131k olarak bilgi ak\u0131\u015f\u0131 sa\u011flamak, adaylar\u0131n gidi\u015fat\u0131n\u0131 da \u015fekillendirecektir.<\/p>\n<p>Dolay\u0131s\u0131yla, ALES sonu\u00e7lar\u0131 a\u00e7\u0131klama tarihi b\u00fcy\u00fck \u00f6nem arz ediyor. Bekleyi\u015f s\u0131ras\u0131nda stresi azaltmak i\u00e7in, \u00e7al\u0131\u015fma planlar\u0131n\u0131z\u0131 d\u00fczenli bir \u015fekilde yapmaya devam etmenizi \u00f6neririz. S\u0131nav\u0131n ard\u0131ndan, motivasyonunuzu y\u00fcksek tutarak \u00f6n\u00fcn\u00fczdeki hedeflere odaklanmal\u0131s\u0131n\u0131z! \ud83c\udfaf<\/p>\n<h2>Sonu\u00e7<\/h2>\n<p>En son geli\u015fmelerden haberdar olmak i\u00e7in bu s\u00fcre zarf\u0131nda \u00d6SYM\u2019nin resmi duyurular\u0131n\u0131 takip etmekte fayda var. Unutmay\u0131n, 18 Mart 2025 tarihi, ALES sonu\u00e7lar\u0131n\u0131n a\u00e7\u0131klanaca\u011f\u0131 g\u00fcn! ALES sonu\u00e7lar\u0131 a\u00e7\u0131klama tarihi ile ilgili geli\u015fmeleri ka\u00e7\u0131rmamak i\u00e7in bizi takip etmeye devam edin!<\/p>\n<h2>SSS &#8211; ALES Sonu\u00e7lar\u0131 Hakk\u0131nda<\/h2>\n<h3>ALES sonu\u00e7lar\u0131 ne zaman a\u00e7\u0131klanacak?<\/h3>\n<p>ALES sonu\u00e7lar\u0131 18 Mart 2025 tarihinde a\u00e7\u0131klanacakt\u0131r.<\/p>\n<h3>S\u0131nav sonu\u00e7lar\u0131 nereden \u00f6\u011frenilecek?<\/h3>\n<p>ALES sonu\u00e7lar\u0131na \u00d6SYM\u2019nin <a href=\"https:\/\/sonuc.osym.gov.tr\" target=\"_blank\" rel=\"noopener\">resmi web sitesinden<\/a> ula\u015fabilirsiniz.<\/p>\n<h3>S\u0131nav sonucu belgesi posta ile g\u00f6nderilecek mi?<\/h3>\n<p>Hay\u0131r, s\u0131nav sonucu belgesi g\u00f6nderilmeyecek; internet \u00fczerinden sonu\u00e7lar\u0131 \u00f6\u011frenmek yeterlidir.<\/p>\n","protected":false},"excerpt":{"rendered":"<p>ALES sonu\u00e7lar\u0131 a\u00e7\u0131klama tarihi konusunda merakl\u0131 bekleyi\u015f s\u00fcr\u00fcyor! 2025 ALES s\u0131nav\u0131, s\u0131nava kat\u0131lan binlerce aday i\u00e7in b\u00fcy\u00fck bir \u00f6neme sahip. \u00d6SYM, bu y\u0131lki sonu\u00e7lar\u0131 ne zaman a\u00e7\u0131klayacak? \u0130\u015fte bilgiler&#8230; 2025 ALES S\u0131nav\u0131 ve Beklentiler Bu y\u0131l yap\u0131lan ALES s\u0131nav\u0131, \u00f6zellikle y\u00fcksek lisans ve doktora programlar\u0131na ba\u015fvurmay\u0131 planlayan adaylar i\u00e7in kritik bir a\u015fama. S\u0131nav\u0131n ard\u0131ndan, sonu\u00e7lar\u0131n&#8230;<\/p>\n","protected":false},"author":1,"featured_media":2007,"comment_status":"open","ping_status":"open","sticky":false,"template":"","format":"standard","meta":{"footnotes":""},"categories":[84],"tags":[],"class_list":["post-2008","post","type-post","status-publish","format-standard","has-post-thumbnail","hentry","category-haber"],"_links":{"self":[{"href":"https:\/\/derstakip.app\/blog\/wp-json\/wp\/v2\/posts\/2008","targetHints":{"allow":["GET"]}}],"collection":[{"href":"https:\/\/derstakip.app\/blog\/wp-json\/wp\/v2\/posts"}],"about":[{"href":"https:\/\/derstakip.app\/blog\/wp-json\/wp\/v2\/types\/post"}],"author":[{"embeddable":true,"href":"https:\/\/derstakip.app\/blog\/wp-json\/wp\/v2\/users\/1"}],"replies":[{"embeddable":true,"href":"https:\/\/derstakip.app\/blog\/wp-json\/wp\/v2\/comments?post=2008"}],"version-history":[{"count":0,"href":"https:\/\/derstakip.app\/blog\/wp-json\/wp\/v2\/posts\/2008\/revisions"}],"wp:featuredmedia":[{"embeddable":true,"href":"https:\/\/derstakip.app\/blog\/wp-json\/wp\/v2\/media\/2007"}],"wp:attachment":[{"href":"https:\/\/derstakip.app\/blog\/wp-json\/wp\/v2\/media?parent=2008"}],"wp:term":[{"taxonomy":"category","embeddable":true,"href":"https:\/\/derstakip.app\/blog\/wp-json\/wp\/v2\/categories?post=2008"},{"taxonomy":"post_tag","embeddable":true,"href":"https:\/\/derstakip.app\/blog\/wp-json\/wp\/v2\/tags?post=2008"}],"curies":[{"name":"wp","href":"https:\/\/api.w.org\/{rel}","templated":true}]}}