{"id":2006,"date":"2025-07-15T14:39:08","date_gmt":"2025-07-15T11:39:08","guid":{"rendered":"https:\/\/derstakip.app\/blog\/meb-ags-sonuclari-ne-zaman-aciklanacak-2023-osym-takvimine-gore-tarih-belli-oldu\/"},"modified":"2025-07-15T14:39:08","modified_gmt":"2025-07-15T11:39:08","slug":"meb-ags-sonuclari-ne-zaman-aciklanacak-2023-osym-takvimine-gore-tarih-belli-oldu","status":"publish","type":"post","link":"https:\/\/derstakip.app\/blog\/meb-ags-sonuclari-ne-zaman-aciklanacak-2023-osym-takvimine-gore-tarih-belli-oldu\/","title":{"rendered":"MEB AGS Sonu\u00e7lar\u0131 Ne Zaman A\u00e7\u0131klanacak? 2023 \u00d6SYM Takvimine G\u00f6re Tarih Belli Oldu!"},"content":{"rendered":"<p>2023 y\u0131l\u0131 itibar\u0131yla MEB AGS sonu\u00e7lar\u0131 a\u00e7\u0131klama tarihi, bir\u00e7ok \u00f6\u011frencinin ve ailelerinin merakla bekledi\u011fi bir konu haline geldi. E\u011fitim hayat\u0131n\u0131n \u00f6nemli bir par\u00e7as\u0131 olan s\u0131nav sonu\u00e7lar\u0131n\u0131n ne zaman a\u00e7\u0131klanaca\u011f\u0131, \u00f6\u011frencilerin gelece\u011fi i\u00e7in kritik bir \u00f6neme sahip. Hayali ger\u00e7e\u011fe d\u00f6n\u00fc\u015ft\u00fcren s\u0131nav sonu\u00e7lar\u0131, b\u00fcy\u00fck bir heyecanla bekleniyor. Peki, tam olarak hangi tarihte bu sonu\u00e7lar a\u00e7\u0131klanacak? \u0130\u015fte detaylar! \ud83c\udf93<\/p>\n<h2>MEB AGS Sonu\u00e7lar\u0131 Ne Zaman A\u00e7\u0131klanacak?<\/h2>\n<p>2023 y\u0131l\u0131 MEB AGS (Milli E\u011fitim Bakanl\u0131\u011f\u0131 A\u00e7\u0131k G\u00fczel Sanatlar) s\u0131nav sonu\u00e7lar\u0131n\u0131n a\u00e7\u0131klanma tarihi 25 \u015eubat 2023 olarak belirlenmi\u015ftir. Bu tarihte, sonu\u00e7lar \u00d6SYM&#8217;nin resmi internet sitesinde eri\u015fime a\u00e7\u0131lacak. S\u0131nav s\u0131ras\u0131nda g\u00f6sterdi\u011finiz ba\u015far\u0131y\u0131 \u00f6\u011frenmek i\u00e7in art\u0131k olduk\u00e7a az bir s\u00fcre kald\u0131! \ud83d\uddd3\ufe0f<\/p>\n<h3>S\u0131nav Sonu\u00e7lar\u0131 Hangi Platformdan \u00d6\u011frenilecek?<\/h3>\n<p>Adaylar, MEB AGS sonu\u00e7lar\u0131n\u0131 \u00f6\u011frenmek i\u00e7in T.C. Kimlik Numaralar\u0131 ve \u015fifreleri ile <a href=\"https:\/\/sonuc.osym.gov.tr\" target=\"_blank\" rel=\"noopener\">\u00d6SYM sonu\u00e7 a\u00e7\u0131klama sistemi<\/a> \u00fczerinden giri\u015f yaparak, sonu\u00e7lar\u0131n\u0131 sorgulayabilecekler. Bu a\u015famada dikkat edilmesi gereken en \u00f6nemli nokta, kimlik bilgilerinizi do\u011fru bir \u015fekilde girdi\u011finizden emin olman\u0131zd\u0131r.<\/p>\n<h3>Sonu\u00e7larla Beraber Ne Beklemeliyiz?<\/h3>\n<p>MEB AGS sonu\u00e7lar\u0131na g\u00f6re, her bir aday\u0131n s\u0131navdan ald\u0131\u011f\u0131 performans, hem ki\u015fisel geli\u015fimleri hem de gelecek hedefleri ad\u0131na belirleyici olacakt\u0131r. S\u0131nav sonu\u00e7lar\u0131, yaln\u0131zca akademik ba\u015far\u0131y\u0131 de\u011fil, ayn\u0131 zamanda \u00f6\u011frencinin s\u0131nav kayg\u0131s\u0131yla ba\u015fa \u00e7\u0131kma yetene\u011fini de de\u011ferlendirir. E\u011fitim hayat\u0131n\u0131zda ataca\u011f\u0131n\u0131z ad\u0131mlarda \u00f6nemli bir kilometre ta\u015f\u0131 olacak bu sonu\u00e7lar a\u00e7\u0131klanmadan \u00f6nce, heyecan ve endi\u015fe i\u00e7 i\u00e7e ge\u00e7mi\u015f durumda. Herkesin merakla bekledi\u011fi bu sonu\u00e7lar net bir \u015fekilde 25 \u015eubat 2023&#8217;te ilan edilecek. Ba\u015fka bir tarih belirsizli\u011fi yok. \ud83c\udf89<\/p>\n<h3>MEB AGS Sonu\u00e7lar\u0131 ile \u0130lgili S\u0131k\u00e7a Sorulan Sorular<\/h3>\n<h4>MEB AGS sonu\u00e7lar\u0131 nas\u0131l \u00f6\u011frenilir?<\/h4>\n<p>MEB AGS sonu\u00e7lar\u0131, <a href=\"https:\/\/sonuc.osym.gov.tr\" target=\"_blank\" rel=\"noopener\">\u00d6SYM&#8217;nin resmi internet sitesi<\/a> \u00fczerinden, T.C. Kimlik Numaras\u0131 ve \u015fifre ile sorgulanabilir.<\/p>\n<h4>Sonu\u00e7lar erken a\u00e7\u0131klanabilir mi?<\/h4>\n<p>Hen\u00fcz \u00d6SYM taraf\u0131ndan sonu\u00e7lar\u0131n erken a\u00e7\u0131klanaca\u011f\u0131na dair bir duyuru yap\u0131lmam\u0131\u015ft\u0131r. Kesin tarih 25 \u015eubat 2023 olarak belirlenmi\u015ftir.<\/p>\n<h4>S\u0131nav sonu\u00e7lar\u0131 i\u00e7in hangi belgeler gerekli?<\/h4>\n<p>S\u0131nav sonu\u00e7lar\u0131na ula\u015fabilmek i\u00e7in sadece T.C. Kimlik Numaras\u0131 ve \u015fifre yeterlidir, ba\u015fka bir belgeye ihtiya\u00e7 yoktur.<\/p>\n<p>MEB AGS sonu\u00e7lar\u0131 a\u00e7\u0131klama tarihi, bir\u00e7ok ki\u015fi i\u00e7in belirsizli\u011fin sona erece\u011fi bir g\u00fcn olacak. \u00d6\u011frenciler, bu tarihe odaklanarak s\u0131navdan ald\u0131klar\u0131 sonu\u00e7lar\u0131 d\u00f6rt g\u00f6zle bekliyorlar. Sonu\u00e7lar\u0131n a\u00e7\u0131klanmas\u0131yla birlikte, bir\u00e7ok aday i\u00e7in yeni bir ba\u015flang\u0131\u00e7 kap\u0131s\u0131 aralanacak. Emojiler ile ifade etmek gerekirse; \ud83c\udf89\ud83d\udcda G\u00f6zlerimiz MEB AGS sonu\u00e7lar\u0131nda, umar\u0131z her aday hayalini kurdu\u011fu ba\u015far\u0131y\u0131 elde eder!<\/p>\n","protected":false},"excerpt":{"rendered":"<p>2023 y\u0131l\u0131 itibar\u0131yla MEB AGS sonu\u00e7lar\u0131 a\u00e7\u0131klama tarihi, bir\u00e7ok \u00f6\u011frencinin ve ailelerinin merakla bekledi\u011fi bir konu haline geldi. E\u011fitim hayat\u0131n\u0131n \u00f6nemli bir par\u00e7as\u0131 olan s\u0131nav sonu\u00e7lar\u0131n\u0131n ne zaman a\u00e7\u0131klanaca\u011f\u0131, \u00f6\u011frencilerin gelece\u011fi i\u00e7in kritik bir \u00f6neme sahip. Hayali ger\u00e7e\u011fe d\u00f6n\u00fc\u015ft\u00fcren s\u0131nav sonu\u00e7lar\u0131, b\u00fcy\u00fck bir heyecanla bekleniyor. Peki, tam olarak hangi tarihte bu sonu\u00e7lar a\u00e7\u0131klanacak? \u0130\u015fte detaylar!&#8230;<\/p>\n","protected":false},"author":1,"featured_media":2005,"comment_status":"open","ping_status":"open","sticky":false,"template":"","format":"standard","meta":{"footnotes":""},"categories":[84],"tags":[],"class_list":["post-2006","post","type-post","status-publish","format-standard","has-post-thumbnail","hentry","category-haber"],"_links":{"self":[{"href":"https:\/\/derstakip.app\/blog\/wp-json\/wp\/v2\/posts\/2006","targetHints":{"allow":["GET"]}}],"collection":[{"href":"https:\/\/derstakip.app\/blog\/wp-json\/wp\/v2\/posts"}],"about":[{"href":"https:\/\/derstakip.app\/blog\/wp-json\/wp\/v2\/types\/post"}],"author":[{"embeddable":true,"href":"https:\/\/derstakip.app\/blog\/wp-json\/wp\/v2\/users\/1"}],"replies":[{"embeddable":true,"href":"https:\/\/derstakip.app\/blog\/wp-json\/wp\/v2\/comments?post=2006"}],"version-history":[{"count":0,"href":"https:\/\/derstakip.app\/blog\/wp-json\/wp\/v2\/posts\/2006\/revisions"}],"wp:featuredmedia":[{"embeddable":true,"href":"https:\/\/derstakip.app\/blog\/wp-json\/wp\/v2\/media\/2005"}],"wp:attachment":[{"href":"https:\/\/derstakip.app\/blog\/wp-json\/wp\/v2\/media?parent=2006"}],"wp:term":[{"taxonomy":"category","embeddable":true,"href":"https:\/\/derstakip.app\/blog\/wp-json\/wp\/v2\/categories?post=2006"},{"taxonomy":"post_tag","embeddable":true,"href":"https:\/\/derstakip.app\/blog\/wp-json\/wp\/v2\/tags?post=2006"}],"curies":[{"name":"wp","href":"https:\/\/api.w.org\/{rel}","templated":true}]}}