{"id":1998,"date":"2025-07-14T16:09:15","date_gmt":"2025-07-14T13:09:15","guid":{"rendered":"https:\/\/derstakip.app\/blog\/2025-tus-ek-yerlestirme-sonuclari-aciklandi-mi-nereden-ogrenilir\/"},"modified":"2025-07-14T16:09:15","modified_gmt":"2025-07-14T13:09:15","slug":"2025-tus-ek-yerlestirme-sonuclari-aciklandi-mi-nereden-ogrenilir","status":"publish","type":"post","link":"https:\/\/derstakip.app\/blog\/2025-tus-ek-yerlestirme-sonuclari-aciklandi-mi-nereden-ogrenilir\/","title":{"rendered":"2025 TUS Ek Yerle\u015ftirme Sonu\u00e7lar\u0131 A\u00e7\u0131kland\u0131 m\u0131? Nereden \u00d6\u011frenilir?"},"content":{"rendered":"<p>TUS 2025 ek yerle\u015ftirme sonu\u00e7lar\u0131, s\u0131nav\u0131 ge\u00e7en adaylar i\u00e7in b\u00fcy\u00fck bir merak konusu oldu. Askeri \u00f6\u011frencilik i\u00e7in bir ad\u0131m daha atman\u0131n heyecan\u0131n\u0131 ya\u015fayan \u00f6\u011frenciler, sonu\u00e7lar\u0131n ne zaman a\u00e7\u0131klanaca\u011f\u0131n\u0131 merak ediyor. Son yap\u0131lan a\u00e7\u0131klamalara g\u00f6re, \u00d6SYM, 2025 y\u0131l\u0131 i\u00e7in MS\u00dc s\u0131nav sonu\u00e7lar\u0131n\u0131n a\u00e7\u0131klanaca\u011f\u0131 tarihi belirledi. Peki, bu sonu\u00e7lara nas\u0131l ula\u015f\u0131lacak? \u0130\u015fte detaylar!<\/p>\n<h2>MS\u00dc S\u0131nav\u0131 Sonu\u00e7lar\u0131 \u0130\u00e7in Tarihler<\/h2>\n<p>2025 MS\u00dc s\u0131nav\u0131, 23 \u015eubat 2025 tarihinde ger\u00e7ekle\u015ftirildi. Bu s\u0131nav\u0131 ba\u015far\u0131yla ge\u00e7en adaylar\u0131n sonu\u00e7lar\u0131n\u0131n ilan edilmesi i\u00e7in beklenen tarih 18 Mart 2025 olarak belirlendi. Adaylar, sonu\u00e7lar\u0131 \u00d6SYM&#8217;nin internet sitesi \u00fczerinden \u00f6\u011frenebilecekler. <a href=\"https:\/\/sonuc.osym.gov.tr\" target=\"_blank\" rel=\"noopener\">\u00d6SYM sonu\u00e7 sorgulama<\/a> sayfas\u0131na giderek, T.C. kimlik numaras\u0131 ve \u015fifreleri ile giri\u015f yapmalar\u0131 yeterli olacak.<\/p>\n<h3>Sonu\u00e7lar\u0131n A\u00e7\u0131klanma S\u00fcreci<\/h3>\n<p>\u00d6SYM, MS\u00dc s\u0131nav sonu\u00e7lar\u0131n\u0131n a\u00e7\u0131klanmas\u0131n\u0131n ard\u0131ndan adaylar\u0131n ba\u015far\u0131 puanlar\u0131n\u0131 belirlemek i\u00e7in gerekli t\u00fcm de\u011ferlendirmeleri yapacak. Sonu\u00e7lar, her bir aday\u0131n do\u011fru ve yanl\u0131\u015f cevap say\u0131s\u0131na g\u00f6re hesaplanacak. Hesaplanan ham puanlar, ilgili testlerin standart puanlar\u0131na d\u00f6n\u00fc\u015ft\u00fcr\u00fclecek. Adaylar i\u00e7in bu s\u00fcre\u00e7 son derece \u00f6nem ta\u015f\u0131yor \u00e7\u00fcnk\u00fc sonu\u00e7lar, askeri okullara yerle\u015ftirme i\u00e7in belirleyici olacak.<\/p>\n<h4>MS\u00dc S\u0131nav Sonu\u00e7lar\u0131 Nas\u0131l Sorgulan\u0131r?<\/h4>\n<p>Adaylar, s\u0131nav sonu\u00e7lar\u0131na ula\u015fmak i\u00e7in <a href=\"https:\/\/sonuc.osym.gov.tr\" target=\"_blank\" rel=\"noopener\">\u00d6SYM&#8217;nin resmi sitesini<\/a> ziyaret edebilirler. \u0130nternet \u00fczerinden sorgulama i\u015flemi yap\u0131lacak ve adaylar\u0131n sonu\u00e7lar\u0131na dair belgelere ula\u015fmalar\u0131 m\u00fcmk\u00fcn olacak. Ancak unutulmamal\u0131d\u0131r ki, sonu\u00e7 belgesi fiziksel olarak g\u00f6nderilmeyecek. Adaylar, internette g\u00f6r\u00fcn\u00fcr hale gelen sonu\u00e7lar \u00fczerinden bilgilerini teyit etmi\u015f olacaklar.<\/p>\n<h2>Sonu\u00e7lar\u0131n Erken A\u00e7\u0131klanma \u0130htimali<\/h2>\n<p>MS\u00dc sonu\u00e7lar\u0131n\u0131n erken a\u00e7\u0131klan\u0131p a\u00e7\u0131klanmayaca\u011f\u0131 hakk\u0131nda pek \u00e7ok spek\u00fclasyon yap\u0131l\u0131yor. Ancak, resmi kaynaklardan gelen bilgiler \u0131\u015f\u0131\u011f\u0131nda, \u00d6SYM\u2019nin 18 Mart 2025 tarihinden \u00f6nce sonu\u00e7 a\u00e7\u0131klamay\u0131 planlamad\u0131\u011f\u0131 ve t\u00fcm de\u011ferlendirme s\u00fcre\u00e7lerinin bu tarihe g\u00f6re y\u00fcr\u00fct\u00fclece\u011fi bekleniyor.<\/p>\n<h3>S\u0131nav De\u011ferlendirme S\u00fcreci<\/h3>\n<p>Herhangi bir belirsizlik olmamas\u0131 ad\u0131na, sonu\u00e7lar\u0131n nas\u0131l de\u011ferlendirilece\u011fi hakk\u0131nda da bilgi vermek gerekiyor. Adaylar\u0131n do\u011fru cevap say\u0131lar\u0131ndan, yanl\u0131\u015f cevap say\u0131s\u0131n\u0131n d\u00f6rtte biri \u00e7\u0131kar\u0131larak hesaplanan ham puan ile her alt test i\u00e7in ayr\u0131 standart puanlar elde edilecektir. Cevaplar\u0131n optik okuyucular taraf\u0131ndan de\u011ferlendirilmesi sa\u011flanacak. Bu sistem, sonu\u00e7lar\u0131n h\u0131zl\u0131 bir \u015fekilde ortaya \u00e7\u0131kmas\u0131n\u0131 sa\u011flayacak.<\/p>\n<h2>TUS 2025 Ek Yerle\u015ftirme Sonu\u00e7lar\u0131 Hakk\u0131nda S\u0131k Sorulanlar<\/h2>\n<h3>TUS 2025 ek yerle\u015ftirme sonu\u00e7lar\u0131 ne zaman a\u00e7\u0131klanacak?<\/h3>\n<p>18 Mart 2025 tarihinde a\u00e7\u0131klanmas\u0131 bekleniyor.<\/p>\n<h3>S\u0131nav sonu\u00e7lar\u0131n\u0131 nas\u0131l \u00f6\u011frenebilirim?<\/h3>\n<p>\u00d6SYM&#8217;nin <a href=\"https:\/\/sonuc.osym.gov.tr\" target=\"_blank\" rel=\"noopener\">resmi internet sitesi<\/a> \u00fczerinden T.C. kimlik numaras\u0131 ve \u015fifre ile sonu\u00e7lar\u0131n\u0131z\u0131 \u00f6\u011frenebilirsiniz.<\/p>\n<h3>Sonu\u00e7 belgesi g\u00f6nderilecek mi?<\/h3>\n<p>Hay\u0131r, sonu\u00e7 belgeleri g\u00f6nderilmeyecek. Web sitesinde g\u00f6r\u00fcnen sonu\u00e7lar, ge\u00e7erli kabul edilecektir.<\/p>\n<p>TUS 2025 ek yerle\u015ftirme sonu\u00e7lar\u0131, adaylar\u0131n hayat\u0131nda yeni bir kap\u0131 aralayacak. S\u0131nav sonu\u00e7lar\u0131n\u0131n a\u00e7\u0131klanmas\u0131n\u0131 bekleyen adaylar, endi\u015fe ve heyecan i\u00e7inde ge\u00e7iyor. S\u0131nav s\u00fcreci bu y\u00f6n\u00fcyle \u00f6nem ta\u015f\u0131rken, sonu\u00e7lar\u0131n ilan\u0131, yeni bir ba\u015flang\u0131ca i\u015faret edecek.<\/p>\n","protected":false},"excerpt":{"rendered":"<p>TUS 2025 ek yerle\u015ftirme sonu\u00e7lar\u0131, s\u0131nav\u0131 ge\u00e7en adaylar i\u00e7in b\u00fcy\u00fck bir merak konusu oldu. Askeri \u00f6\u011frencilik i\u00e7in bir ad\u0131m daha atman\u0131n heyecan\u0131n\u0131 ya\u015fayan \u00f6\u011frenciler, sonu\u00e7lar\u0131n ne zaman a\u00e7\u0131klanaca\u011f\u0131n\u0131 merak ediyor. Son yap\u0131lan a\u00e7\u0131klamalara g\u00f6re, \u00d6SYM, 2025 y\u0131l\u0131 i\u00e7in MS\u00dc s\u0131nav sonu\u00e7lar\u0131n\u0131n a\u00e7\u0131klanaca\u011f\u0131 tarihi belirledi. Peki, bu sonu\u00e7lara nas\u0131l ula\u015f\u0131lacak? \u0130\u015fte detaylar! MS\u00dc S\u0131nav\u0131 Sonu\u00e7lar\u0131 \u0130\u00e7in&#8230;<\/p>\n","protected":false},"author":1,"featured_media":1997,"comment_status":"open","ping_status":"open","sticky":false,"template":"","format":"standard","meta":{"footnotes":""},"categories":[84],"tags":[],"class_list":["post-1998","post","type-post","status-publish","format-standard","has-post-thumbnail","hentry","category-haber"],"_links":{"self":[{"href":"https:\/\/derstakip.app\/blog\/wp-json\/wp\/v2\/posts\/1998","targetHints":{"allow":["GET"]}}],"collection":[{"href":"https:\/\/derstakip.app\/blog\/wp-json\/wp\/v2\/posts"}],"about":[{"href":"https:\/\/derstakip.app\/blog\/wp-json\/wp\/v2\/types\/post"}],"author":[{"embeddable":true,"href":"https:\/\/derstakip.app\/blog\/wp-json\/wp\/v2\/users\/1"}],"replies":[{"embeddable":true,"href":"https:\/\/derstakip.app\/blog\/wp-json\/wp\/v2\/comments?post=1998"}],"version-history":[{"count":0,"href":"https:\/\/derstakip.app\/blog\/wp-json\/wp\/v2\/posts\/1998\/revisions"}],"wp:featuredmedia":[{"embeddable":true,"href":"https:\/\/derstakip.app\/blog\/wp-json\/wp\/v2\/media\/1997"}],"wp:attachment":[{"href":"https:\/\/derstakip.app\/blog\/wp-json\/wp\/v2\/media?parent=1998"}],"wp:term":[{"taxonomy":"category","embeddable":true,"href":"https:\/\/derstakip.app\/blog\/wp-json\/wp\/v2\/categories?post=1998"},{"taxonomy":"post_tag","embeddable":true,"href":"https:\/\/derstakip.app\/blog\/wp-json\/wp\/v2\/tags?post=1998"}],"curies":[{"name":"wp","href":"https:\/\/api.w.org\/{rel}","templated":true}]}}