{"id":1848,"date":"2025-06-24T11:15:20","date_gmt":"2025-06-24T08:15:20","guid":{"rendered":"https:\/\/derstakip.app\/blog\/2025-ales-2-sinav-giris-yerleri-belgesi-ve-sinav-tarihi-hakkinda-bilgiler\/"},"modified":"2025-06-24T11:15:20","modified_gmt":"2025-06-24T08:15:20","slug":"2025-ales-2-sinav-giris-yerleri-belgesi-ve-sinav-tarihi-hakkinda-bilgiler","status":"publish","type":"post","link":"https:\/\/derstakip.app\/blog\/2025-ales-2-sinav-giris-yerleri-belgesi-ve-sinav-tarihi-hakkinda-bilgiler\/","title":{"rendered":"2025 ALES 2 S\u0131nav Giri\u015f Yerleri Belgesi ve S\u0131nav Tarihi Hakk\u0131nda Bilgiler"},"content":{"rendered":"<p>2025 ALES 2 s\u0131nav giri\u015f yerleri 2025 ile ilgili heyecan verici geli\u015fmeler var! S\u0131nav s\u00fcreci yakla\u015f\u0131rken, bir\u00e7ok aday bu \u00f6nemli s\u0131nav hakk\u0131nda merak ettikleri bilgileri ara\u015ft\u0131r\u0131yor. ALES, akademik kariyer hedefleyenler i\u00e7in ger\u00e7ekle\u015ftirilen kritik bir s\u00fcre\u00e7, bu y\u00fczden detaylar\u0131 takip etmek olduk\u00e7a \u00f6nemli.<\/p>\n<h2>ALES 2 S\u0131nav Tarihleri ve Giri\u015f Yerleri<\/h2>\n<p>ALES 2 s\u0131nav tarihi, \u00d6SYM taraf\u0131ndan belirlenen takvim do\u011frultusunda ger\u00e7ekle\u015ftirilecektir. Ge\u00e7mi\u015f y\u0131llarda oldu\u011fu gibi bu y\u0131l da ALES, adaylar\u0131n akademik kariyer planlamalar\u0131nda b\u00fcy\u00fck bir rol oynayacak. S\u0131nav tarihleri genellikle \u00d6SYM&#8217;nin resmi web sitesinde yay\u0131mlan\u0131r. T\u00fcm bu bilgiler, adaylar\u0131n s\u0131nav s\u00fcrecine haz\u0131rlan\u0131rken ihtiya\u00e7 duydu\u011fu \u00f6nemli detaylar aras\u0131nda yer al\u0131yor.<\/p>\n<h3>S\u0131nav Giri\u015f Yerleri ve Belge Kontrol\u00fc<\/h3>\n<p>ALES 2 i\u00e7in giri\u015f yerleri, s\u0131nav tarihinden birka\u00e7 g\u00fcn \u00f6nce \u00d6SYM taraf\u0131ndan adaylar\u0131n eri\u015fimine sunulacak. S\u0131nav ya da ba\u015fka bir bilgi i\u00e7in haz\u0131rl\u0131k s\u00fcrecini ilerletecek belgenin kontroll\u00fc bir \u015fekilde sa\u011flanmas\u0131, adaylar\u0131n s\u0131nav g\u00fcn\u00fcnde stres ya\u015famalar\u0131n\u0131 azaltacakt\u0131r. Kontrol i\u015flemleri i\u00e7in, <a href=\"https:\/\/sonuc.osym.gov.tr\" target=\"_blank\" rel=\"noopener\">\u00d6SYM\u2019nin resmi internet sitesini<\/a> ziyaret etmek yeterlidir.<\/p>\n<h4>S\u0131nav Yap\u0131s\u0131 ve De\u011ferlendirme S\u00fcreci<\/h4>\n<p>ALES, genellikle say\u0131sal ve s\u00f6zel b\u00f6l\u00fcmlerden olu\u015fmaktad\u0131r. Adaylar, alan\u0131yla ilgili yeterlilikleri \u00f6l\u00e7\u00fcl\u00fcrken, yanl\u0131\u015f cevaplar\u0131n do\u011fru cevaplar\u0131 etkileyece\u011fini unutmamak gerekir. De\u011ferlendirme sistemi, her aday\u0131n do\u011fru ve yanl\u0131\u015f cevaplar\u0131n\u0131 baz alarak puanlama yapmaktad\u0131r. \u00d6nceki y\u0131llarda oldu\u011fu gibi, bu sene de ALES&#8217;in \u00e7e\u015fitli alanlar\u0131nda \u00f6l\u00e7me de\u011ferlendirme ger\u00e7ekle\u015ftirilerek, adaylar\u0131n ba\u015far\u0131 oranlar\u0131 analiz edilecektir.<\/p>\n<h2>S\u0131nav Sonu\u00e7lar\u0131n\u0131n A\u00e7\u0131klanmas\u0131<\/h2>\n<p>ALES 2 sonu\u00e7lar\u0131n\u0131n a\u00e7\u0131klanma tarihi, s\u0131navdan k\u0131sa bir s\u00fcre sonra olacakt\u0131r. Adaylar\u0131n sonu\u00e7lar\u0131na eri\u015febilmesi i\u00e7in, T.C. Kimlik Numaras\u0131 ve \u015fifre kullanmalar\u0131 gerekecektir. S\u0131nav sonu\u00e7lar\u0131, \u00d6SYM&#8217;nin resmi internet sitesinde yay\u0131nlanacakt\u0131r. Bu durumda herhangi bir belirsizlik ya\u015fanmamas\u0131 ad\u0131na sonu\u00e7lar\u0131 d\u00fczenli olarak kontrol etmenizi \u00f6neririz.<\/p>\n<h3>2025 ALES 2 Hedefleri ve Haz\u0131rl\u0131k S\u00fcreci<\/h3>\n<p>Adaylar\u0131n ALES 2 s\u0131nav\u0131nda ba\u015far\u0131l\u0131 olabilmeleri i\u00e7in, d\u00fczenli ve planl\u0131 bir \u00e7al\u0131\u015fma yapmalar\u0131 gerekmektedir. Hedef belirlemek, bu s\u00fcre\u00e7te \u00f6nemli bir motivasyon kayna\u011f\u0131 olacak. Bu do\u011frultuda, belirledi\u011finiz hedeflere ula\u015fmak i\u00e7in en iyi kaynaklardan yararlanmak ba\u015far\u0131 oran\u0131n\u0131z\u0131 art\u0131racakt\u0131r. \u0130\u015fte buradan DersTakip uygulamas\u0131 devreye giriyor! \u00c7al\u0131\u015fma s\u00fcrelerinizi takip etmenize yard\u0131mc\u0131 olacak bir uygulama ile birlikte, d\u00fczenli \u00e7al\u0131\u015fman\u0131n \u00f6nemi bir kat daha art\u0131yor.<\/p>\n<h4>DersTakip \u0130le Etkili \u00c7al\u0131\u015fma<\/h4>\n<p>DersTakip, kullan\u0131c\u0131lar\u0131n \u00e7al\u0131\u015fma seanslar\u0131n\u0131 kaydetmelerine yard\u0131mc\u0131 olan, istatistikleri analiz ederek hedeflerine ula\u015fmalar\u0131n\u0131 kolayla\u015ft\u0131racak bir ara\u00e7t\u0131r. Hem iOS hem de Android platformlar\u0131nda kullan\u0131labilen bu uygulama, \u00e7al\u0131\u015fma s\u00fcrelerinizi takip etmenin yan\u0131 s\u0131ra, hedeflerinize ne \u00f6l\u00e7\u00fcde ula\u015ft\u0131\u011f\u0131n\u0131z\u0131 g\u00f6rmenizi sa\u011flar. ALES 2 s\u0131nav\u0131na haz\u0131rlananlar i\u00e7in bu uygulama b\u00fcy\u00fck bir avantaj sunuyor!<\/p>\n<h2>Merak Edilen Sorular<\/h2>\n<h3>ALES 2 s\u0131nav\u0131 ne zaman yap\u0131lacak?<\/h3>\n<p>ALES 2 s\u0131nav tarihi, \u00d6SYM taraf\u0131ndan belirlenen takvim \u00e7er\u00e7evesinde a\u00e7\u0131klanacakt\u0131r. Kesin tarih i\u00e7in \u00d6SYM\u2019nin resmi web sayfas\u0131n\u0131 d\u00fczenli olarak kontrol edebilirsiniz.<\/p>\n<h3>2025 ALES 2 s\u0131nav giri\u015f yerleri ne zaman a\u00e7\u0131klanacak?<\/h3>\n<p>ALES 2 s\u0131nav giri\u015f yerleri, s\u0131nav tarihinden k\u0131sa bir s\u00fcre \u00f6nce \u00d6SYM&#8217;nin internet sitesinde yay\u0131mlanacak. Giri\u015f belgelerinizi kontrol etmek i\u00e7in belirtilen tarihlere dikkat etmelisiniz.<\/p>\n<h3>S\u0131nav sonu\u00e7lar\u0131 ne zaman a\u00e7\u0131klanacak?<\/h3>\n<p>ALES 2 s\u0131nav sonu\u00e7lar\u0131, s\u0131navdan birka\u00e7 hafta sonra \u00d6SYM taraf\u0131ndan a\u00e7\u0131klanmas\u0131 bekleniyor. Sonu\u00e7lar\u0131 \u00f6\u011frenmek i\u00e7in \u00d6SYM\u2019nin <a href=\"https:\/\/sonuc.osym.gov.tr\" target=\"_blank\" rel=\"noopener\">internet adresini<\/a> ziyaret edebilirsiniz.<\/p>\n","protected":false},"excerpt":{"rendered":"<p>2025 ALES 2 s\u0131nav giri\u015f yerleri 2025 ile ilgili heyecan verici geli\u015fmeler var! S\u0131nav s\u00fcreci yakla\u015f\u0131rken, bir\u00e7ok aday bu \u00f6nemli s\u0131nav hakk\u0131nda merak ettikleri bilgileri ara\u015ft\u0131r\u0131yor. ALES, akademik kariyer hedefleyenler i\u00e7in ger\u00e7ekle\u015ftirilen kritik bir s\u00fcre\u00e7, bu y\u00fczden detaylar\u0131 takip etmek olduk\u00e7a \u00f6nemli. ALES 2 S\u0131nav Tarihleri ve Giri\u015f Yerleri ALES 2 s\u0131nav tarihi, \u00d6SYM taraf\u0131ndan&#8230;<\/p>\n","protected":false},"author":1,"featured_media":1847,"comment_status":"open","ping_status":"open","sticky":false,"template":"","format":"standard","meta":{"footnotes":""},"categories":[84],"tags":[],"class_list":["post-1848","post","type-post","status-publish","format-standard","has-post-thumbnail","hentry","category-haber"],"_links":{"self":[{"href":"https:\/\/derstakip.app\/blog\/wp-json\/wp\/v2\/posts\/1848","targetHints":{"allow":["GET"]}}],"collection":[{"href":"https:\/\/derstakip.app\/blog\/wp-json\/wp\/v2\/posts"}],"about":[{"href":"https:\/\/derstakip.app\/blog\/wp-json\/wp\/v2\/types\/post"}],"author":[{"embeddable":true,"href":"https:\/\/derstakip.app\/blog\/wp-json\/wp\/v2\/users\/1"}],"replies":[{"embeddable":true,"href":"https:\/\/derstakip.app\/blog\/wp-json\/wp\/v2\/comments?post=1848"}],"version-history":[{"count":0,"href":"https:\/\/derstakip.app\/blog\/wp-json\/wp\/v2\/posts\/1848\/revisions"}],"wp:featuredmedia":[{"embeddable":true,"href":"https:\/\/derstakip.app\/blog\/wp-json\/wp\/v2\/media\/1847"}],"wp:attachment":[{"href":"https:\/\/derstakip.app\/blog\/wp-json\/wp\/v2\/media?parent=1848"}],"wp:term":[{"taxonomy":"category","embeddable":true,"href":"https:\/\/derstakip.app\/blog\/wp-json\/wp\/v2\/categories?post=1848"},{"taxonomy":"post_tag","embeddable":true,"href":"https:\/\/derstakip.app\/blog\/wp-json\/wp\/v2\/tags?post=1848"}],"curies":[{"name":"wp","href":"https:\/\/api.w.org\/{rel}","templated":true}]}}