{"id":1820,"date":"2025-06-23T07:45:07","date_gmt":"2025-06-23T04:45:07","guid":{"rendered":"https:\/\/derstakip.app\/blog\/sinava-gec-kalmanin-nedenleri-her-yil-ayni-sorunla-karsilasmanin-sebepleri\/"},"modified":"2025-06-23T07:45:07","modified_gmt":"2025-06-23T04:45:07","slug":"sinava-gec-kalmanin-nedenleri-her-yil-ayni-sorunla-karsilasmanin-sebepleri","status":"publish","type":"post","link":"https:\/\/derstakip.app\/blog\/sinava-gec-kalmanin-nedenleri-her-yil-ayni-sorunla-karsilasmanin-sebepleri\/","title":{"rendered":"S\u0131nava Ge\u00e7 Kalman\u0131n Nedenleri: Her Y\u0131l Ayn\u0131 Sorunla Kar\u015f\u0131la\u015fman\u0131n Sebepleri"},"content":{"rendered":"<p>S\u0131nav ge\u00e7 kalma sebepleri, her y\u0131l bir\u00e7ok \u00f6\u011frenci i\u00e7in ortak bir sorun haline geliyor. Baz\u0131 sebepler olduk\u00e7a basit g\u00f6r\u00fcnse de, asl\u0131nda derin etkileri olabiliyor. Bu yaz\u0131m\u0131zda, \u00f6\u011frenci dostu DersTakip uygulamas\u0131n\u0131n nas\u0131l bu konuda yard\u0131mc\u0131 olabilece\u011fini de ele alaca\u011f\u0131z. Hadi, s\u0131nav\u0131n\u0131za ge\u00e7 kalmamak i\u00e7in bu nedenleri birlikte inceleyelim! \ud83d\ude80<\/p>\n<h2>Zaman Y\u00f6netiminin \u00d6nemi<\/h2>\n<p>Bir\u00e7ok \u00f6\u011frenci i\u00e7in s\u0131nav g\u00fcn\u00fcnde ge\u00e7 kalman\u0131n en b\u00fcy\u00fck sebeplerinden biri zaman y\u00f6netimidir. \u00d6zellikle, derslere haz\u0131rl\u0131\u011f\u0131 son dakikaya b\u0131rakma al\u0131\u015fkanl\u0131\u011f\u0131, zaman\u0131nda s\u0131nava yeti\u015fme konusunda ciddi problemlere yol a\u00e7abilir. \ud83d\udd52<\/p>\n<p>Ge\u00e7 kalman\u0131n \u00f6n\u00fcne ge\u00e7mek i\u00e7in DersTakip uygulamas\u0131 gibi seans takibi yapan ara\u00e7lar olduk\u00e7a faydal\u0131d\u0131r. \u0130nce ayarlarla, hem \u00e7al\u0131\u015fma hem de mola s\u00fcrelerinizi kontrol alt\u0131na alabilirsiniz. Bu sayede, daha etkin bir zaman y\u00f6netimi sa\u011flam\u0131\u015f olursunuz.<\/p>\n<h2>Dikkat Da\u011f\u0131n\u0131kl\u0131\u011f\u0131 ve Konsantrasyon Sorunlar\u0131<\/h2>\n<p>S\u0131nav g\u00fcn\u00fcnde \u00f6\u011frencilere zorluk \u00e7\u0131karan bir di\u011fer problem de dikkat da\u011f\u0131n\u0131kl\u0131\u011f\u0131d\u0131r. Arkada\u015flarla ge\u00e7irilen zaman, sosyal medya ve di\u011fer d\u0131\u015f fakt\u00f6rler, \u00e7al\u0131\u015f\u0131rken konsantrasyonunuzu olduk\u00e7a etkileyebilir. Sonu\u00e7 olarak, yeterince \u00e7al\u0131\u015famayan \u00f6\u011frenciler, s\u0131nav \u00f6ncesi panik ya\u015farlar ve bu da ge\u00e7 kalma sebebi olabilir. \ud83d\ude23<\/p>\n<p>DersTakip, ders \u00e7al\u0131\u015fma s\u00fcrelerinizi kaydebilir ve analiz edebilir. Bu \u00f6zellik sayesinde, hangi derse daha fazla odaklanman\u0131z gerekti\u011fini anlayabilirsiniz.<\/p>\n<h2>Sosyal Hayat ve Stres Y\u00f6netimi<\/h2>\n<p>S\u0131nav d\u00f6nemlerinde sosyal ya\u015famdan uzakla\u015fmak m\u00fcmk\u00fcn g\u00f6r\u00fcnmese de, pek \u00e7ok \u00f6\u011frenci bu dengeyi kurmakta zorlan\u0131yor. Fazla sosyal etkinlikler, s\u0131nav tarihine yakla\u015f\u0131rken stres yaratabiliyor. Bu da ertelemeye ve ge\u00e7 kalma sebeplerine zemin haz\u0131rl\u0131yor. \ud83c\udf89<\/p>\n<p> Ancak DersTakip uygulamas\u0131 ile, sosyal etkinliklerinizi ve \u00e7al\u0131\u015fma zaman\u0131n\u0131z\u0131 diledi\u011finiz gibi planlayabilirsiniz. Geli\u015fen hedef belirleme \u00f6zellikleri sayesinde, g\u00fcnl\u00fck ve haftal\u0131k \u00e7al\u0131\u015fma hedeflerinizi olu\u015fturabilirsiniz.<\/p>\n<h2>Plans\u0131zl\u0131k ve Haz\u0131rl\u0131k Eksikli\u011fi<\/h2>\n<p>Haz\u0131rl\u0131k eksikli\u011fini atlayamay\u0131z. S\u0131navlar \u00f6ncesinde plan yapmamak, yo\u011fun bir stres kayna\u011f\u0131 olabiliyor. Planl\u0131 \u00e7al\u0131\u015fma, s\u0131nav g\u00fcn\u00fc gelmeden \u00f6nce yap\u0131lan t\u00fcm haz\u0131rl\u0131klar\u0131 kapsar. E\u011fer do\u011fru planlama yap\u0131lmam\u0131\u015fsa, s\u0131nav an\u0131 bir kabusa d\u00f6n\u00fc\u015febilir. \ud83d\udcda<\/p>\n<p> DersTakip, ders istatistiklerinizi takip ederek, hangi konularda daha fazla \u00e7al\u0131\u015fman\u0131z gerekti\u011fini anlaman\u0131z\u0131 sa\u011flar. B\u00f6ylece, daha haz\u0131rl\u0131kl\u0131 olman\u0131z m\u00fcmk\u00fcn hale gelir.<\/p>\n<h2>Sonu\u00e7<\/h2>\n<p>S\u0131nav ge\u00e7 kalma sebepleri, bireysel tercihler ve al\u0131\u015fkanl\u0131klarla do\u011frudan ili\u015fkilidir. Ama bu sorunlar\u0131 a\u015fmak m\u00fcmk\u00fcn! DersTakip uygulamas\u0131, \u00f6\u011frencilerin hem \u00e7al\u0131\u015fma s\u00fcrelerini y\u00f6netmelerine hem de ders hedeflerini ger\u00e7ekle\u015ftirmelerine yard\u0131mc\u0131 olur. \u00d6zetle, s\u0131nav an\u0131nda ge\u00e7 kalmay\u0131 \u00f6nlemenin yolu, etkili bir planlama ve do\u011fru bir zaman y\u00f6netiminden ge\u00e7iyor. \ud83d\udcc5<\/p>\n<h2>SSS (S\u0131k\u00e7a Sorulan Sorular)<\/h2>\n<h3>S\u0131nav ge\u00e7 kalma sebepleri nelerdir?<\/h3>\n<p>S\u0131nav ge\u00e7 kalma sebepleri aras\u0131nda zaman y\u00f6netimi eksikli\u011fi, dikkat da\u011f\u0131n\u0131kl\u0131\u011f\u0131, plans\u0131zl\u0131k, sosyal ya\u015fam dengesi ve haz\u0131rl\u0131k eksikli\u011fi say\u0131labilir.<\/p>\n<h3>DersTakip uygulamas\u0131 nas\u0131l fayda sa\u011flar?<\/h3>\n<p>DersTakip, \u00e7al\u0131\u015fma s\u00fcrelerini takip etmenizi, ders istatistiklerinizi g\u00f6rselle\u015ftirmenizi ve hedef belirlemenizi sa\u011flayarak, s\u0131navlara daha iyi haz\u0131rlanman\u0131za yard\u0131mc\u0131 olur.<\/p>\n<h3>Zaman y\u00f6netimini geli\u015ftirmek i\u00e7in ne yapmal\u0131y\u0131m?<\/h3>\n<p>Zaman y\u00f6netimini geli\u015ftirmek i\u00e7in \u00e7al\u0131\u015fma saatlerinizi d\u00fczenli olarak planlamal\u0131 ve mola s\u00fcrelerinizi s\u0131k s\u0131k g\u00f6zden ge\u00e7irmelisiniz. DersTakip uygulamas\u0131 bu s\u00fcre\u00e7te size rehberlik edebilir.<\/p>\n<h3>S\u0131nav g\u00fcn\u00fc ge\u00e7 kalmamak i\u00e7in \u00f6neriler nelerdir?<\/h3>\n<p>S\u0131nav g\u00fcn\u00fc ge\u00e7 kalmamak i\u00e7in, \u00f6nceden Route planlamak, yeterince dinlenmek ve s\u0131nav saatinden \u00f6nceki g\u00fcn t\u00fcm haz\u0131rl\u0131klar\u0131 tamamlamak \u00f6nemlidir.<\/p>\n","protected":false},"excerpt":{"rendered":"<p>S\u0131nav ge\u00e7 kalma sebepleri, her y\u0131l bir\u00e7ok \u00f6\u011frenci i\u00e7in ortak bir sorun haline geliyor. Baz\u0131 sebepler olduk\u00e7a basit g\u00f6r\u00fcnse de, asl\u0131nda derin etkileri olabiliyor. Bu yaz\u0131m\u0131zda, \u00f6\u011frenci dostu DersTakip uygulamas\u0131n\u0131n nas\u0131l bu konuda yard\u0131mc\u0131 olabilece\u011fini de ele alaca\u011f\u0131z. Hadi, s\u0131nav\u0131n\u0131za ge\u00e7 kalmamak i\u00e7in bu nedenleri birlikte inceleyelim! \ud83d\ude80 Zaman Y\u00f6netiminin \u00d6nemi Bir\u00e7ok \u00f6\u011frenci i\u00e7in s\u0131nav&#8230;<\/p>\n","protected":false},"author":1,"featured_media":1819,"comment_status":"open","ping_status":"open","sticky":false,"template":"","format":"standard","meta":{"footnotes":""},"categories":[84],"tags":[],"class_list":["post-1820","post","type-post","status-publish","format-standard","has-post-thumbnail","hentry","category-haber"],"_links":{"self":[{"href":"https:\/\/derstakip.app\/blog\/wp-json\/wp\/v2\/posts\/1820","targetHints":{"allow":["GET"]}}],"collection":[{"href":"https:\/\/derstakip.app\/blog\/wp-json\/wp\/v2\/posts"}],"about":[{"href":"https:\/\/derstakip.app\/blog\/wp-json\/wp\/v2\/types\/post"}],"author":[{"embeddable":true,"href":"https:\/\/derstakip.app\/blog\/wp-json\/wp\/v2\/users\/1"}],"replies":[{"embeddable":true,"href":"https:\/\/derstakip.app\/blog\/wp-json\/wp\/v2\/comments?post=1820"}],"version-history":[{"count":0,"href":"https:\/\/derstakip.app\/blog\/wp-json\/wp\/v2\/posts\/1820\/revisions"}],"wp:featuredmedia":[{"embeddable":true,"href":"https:\/\/derstakip.app\/blog\/wp-json\/wp\/v2\/media\/1819"}],"wp:attachment":[{"href":"https:\/\/derstakip.app\/blog\/wp-json\/wp\/v2\/media?parent=1820"}],"wp:term":[{"taxonomy":"category","embeddable":true,"href":"https:\/\/derstakip.app\/blog\/wp-json\/wp\/v2\/categories?post=1820"},{"taxonomy":"post_tag","embeddable":true,"href":"https:\/\/derstakip.app\/blog\/wp-json\/wp\/v2\/tags?post=1820"}],"curies":[{"name":"wp","href":"https:\/\/api.w.org\/{rel}","templated":true}]}}