{"id":1488,"date":"2025-05-31T16:15:27","date_gmt":"2025-05-31T13:15:27","guid":{"rendered":"https:\/\/derstakip.app\/blog\/yks-sinav-yerleri-aciklandi-tyt-ve-ayt-giris-bilgileri-ile-universite-sinavi-geri-sayimda\/"},"modified":"2025-05-31T16:15:27","modified_gmt":"2025-05-31T13:15:27","slug":"yks-sinav-yerleri-aciklandi-tyt-ve-ayt-giris-bilgileri-ile-universite-sinavi-geri-sayimda","status":"publish","type":"post","link":"https:\/\/derstakip.app\/blog\/yks-sinav-yerleri-aciklandi-tyt-ve-ayt-giris-bilgileri-ile-universite-sinavi-geri-sayimda\/","title":{"rendered":"YKS S\u0131nav Yerleri A\u00e7\u0131kland\u0131! TYT ve AYT Giri\u015f Bilgileri ile \u00dcniversite S\u0131nav\u0131 Geri Say\u0131mda"},"content":{"rendered":"<p>Haz\u0131rl\u0131klar\u0131n sona erdi\u011fi ve b\u00fcy\u00fck g\u00fcn\u00fcn yakla\u015fmakta oldu\u011fu bu d\u00f6nemde, YKS s\u0131nav yerleri 2023 nihayet a\u00e7\u0131kland\u0131! \u00d6\u011frenciler, TYT ve AYT giri\u015f bilgileri ile \u00fcniversite s\u0131nav\u0131 i\u00e7in geri say\u0131mda. Peki, s\u0131nav yerlerine nas\u0131l ula\u015f\u0131lacak? \u0130\u015fte detaylar! \ud83c\udf89<\/p>\n<h2>YKS S\u0131nav Yerleri ve Giri\u015f Bilgileri<\/h2>\n<p>\u00d6SYM, 2023 Y\u00fcksek\u00f6\u011fretim Kurumlar\u0131 S\u0131nav\u0131 (YKS) i\u00e7in s\u0131nav yerleri ve giri\u015f bilgilerini belirledi. S\u0131nav tarihlerinin yakla\u015fmas\u0131 ile birlikte, \u00f6\u011frenciler i\u00e7in heyecan dorukta! Herkes, s\u0131nav g\u00fcn\u00fc hangi okulda ve ne zaman s\u0131nava girece\u011fini merak ediyor.<\/p>\n<p>\u00d6\u011frenciler, <a href=\"https:\/\/sonuc.osym.gov.tr\" target=\"_blank\" rel=\"noopener\">\u00d6SYM\u2019nin resmi sitesi<\/a> \u00fczerinden T.C. kimlik numaralar\u0131 ve \u015fifrelerini kullanarak s\u0131nav yerlerini \u00f6\u011frenebilirler. Bu, s\u0131nav g\u00fcn\u00fc i\u00e7in hayati bir bilgi!\ud83d\udd0d<\/p>\n<h3>S\u0131nav Tarihleri ve Oturumlar<\/h3>\n<p>2023 YKS, 17-18 Haziran tarihlerinde ger\u00e7ekle\u015ftirilecek. \u0130lk g\u00fcn, Temel Yeterlilik Testi (TYT) yap\u0131lacakken; ikinci g\u00fcnde Alan Yeterlilik Testleri (AYT) d\u00fczenlenecek. Dolay\u0131s\u0131yla, her bir aday\u0131n buralarda belirlenen saatlere dikkat etmesi gerekiyor!<\/p>\n<h4>S\u0131nav G\u00fcn\u00fc Haz\u0131rl\u0131klar\u0131<\/h4>\n<p>S\u0131nav g\u00fcn\u00fc geldi\u011finde, gerekli belgelerinizi yan\u0131n\u0131za almay\u0131 unutmay\u0131n. T.C. kimlik belgesi ve s\u0131nav giri\u015f belgesi, \u00d6SYM&#8217;nin belirledi\u011fi kurallara g\u00f6re yan\u0131n\u0131zda bulundurulmal\u0131d\u0131r. Eksik belgelerle s\u0131nava girmek, \u00f6\u011frencileri gereksiz bir stres ortam\u0131na sokabilir. Unutmay\u0131n, s\u0131nav saatinden en az bir saat \u00f6ncesinde s\u0131nav yerinizde olmaya \u00e7al\u0131\u015f\u0131n, b\u00f6ylece herhangi bir aksilikle kar\u015f\u0131la\u015fmazs\u0131n\u0131z. \u23f0<\/p>\n<h3>\u00d6l\u00e7me ve De\u011ferlendirme S\u00fcreci<\/h3>\n<p>TYT ve AYT s\u0131navlar\u0131nda, her bir aday\u0131n do\u011fru ve yanl\u0131\u015f cevap say\u0131s\u0131 dikkate al\u0131narak puanlar hesaplanacakt\u0131r. Bu hesaplamalar sonucunda, genel ba\u015far\u0131 durumunuz belirlenecek. Do\u011fru cevap say\u0131n\u0131zdan, yanl\u0131\u015f cevap say\u0131n\u0131z\u0131n d\u00f6rtte biri \u00e7\u0131kar\u0131larak ham puan\u0131n\u0131z elde edilecektir. Hem basit g\u00f6r\u00fcn\u00fcyor, hem de stresli bir durum!<\/p>\n<h4>\u00d6SYM Uygulamalar\u0131 \u0130le Kolayl\u0131k<\/h4>\n<p>\u00d6SYM mobil uygulamalar\u0131, s\u0131nav bilgilerinizi anl\u0131k olarak takip etmenizi sa\u011flar. Hem s\u0131nav yerinizi \u00f6\u011frenebilir, hem de s\u0131nav sonu\u00e7lar\u0131n\u0131z\u0131 h\u0131zl\u0131 bir \u015fekilde \u00f6\u011frenme f\u0131rsat\u0131na ula\u015fabilirsiniz.<\/p>\n<h3>Sonu\u00e7 A\u00e7\u0131klama Tarihleri<\/h3>\n<p>S\u0131nav sonu\u00e7lar\u0131, 2023 YKS&#8217;nin ard\u0131ndan 18 Temmuz tarihinde a\u00e7\u0131klanacak. Adaylar, sonu\u00e7lar\u0131 \u00f6\u011frenmek i\u00e7in yine <a href=\"https:\/\/sonuc.osym.gov.tr\" target=\"_blank\" rel=\"noopener\">\u00d6SYM\u2019nin resmi web sayfas\u0131n\u0131<\/a> kullanacaklar. S\u0131nav sonu\u00e7lar\u0131, T.C. kimlik numaras\u0131 ve \u015fifre ile sorgulanabilecek. Erken a\u00e7\u0131klanma tarihleri de g\u00fcndemde, fakat resmi a\u00e7\u0131klamalar olmadan kesin bir bilgi vermek zor!<\/p>\n<h2>YKS S\u0131nav Yerleri \u0130le \u0130lgili S\u0131k\u00e7a Sorulan Sorular<\/h2>\n<h3>YKS s\u0131nav yerleri 2023 ne zaman a\u00e7\u0131klanacak?<\/h3>\n<p>YKS s\u0131nav yerleri, s\u0131nav tarihine yak\u0131n bir tarihte a\u00e7\u0131klanacakt\u0131r. Genellikle bir ay \u00f6ncesinde duyurulur.<\/p>\n<h3>S\u0131nav giri\u015f belgeleri nas\u0131l al\u0131n\u0131r?<\/h3>\n<p>S\u0131nav giri\u015f belgesini, \u00d6SYM\u2019nin resmi internet sitesinden T.C. kimlik numaras\u0131 ve \u015fifrenizle alabilirsiniz.<\/p>\n<h3>S\u0131nav g\u00fcn\u00fc neler gereklidir?<\/h3>\n<p>S\u0131nav g\u00fcn\u00fc yan\u0131n\u0131za mutlaka T.C. kimlik belgesi ve s\u0131nav giri\u015f belgesi almay\u0131 unutmay\u0131n!<\/p>\n<h3>S\u0131nav sonu\u00e7lar\u0131 ne zaman a\u00e7\u0131klan\u0131r?<\/h3>\n<p>2023 YKS sonu\u00e7lar\u0131, 18 Temmuz tarihinde a\u00e7\u0131klanmas\u0131 bekleniyor.<\/p>\n<p>T\u00fcm bu bilgiler \u0131\u015f\u0131\u011f\u0131nda, YKS\u2019ye haz\u0131rlanan adaylar\u0131n motivasyonunu art\u0131racak bir uygulama da var: DersTakip. Bu uygulama, \u00e7al\u0131\u015fma s\u00fcrelerinizi takip ederek verimlili\u011finizi art\u0131rman\u0131za yard\u0131mc\u0131 olabilir. Hedeflerinize ula\u015fman\u0131zda size destek olacakt\u0131r. \ud83d\udcda\ud83c\udfaf<\/p>\n","protected":false},"excerpt":{"rendered":"<p>Haz\u0131rl\u0131klar\u0131n sona erdi\u011fi ve b\u00fcy\u00fck g\u00fcn\u00fcn yakla\u015fmakta oldu\u011fu bu d\u00f6nemde, YKS s\u0131nav yerleri 2023 nihayet a\u00e7\u0131kland\u0131! \u00d6\u011frenciler, TYT ve AYT giri\u015f bilgileri ile \u00fcniversite s\u0131nav\u0131 i\u00e7in geri say\u0131mda. Peki, s\u0131nav yerlerine nas\u0131l ula\u015f\u0131lacak? \u0130\u015fte detaylar! \ud83c\udf89 YKS S\u0131nav Yerleri ve Giri\u015f Bilgileri \u00d6SYM, 2023 Y\u00fcksek\u00f6\u011fretim Kurumlar\u0131 S\u0131nav\u0131 (YKS) i\u00e7in s\u0131nav yerleri ve giri\u015f bilgilerini belirledi&#8230;.<\/p>\n","protected":false},"author":1,"featured_media":1487,"comment_status":"open","ping_status":"open","sticky":false,"template":"","format":"standard","meta":{"footnotes":""},"categories":[84],"tags":[],"class_list":["post-1488","post","type-post","status-publish","format-standard","has-post-thumbnail","hentry","category-haber"],"_links":{"self":[{"href":"https:\/\/derstakip.app\/blog\/wp-json\/wp\/v2\/posts\/1488","targetHints":{"allow":["GET"]}}],"collection":[{"href":"https:\/\/derstakip.app\/blog\/wp-json\/wp\/v2\/posts"}],"about":[{"href":"https:\/\/derstakip.app\/blog\/wp-json\/wp\/v2\/types\/post"}],"author":[{"embeddable":true,"href":"https:\/\/derstakip.app\/blog\/wp-json\/wp\/v2\/users\/1"}],"replies":[{"embeddable":true,"href":"https:\/\/derstakip.app\/blog\/wp-json\/wp\/v2\/comments?post=1488"}],"version-history":[{"count":0,"href":"https:\/\/derstakip.app\/blog\/wp-json\/wp\/v2\/posts\/1488\/revisions"}],"wp:featuredmedia":[{"embeddable":true,"href":"https:\/\/derstakip.app\/blog\/wp-json\/wp\/v2\/media\/1487"}],"wp:attachment":[{"href":"https:\/\/derstakip.app\/blog\/wp-json\/wp\/v2\/media?parent=1488"}],"wp:term":[{"taxonomy":"category","embeddable":true,"href":"https:\/\/derstakip.app\/blog\/wp-json\/wp\/v2\/categories?post=1488"},{"taxonomy":"post_tag","embeddable":true,"href":"https:\/\/derstakip.app\/blog\/wp-json\/wp\/v2\/tags?post=1488"}],"curies":[{"name":"wp","href":"https:\/\/api.w.org\/{rel}","templated":true}]}}