{"id":1484,"date":"2025-05-31T10:15:01","date_gmt":"2025-05-31T07:15:01","guid":{"rendered":"https:\/\/derstakip.app\/blog\/girnede-sanat-universitesi-kuruluyor-arkin-picassolar-ve-rodinler-yetistirecek\/"},"modified":"2025-05-31T10:15:01","modified_gmt":"2025-05-31T07:15:01","slug":"girnede-sanat-universitesi-kuruluyor-arkin-picassolar-ve-rodinler-yetistirecek","status":"publish","type":"post","link":"https:\/\/derstakip.app\/blog\/girnede-sanat-universitesi-kuruluyor-arkin-picassolar-ve-rodinler-yetistirecek\/","title":{"rendered":"Girne&#8217;de Sanat \u00dcniversitesi Kuruluyor: Ark\u0131n, Picassolar ve Rodinler Yeti\u015ftirecek"},"content":{"rendered":"<p>Girne Sanat \u00dcniversitesi Ark\u0131n, sanat\u0131n zengin d\u00fcnyas\u0131nda yeni bir soluk getirecek! \ud83c\udfa8\u2728 Bu heyecan verici giri\u015fim, sanatseverler ve potansiyel sanatc\u0131lar i\u00e7in b\u00fcy\u00fck bir f\u0131rsat sunuyor. Hayallerinizi ger\u00e7ekle\u015ftirmek ve yeteneklerinizi geli\u015ftirmek istiyorsan\u0131z, Girne&#8217;de hayata ge\u00e7ecek bu \u00fcniversite tam size g\u00f6re. Sanat alan\u0131nda e\u011fitim almak isteyenler i\u00e7in her t\u00fcrl\u00fc imkan\u0131 sunmay\u0131 ama\u00e7layan bu y\u00f6nelimle, Ark\u0131n her ya\u015ftan sanat\u00e7\u0131 aday\u0131yla dolup ta\u015facak gibi g\u00f6r\u00fcn\u00fcyor.<\/p>\n<h2>Sanat\u0131n G\u00fcc\u00fc ve E\u011fitim<\/h2>\n<p>Sanat, bireyleri ifade etmenin ve yarat\u0131c\u0131l\u0131klar\u0131n\u0131 ke\u015ffetmenin en \u00f6nemli yollar\u0131ndan biri. Girne Sanat \u00dcniversitesi, bu amaca hizmet ederek \u00f6\u011frencilerine \u00e7e\u015fitli sanat disiplinlerinde e\u011fitim vermeyi hedefliyor. Resim, heykel, grafik tasar\u0131m, m\u00fczik ve sahne sanatlar\u0131 gibi bir\u00e7ok alanda e\u011fitim verecek olan \u00fcniversite, \u00f6\u011frencilerine profesyonel sanat\u00e7\u0131lar aras\u0131nda yer alman\u0131n kap\u0131lar\u0131n\u0131 aralayacak. \ud83d\udcda\ud83c\udfad<\/p>\n<h3>Ark\u0131n&#8217;\u0131n Vizyonu<\/h3>\n<p>Kurucu Ark\u0131n, sanat sekt\u00f6r\u00fcne bir\u00e7ok katk\u0131 yapmak i\u00e7in bu \u00fcniversiteyi hayata ge\u00e7irmeyi planlad\u0131. Sanat\u0131n sadece bir hobi de\u011fil, ayn\u0131 zamanda profesyonel bir kariyer olabilece\u011fine inanan Ark\u0131n, burada e\u011fitim g\u00f6recek \u00f6\u011frencilere ilham kayna\u011f\u0131 olmay\u0131 ama\u00e7l\u0131yor. Ger\u00e7ek sanat\u00e7\u0131lar\u0131n yeti\u015fmesi i\u00e7in gereken e\u011fitim ve deneyim ortam\u0131 sa\u011flanacak. \ud83d\udcaa\u2728<\/p>\n<h2>Programlar ve \u0130mkanlar<\/h2>\n<p>Girne Sanat \u00dcniversitesi, geni\u015f bir program yelpazesine sahip olacak.  E\u011fitim s\u00fcresince \u00f6\u011frencilere uygulamal\u0131 dersler, at\u00f6lye \u00e7al\u0131\u015fmalar\u0131 ve sergi f\u0131rsatlar\u0131 sunulacak. G\u00fcn\u00fcm\u00fczde sanat \u00f6\u011frenmek isteyen gen\u00e7ler i\u00e7in hangi dersler ne kadar \u00f6nem ta\u015f\u0131yor? \ud83e\udd14 Bu sorulara cevap vermek ve yeni sanat\u00e7\u0131lar\u0131 desteklemek amac\u0131yla \u00e7al\u0131\u015fma seanslar\u0131 son derece \u00f6nemli hale geliyor. Ark\u0131n, sanat\u0131 desteklemek i\u00e7in \u00f6zel etkinlikler ve paneller d\u00fczenleyerek \u00f6\u011frencilerin kendilerini geli\u015ftirmesine yard\u0131mc\u0131 olacak.<\/p>\n<h3>\u00dcnl\u00fc Sanat\u00e7\u0131lardan Faydalanma F\u0131rsat\u0131<\/h3>\n<p>Girne Sanat \u00dcniversitesi Ark\u0131n, \u00fcnl\u00fc sanat\u00e7\u0131lar\u0131 ve akademisyenleri \u00f6\u011frencilerle bir araya getirerek onlara mentorluk yapma f\u0131rsat\u0131 yaratacak. Bu sayede \u00f6\u011frenciler, alan\u0131ndaki en iyi isimlerden fikir edinme \u015fans\u0131 bulacak. \u0130\u015fte bu, gen\u00e7 sanat\u00e7\u0131lar i\u00e7in harika bir ba\u015flang\u0131\u00e7 noktas\u0131 olacak! \ud83c\udf1f\ud83e\udd1d<\/p>\n<h2>Topluluk ve \u0130\u015fbirlikleri<\/h2>\n<p>\u00dcniversite, sanat\u0131 sadece bir e\u011fitim s\u00fcreci olarak de\u011fil, ayn\u0131 zamanda bir topluluk olu\u015fturma f\u0131rsat\u0131 olarak g\u00f6rmeyi ama\u00e7l\u0131yor. \u00d6\u011frencilerin bir araya gelece\u011fi, fikir al\u0131\u015fveri\u015flerinde bulunaca\u011f\u0131 etkinlikler d\u00fczenlenecek. D\u0131\u015far\u0131dan sanat camias\u0131yla i\u015fbirlikleri yaparak toplulu\u011fa kat\u0131lma \u015fans\u0131 da sa\u011flanacak. B\u00f6ylece, herkesin kendini ifade etme ve sanatla birlikte b\u00fcy\u00fcme f\u0131rsat\u0131 olacak. \ud83c\udf0d\ud83e\udd17<\/p>\n<h3>Gelece\u011fe Bak\u0131\u015f<\/h3>\n<p>Girne Sanat \u00dcniversitesi, sanat alan\u0131nda kariyer yapmak isteyen bir\u00e7ok \u00f6\u011frenciye kap\u0131 a\u00e7acak. Ark\u0131n\u2019\u0131n hayali, \u00e7a\u011fda\u015f sanat e\u011fitimi ile gen\u00e7 yetenekleri destekleyerek sanat d\u00fcnyas\u0131nda \u00f6nemli bir etki yaratmak. Ger\u00e7ekten de, gelece\u011fin Picassolar\u0131 ve Rodinleri bu \u00fcniversitede yeti\u015fecek! \ud83c\udf89\ud83d\udc4f<\/p>\n<h2>S\u0131k\u00e7a Sorulan Sorular (SSS)<\/h2>\n<h3>Girne Sanat \u00dcniversitesi Ark\u0131n&#8217;da hangi b\u00f6l\u00fcmler mevcut?<\/h3>\n<p>\u00dcniversitede resim, heykel, grafik tasar\u0131m, m\u00fczik ve sahne sanatlar\u0131 gibi bir\u00e7ok farkl\u0131 b\u00f6l\u00fcm olacak.<\/p>\n<h3>E\u011fitim dili nedir?<\/h3>\n<p>Girne Sanat \u00dcniversitesi, e\u011fitim dilinin hem T\u00fcrk\u00e7e hem de \u0130ngilizce olmas\u0131n\u0131 sa\u011flamay\u0131 planlamaktad\u0131r.<\/p>\n<h3>Ba\u015fvuru s\u00fcreci nas\u0131l i\u015fleyecek?<\/h3>\n<p>\u00d6\u011frenciler, \u00fcniversitenin resmi web sitesi \u00fczerinden ba\u015fvuru yapabilir ve detayl\u0131 bilgi alabilirler.<\/p>\n<h3>\u00dcniversite hangi tarihte a\u00e7\u0131lacak?<\/h3>\n<p>A\u00e7\u0131l\u0131\u015f tarihi hen\u00fcz kesinle\u015fmemi\u015f olmakla birlikte, 2025 y\u0131l\u0131 itibar\u0131yla \u00f6\u011frencilerini kabul etmeye ba\u015flamas\u0131 hedefleniyor.<\/p>\n<h3>Girne Sanat \u00dcniversitesi Ark\u0131n, uluslararas\u0131 anla\u015fmalara sahip olacak m\u0131?<\/h3>\n<p>Evet, \u00fcniversite, sanat alan\u0131nda d\u00fcnya \u00e7ap\u0131nda i\u015fbirlikleri geli\u015ftirmeyi planl\u0131yor.<\/p>\n","protected":false},"excerpt":{"rendered":"<p>Girne Sanat \u00dcniversitesi Ark\u0131n, sanat\u0131n zengin d\u00fcnyas\u0131nda yeni bir soluk getirecek! \ud83c\udfa8\u2728 Bu heyecan verici giri\u015fim, sanatseverler ve potansiyel sanatc\u0131lar i\u00e7in b\u00fcy\u00fck bir f\u0131rsat sunuyor. Hayallerinizi ger\u00e7ekle\u015ftirmek ve yeteneklerinizi geli\u015ftirmek istiyorsan\u0131z, Girne&#8217;de hayata ge\u00e7ecek bu \u00fcniversite tam size g\u00f6re. Sanat alan\u0131nda e\u011fitim almak isteyenler i\u00e7in her t\u00fcrl\u00fc imkan\u0131 sunmay\u0131 ama\u00e7layan bu y\u00f6nelimle, Ark\u0131n her ya\u015ftan&#8230;<\/p>\n","protected":false},"author":1,"featured_media":1483,"comment_status":"open","ping_status":"open","sticky":false,"template":"","format":"standard","meta":{"footnotes":""},"categories":[84],"tags":[],"class_list":["post-1484","post","type-post","status-publish","format-standard","has-post-thumbnail","hentry","category-haber"],"_links":{"self":[{"href":"https:\/\/derstakip.app\/blog\/wp-json\/wp\/v2\/posts\/1484","targetHints":{"allow":["GET"]}}],"collection":[{"href":"https:\/\/derstakip.app\/blog\/wp-json\/wp\/v2\/posts"}],"about":[{"href":"https:\/\/derstakip.app\/blog\/wp-json\/wp\/v2\/types\/post"}],"author":[{"embeddable":true,"href":"https:\/\/derstakip.app\/blog\/wp-json\/wp\/v2\/users\/1"}],"replies":[{"embeddable":true,"href":"https:\/\/derstakip.app\/blog\/wp-json\/wp\/v2\/comments?post=1484"}],"version-history":[{"count":0,"href":"https:\/\/derstakip.app\/blog\/wp-json\/wp\/v2\/posts\/1484\/revisions"}],"wp:featuredmedia":[{"embeddable":true,"href":"https:\/\/derstakip.app\/blog\/wp-json\/wp\/v2\/media\/1483"}],"wp:attachment":[{"href":"https:\/\/derstakip.app\/blog\/wp-json\/wp\/v2\/media?parent=1484"}],"wp:term":[{"taxonomy":"category","embeddable":true,"href":"https:\/\/derstakip.app\/blog\/wp-json\/wp\/v2\/categories?post=1484"},{"taxonomy":"post_tag","embeddable":true,"href":"https:\/\/derstakip.app\/blog\/wp-json\/wp\/v2\/tags?post=1484"}],"curies":[{"name":"wp","href":"https:\/\/api.w.org\/{rel}","templated":true}]}}